{"id":634810,"date":"2026-04-26T16:42:40","date_gmt":"2026-04-26T22:42:40","guid":{"rendered":"https:\/\/www.zunoticia.com\/noticias-de-hidalgo\/?p=634810"},"modified":"2026-04-26T16:42:42","modified_gmt":"2026-04-26T22:42:42","slug":"julio-menchaca-acompana-la-inauguracion-del-tren-buenavista-aifa","status":"publish","type":"post","link":"https:\/\/www.zunoticia.com\/noticias-de-hidalgo\/2026\/04\/26\/julio-menchaca-acompana-la-inauguracion-del-tren-buenavista-aifa\/","title":{"rendered":"Julio Menchaca acompa\u00f1a la inauguraci\u00f3n del tren Buenavista\u2013AIFA"},"content":{"rendered":"<aside class=\"mashsb-container mashsb-main mashsb-stretched\"><div class=\"mashsb-box\"><div class=\"mashsb-count mash-large\" style=\"float:left\"><div class=\"counts mashsbcount\">0<\/div><span class=\"mashsb-sharetext\">SHARES<\/span><\/div><div class=\"mashsb-buttons\"><a class=\"mashicon-facebook mash-large mash-center mashsb-noshadow\" href=\"https:\/\/www.facebook.com\/sharer.php?u=https%3A%2F%2Fwww.zunoticia.com%2Fnoticias-de-hidalgo%2F2026%2F04%2F26%2Fjulio-menchaca-acompana-la-inauguracion-del-tren-buenavista-aifa%2F\" target=\"_top\" rel=\"nofollow\"><span class=\"icon\"><\/span><span class=\"text\">Share<\/span><\/a><a class=\"mashicon-twitter mash-large mash-center mashsb-noshadow\" href=\"https:\/\/twitter.com\/intent\/tweet?text=&amp;url=https:\/\/www.zunoticia.com\/noticias-de-hidalgo\/2026\/04\/26\/julio-menchaca-acompana-la-inauguracion-del-tren-buenavista-aifa\/\" target=\"_top\" rel=\"nofollow\"><span class=\"icon\"><\/span><span class=\"text\">Tweet<\/span><\/a><div class=\"onoffswitch2 mash-large mashsb-noshadow\" style=\"display:none\"><\/div><\/div>\n            <\/div>\n                <div style=\"clear:both\"><\/div><div class=\"mashsb-toggle-container\"><\/div><\/aside>\n            <!-- Share buttons by mashshare.net - Version: 4.0.47-->\n<ul class=\"wp-block-list\">\n<li>El mandatario estatal enfatiz\u00f3 que este proyecto estrat\u00e9gico posiciona a Hidalgo como un eje clave en la recuperaci\u00f3n del sistema ferroviario nacional.<\/li>\n\n\n\n<li>La estaci\u00f3n perteneciente al AIFA llevar\u00e1 el nombre de Clara Krause, esposa del general Felipe \u00c1ngeles, como reconocimiento a sus aportaciones a la lucha revolucionaria.<\/li>\n<\/ul>\n\n\n\n<p><em>Por Redacci\u00f3n\/Zunoticia<\/em><\/p>\n\n\n\n<p><strong>Pachuca de Soto, Hgo<\/strong><strong>.-<\/strong> El gobernador de Hidalgo, Julio Menchaca Salazar, acompa\u00f1\u00f3 a la presidenta de M\u00e9xico, Claudia Sheinbaum Pardo, en la inauguraci\u00f3n del tren &#8220;Felipe \u00c1ngeles&#8221;, en su ramal Buenavista-AIFA, obra estrat\u00e9gica que fortalece la movilidad en la zona metropolitana del Valle de M\u00e9xico.<\/p>\n\n\n\n<p>Al momento de tomar la palabra, la presidenta Claudia Sheinbaum asever\u00f3 que el poder contar con un sistema de movilidad digno para el pueblo de M\u00e9xico, forma parte de los compromisos de bienestar y prosperidad compartida que promueve la Cuarta Transformaci\u00f3n.<\/p>\n\n\n\n<figure class=\"wp-block-image size-large\"><img fetchpriority=\"high\" decoding=\"async\" width=\"1024\" height=\"682\" src=\"https:\/\/www.zunoticia.com\/noticias-de-hidalgo\/wp-content\/uploads\/2026\/04\/eZy-Watermark_26-04-2026_04-28-04-7080p.m-1024x682.jpg\" alt=\"\" class=\"wp-image-634811\" srcset=\"https:\/\/www.zunoticia.com\/noticias-de-hidalgo\/wp-content\/uploads\/2026\/04\/eZy-Watermark_26-04-2026_04-28-04-7080p.m-1024x682.jpg 1024w, https:\/\/www.zunoticia.com\/noticias-de-hidalgo\/wp-content\/uploads\/2026\/04\/eZy-Watermark_26-04-2026_04-28-04-7080p.m-300x200.jpg 300w, https:\/\/www.zunoticia.com\/noticias-de-hidalgo\/wp-content\/uploads\/2026\/04\/eZy-Watermark_26-04-2026_04-28-04-7080p.m-768x512.jpg 768w, https:\/\/www.zunoticia.com\/noticias-de-hidalgo\/wp-content\/uploads\/2026\/04\/eZy-Watermark_26-04-2026_04-28-04-7080p.m-1536x1023.jpg 1536w, https:\/\/www.zunoticia.com\/noticias-de-hidalgo\/wp-content\/uploads\/2026\/04\/eZy-Watermark_26-04-2026_04-28-04-7080p.m-1568x1045.jpg 1568w, https:\/\/www.zunoticia.com\/noticias-de-hidalgo\/wp-content\/uploads\/2026\/04\/eZy-Watermark_26-04-2026_04-28-04-7080p.m.jpg 1600w\" sizes=\"(max-width: 1024px) 100vw, 1024px\" \/><\/figure>\n\n\n\n<p>\u201cEl que esta l\u00ednea tenga el nombre de Felipe \u00c1ngeles, un distinguido hidalguense, un mexicano que mostr\u00f3 el cari\u00f1o a su patria en el frente de batalla y en representaciones diplom\u00e1ticas es motivo de orgullo para nuestra entidad\u201d, resalt\u00f3 Menchaca Salazar al recordar que estas obras significan un cambio trascendental y la posibilidad de ampliar las inversiones, el desarrollo y el bienestar para las y los hidalguenses.<\/p>\n\n\n\n<p>Durante este acto, en el que tambi\u00e9n estuvieron presentes la jefa de Gobierno de la Ciudad de M\u00e9xico, Clara Brugada Molina, y la gobernadora del Estado de M\u00e9xico, Delfina G\u00f3mez \u00c1lvarez, se destac\u00f3 la relevancia de este proyecto como parte del proceso de recuperaci\u00f3n y fortalecimiento de la red ferroviaria nacional impulsado por el Gobierno de M\u00e9xico.<\/p>\n\n\n\n<figure class=\"wp-block-image size-large\"><img decoding=\"async\" width=\"1024\" height=\"682\" src=\"https:\/\/www.zunoticia.com\/noticias-de-hidalgo\/wp-content\/uploads\/2026\/04\/eZy-Watermark_26-04-2026_04-27-05-6880p.m-1024x682.jpg\" alt=\"\" class=\"wp-image-634814\" srcset=\"https:\/\/www.zunoticia.com\/noticias-de-hidalgo\/wp-content\/uploads\/2026\/04\/eZy-Watermark_26-04-2026_04-27-05-6880p.m-1024x682.jpg 1024w, https:\/\/www.zunoticia.com\/noticias-de-hidalgo\/wp-content\/uploads\/2026\/04\/eZy-Watermark_26-04-2026_04-27-05-6880p.m-300x200.jpg 300w, https:\/\/www.zunoticia.com\/noticias-de-hidalgo\/wp-content\/uploads\/2026\/04\/eZy-Watermark_26-04-2026_04-27-05-6880p.m-768x512.jpg 768w, https:\/\/www.zunoticia.com\/noticias-de-hidalgo\/wp-content\/uploads\/2026\/04\/eZy-Watermark_26-04-2026_04-27-05-6880p.m-1536x1023.jpg 1536w, https:\/\/www.zunoticia.com\/noticias-de-hidalgo\/wp-content\/uploads\/2026\/04\/eZy-Watermark_26-04-2026_04-27-05-6880p.m-1568x1045.jpg 1568w, https:\/\/www.zunoticia.com\/noticias-de-hidalgo\/wp-content\/uploads\/2026\/04\/eZy-Watermark_26-04-2026_04-27-05-6880p.m.jpg 1600w\" sizes=\"(max-width: 1024px) 100vw, 1024px\" \/><\/figure>\n\n\n\n<p>El mandatario hidalguense refrend\u00f3 su respaldo a la presidenta, a su gobierno y a la estrategia nacional de movilidad, al se\u00f1alar que este tipo de obras representan un paso firme hacia un sistema de transporte m\u00e1s eficiente, accesible y sustentable para millones de personas.<\/p>\n\n\n\n<p>El tren Buenavista\u2013Aeropuerto Internacional Felipe \u00c1ngeles inici\u00f3 operaciones a trav\u00e9s de una v\u00eda de 41 kil\u00f3metros con tarifas accesibles de 11.50 pesos en trayectos cortos y 45 pesos en recorrido completo, durante su primer mes, lo que permitir\u00e1 acercar este servicio a un mayor n\u00famero de personas usuarias.<\/p>\n\n\n\n<figure class=\"wp-block-image size-large\"><img decoding=\"async\" width=\"1024\" height=\"685\" src=\"https:\/\/www.zunoticia.com\/noticias-de-hidalgo\/wp-content\/uploads\/2026\/04\/eZy-Watermark_26-04-2026_04-27-43-5150p.m-1024x685.jpg\" alt=\"\" class=\"wp-image-634815\" srcset=\"https:\/\/www.zunoticia.com\/noticias-de-hidalgo\/wp-content\/uploads\/2026\/04\/eZy-Watermark_26-04-2026_04-27-43-5150p.m-1024x685.jpg 1024w, https:\/\/www.zunoticia.com\/noticias-de-hidalgo\/wp-content\/uploads\/2026\/04\/eZy-Watermark_26-04-2026_04-27-43-5150p.m-300x201.jpg 300w, https:\/\/www.zunoticia.com\/noticias-de-hidalgo\/wp-content\/uploads\/2026\/04\/eZy-Watermark_26-04-2026_04-27-43-5150p.m-768x513.jpg 768w, https:\/\/www.zunoticia.com\/noticias-de-hidalgo\/wp-content\/uploads\/2026\/04\/eZy-Watermark_26-04-2026_04-27-43-5150p.m.jpg 1460w\" sizes=\"(max-width: 1024px) 100vw, 1024px\" \/><\/figure>\n\n\n\n<p>Con estas acciones, el Gobierno de Hidalgo reafirma su compromiso de trabajar de manera coordinada con la federaci\u00f3n para impulsar proyectos que potencien la conectividad, el desarrollo econ\u00f3mico y la proyecci\u00f3n de la entidad a nivel nacional, posicionando a Hidalgo como un nodo estrat\u00e9gico dentro del sistema ferroviario del pa\u00eds.<\/p>\n\n\n\n<figure class=\"wp-block-image size-large\"><img loading=\"lazy\" decoding=\"async\" width=\"1024\" height=\"682\" src=\"https:\/\/www.zunoticia.com\/noticias-de-hidalgo\/wp-content\/uploads\/2026\/04\/eZy-Watermark_26-04-2026_04-26-37-5080p.m-1024x682.jpg\" alt=\"\" class=\"wp-image-634812\" srcset=\"https:\/\/www.zunoticia.com\/noticias-de-hidalgo\/wp-content\/uploads\/2026\/04\/eZy-Watermark_26-04-2026_04-26-37-5080p.m-1024x682.jpg 1024w, https:\/\/www.zunoticia.com\/noticias-de-hidalgo\/wp-content\/uploads\/2026\/04\/eZy-Watermark_26-04-2026_04-26-37-5080p.m-300x200.jpg 300w, https:\/\/www.zunoticia.com\/noticias-de-hidalgo\/wp-content\/uploads\/2026\/04\/eZy-Watermark_26-04-2026_04-26-37-5080p.m-768x512.jpg 768w, https:\/\/www.zunoticia.com\/noticias-de-hidalgo\/wp-content\/uploads\/2026\/04\/eZy-Watermark_26-04-2026_04-26-37-5080p.m-1536x1023.jpg 1536w, https:\/\/www.zunoticia.com\/noticias-de-hidalgo\/wp-content\/uploads\/2026\/04\/eZy-Watermark_26-04-2026_04-26-37-5080p.m-1568x1045.jpg 1568w, https:\/\/www.zunoticia.com\/noticias-de-hidalgo\/wp-content\/uploads\/2026\/04\/eZy-Watermark_26-04-2026_04-26-37-5080p.m.jpg 1600w\" sizes=\"(max-width: 1024px) 100vw, 1024px\" \/><\/figure>\n","protected":false},"excerpt":{"rendered":"<p>Por Redacci\u00f3n\/Zunoticia Pachuca de Soto, Hgo.- El gobernador de Hidalgo, Julio Menchaca Salazar, acompa\u00f1\u00f3 a la presidenta de M\u00e9xico, Claudia Sheinbaum Pardo, en la inauguraci\u00f3n del tren &#8220;Felipe \u00c1ngeles&#8221;, en su ramal Buenavista-AIFA, obra estrat\u00e9gica que fortalece la movilidad en la zona metropolitana del Valle de M\u00e9xico. Al momento de tomar la palabra, la presidenta&hellip; <a class=\"more-link\" href=\"https:\/\/www.zunoticia.com\/noticias-de-hidalgo\/2026\/04\/26\/julio-menchaca-acompana-la-inauguracion-del-tren-buenavista-aifa\/\">Seguir leyendo <span class=\"screen-reader-text\">Julio Menchaca acompa\u00f1a la inauguraci\u00f3n del tren Buenavista\u2013AIFA<\/span><\/a><\/p>\n","protected":false},"author":12,"featured_media":634813,"comment_status":"open","ping_status":"open","sticky":false,"template":"","format":"standard","meta":{"rop_custom_images_group":[],"rop_custom_messages_group":[],"rop_publish_now":"initial","rop_publish_now_accounts":{"facebook_10159540855086992_322828327761733":""},"rop_publish_now_history":[],"rop_publish_now_status":"pending","footnotes":""},"categories":[208],"tags":[214],"class_list":["post-634810","post","type-post","status-publish","format-standard","has-post-thumbnail","hentry","category-estado","tag-estado","entry"],"_links":{"self":[{"href":"https:\/\/www.zunoticia.com\/noticias-de-hidalgo\/wp-json\/wp\/v2\/posts\/634810","targetHints":{"allow":["GET"]}}],"collection":[{"href":"https:\/\/www.zunoticia.com\/noticias-de-hidalgo\/wp-json\/wp\/v2\/posts"}],"about":[{"href":"https:\/\/www.zunoticia.com\/noticias-de-hidalgo\/wp-json\/wp\/v2\/types\/post"}],"author":[{"embeddable":true,"href":"https:\/\/www.zunoticia.com\/noticias-de-hidalgo\/wp-json\/wp\/v2\/users\/12"}],"replies":[{"embeddable":true,"href":"https:\/\/www.zunoticia.com\/noticias-de-hidalgo\/wp-json\/wp\/v2\/comments?post=634810"}],"version-history":[{"count":1,"href":"https:\/\/www.zunoticia.com\/noticias-de-hidalgo\/wp-json\/wp\/v2\/posts\/634810\/revisions"}],"predecessor-version":[{"id":634816,"href":"https:\/\/www.zunoticia.com\/noticias-de-hidalgo\/wp-json\/wp\/v2\/posts\/634810\/revisions\/634816"}],"wp:featuredmedia":[{"embeddable":true,"href":"https:\/\/www.zunoticia.com\/noticias-de-hidalgo\/wp-json\/wp\/v2\/media\/634813"}],"wp:attachment":[{"href":"https:\/\/www.zunoticia.com\/noticias-de-hidalgo\/wp-json\/wp\/v2\/media?parent=634810"}],"wp:term":[{"taxonomy":"category","embeddable":true,"href":"https:\/\/www.zunoticia.com\/noticias-de-hidalgo\/wp-json\/wp\/v2\/categories?post=634810"},{"taxonomy":"post_tag","embeddable":true,"href":"https:\/\/www.zunoticia.com\/noticias-de-hidalgo\/wp-json\/wp\/v2\/tags?post=634810"}],"curies":[{"name":"wp","href":"https:\/\/api.w.org\/{rel}","templated":true}]}}