{"id":634817,"date":"2026-04-26T17:11:28","date_gmt":"2026-04-26T23:11:28","guid":{"rendered":"https:\/\/www.zunoticia.com\/noticias-de-hidalgo\/?p=634817"},"modified":"2026-04-26T17:11:30","modified_gmt":"2026-04-26T23:11:30","slug":"cronista-rememora-fatal-accidente-aereo-donde-perdio-la-vida-don-arturo-herrera-cabanas","status":"publish","type":"post","link":"https:\/\/www.zunoticia.com\/noticias-de-hidalgo\/2026\/04\/26\/cronista-rememora-fatal-accidente-aereo-donde-perdio-la-vida-don-arturo-herrera-cabanas\/","title":{"rendered":"Cronista rememora fatal accidente a\u00e9reo, donde perdi\u00f3 la vida don Arturo Herrera Caba\u00f1as"},"content":{"rendered":"<aside class=\"mashsb-container mashsb-main mashsb-stretched\"><div class=\"mashsb-box\"><div class=\"mashsb-count mash-large\" style=\"float:left\"><div class=\"counts mashsbcount\">0<\/div><span class=\"mashsb-sharetext\">SHARES<\/span><\/div><div class=\"mashsb-buttons\"><a class=\"mashicon-facebook mash-large mash-center mashsb-noshadow\" href=\"https:\/\/www.facebook.com\/sharer.php?u=https%3A%2F%2Fwww.zunoticia.com%2Fnoticias-de-hidalgo%2F2026%2F04%2F26%2Fcronista-rememora-fatal-accidente-aereo-donde-perdio-la-vida-don-arturo-herrera-cabanas%2F\" target=\"_top\" rel=\"nofollow\"><span class=\"icon\"><\/span><span class=\"text\">Share<\/span><\/a><a class=\"mashicon-twitter mash-large mash-center mashsb-noshadow\" href=\"https:\/\/twitter.com\/intent\/tweet?text=&amp;url=https:\/\/www.zunoticia.com\/noticias-de-hidalgo\/2026\/04\/26\/cronista-rememora-fatal-accidente-aereo-donde-perdio-la-vida-don-arturo-herrera-cabanas\/\" target=\"_top\" rel=\"nofollow\"><span class=\"icon\"><\/span><span class=\"text\">Tweet<\/span><\/a><div class=\"onoffswitch2 mash-large mashsb-noshadow\" style=\"display:none\"><\/div><\/div>\n            <\/div>\n                <div style=\"clear:both\"><\/div><div class=\"mashsb-toggle-container\"><\/div><\/aside>\n            <!-- Share buttons by mashshare.net - Version: 4.0.47-->\n<p><em>Por Salvador Altamirano\/Zunoticia<\/em><\/p>\n\n\n\n<p><strong>Huejutla, Hgo.-<\/strong> Vicente Lara Azuara, integrante del &#8220;Consejo Huejutlense de la Cr\u00f3nica&#8221;, rememor\u00f3 que el 30 de abril de 1994, hace 32 a\u00f1os, falleci\u00f3 en un accidente a\u00e9reo, en esta poblaci\u00f3n, el entonces Secretario de Cultura del Estado de Hidalgo, Arturo Herrera Caba\u00f1as.<\/p>\n\n\n\n<p>Explic\u00f3 que, en aquel entonces Huejutla era un pueblo un poco peque\u00f1o, a donde el se\u00f1or Herrera Caba\u00f1as ven\u00eda a una gira de trabajo, pero hubo una falla en la avioneta en que viajaba y no pudieron aterrizar, desplom\u00e1ndose en las inmediaciones del CENDI No 2.<\/p>\n\n\n\n<p>Subray\u00f3 que, fue una p\u00e9rdida tremenda, de un hombre muy estudioso de los procesos campesinos de los a\u00f1os 80, conocidos como las invasiones, era un hombre preocupado en la preservaci\u00f3n de los ecosistemas y que quiso mucho a la Huasteca y que aqu\u00ed falleci\u00f3, lamentablemente.<\/p>\n\n\n\n<figure class=\"wp-block-image size-large\"><img fetchpriority=\"high\" decoding=\"async\" width=\"1024\" height=\"768\" src=\"https:\/\/www.zunoticia.com\/noticias-de-hidalgo\/wp-content\/uploads\/2026\/04\/eZy-Watermark_26-04-2026_02-23-24-3000p.m-1024x768.jpg\" alt=\"\" class=\"wp-image-634818\" srcset=\"https:\/\/www.zunoticia.com\/noticias-de-hidalgo\/wp-content\/uploads\/2026\/04\/eZy-Watermark_26-04-2026_02-23-24-3000p.m-1024x768.jpg 1024w, https:\/\/www.zunoticia.com\/noticias-de-hidalgo\/wp-content\/uploads\/2026\/04\/eZy-Watermark_26-04-2026_02-23-24-3000p.m-300x225.jpg 300w, https:\/\/www.zunoticia.com\/noticias-de-hidalgo\/wp-content\/uploads\/2026\/04\/eZy-Watermark_26-04-2026_02-23-24-3000p.m-768x576.jpg 768w, https:\/\/www.zunoticia.com\/noticias-de-hidalgo\/wp-content\/uploads\/2026\/04\/eZy-Watermark_26-04-2026_02-23-24-3000p.m-1536x1152.jpg 1536w, https:\/\/www.zunoticia.com\/noticias-de-hidalgo\/wp-content\/uploads\/2026\/04\/eZy-Watermark_26-04-2026_02-23-24-3000p.m-1568x1176.jpg 1568w, https:\/\/www.zunoticia.com\/noticias-de-hidalgo\/wp-content\/uploads\/2026\/04\/eZy-Watermark_26-04-2026_02-23-24-3000p.m.jpg 1600w\" sizes=\"(max-width: 1024px) 100vw, 1024px\" \/><\/figure>\n\n\n\n<p>Rememor\u00f3 que en esa fecha del accidente, que fue conocido como el avionazo, la pista a\u00e9rea estaba siendo desmantelada, con el pretexto de que Huejutla hab\u00eda crecido tanto y una pista de aterrizaje era peligrosa, que podr\u00eda ocurrir alg\u00fan accidente, por lo que el espacio fue donado para la construcci\u00f3n de un mercado, que no se termin\u00f3, y casas habitaci\u00f3n, sin ninguna explicaci\u00f3n a la ciudadan\u00eda.<\/p>\n\n\n\n<p>Para finalizar, Lara Azuara coment\u00f3 que fue en el periodo de gobierno de la maestra Mar\u00eda del Carmen Lara Garc\u00eda, cuando Huejutla perdi\u00f3 para siempre su hermosa pista a\u00e9rea, que tanto benefici\u00f3 a los huastecos, la cual recuerdan con nostalgia los que eran ni\u00f1os, quienes corr\u00edan para ver descender a los aviones y los que ahora rondan los 80 a\u00f1os, deben de recordar c\u00f3mo se ve\u00eda Huejutla desde el aire.<\/p>\n","protected":false},"excerpt":{"rendered":"<p>Por Salvador Altamirano\/Zunoticia Huejutla, Hgo.- Vicente Lara Azuara, integrante del &#8220;Consejo Huejutlense de la Cr\u00f3nica&#8221;, rememor\u00f3 que el 30 de abril de 1994, hace 32 a\u00f1os, falleci\u00f3 en un accidente a\u00e9reo, en esta poblaci\u00f3n, el entonces Secretario de Cultura del Estado de Hidalgo, Arturo Herrera Caba\u00f1as. Explic\u00f3 que, en aquel entonces Huejutla era un pueblo&hellip; <a class=\"more-link\" href=\"https:\/\/www.zunoticia.com\/noticias-de-hidalgo\/2026\/04\/26\/cronista-rememora-fatal-accidente-aereo-donde-perdio-la-vida-don-arturo-herrera-cabanas\/\">Seguir leyendo <span class=\"screen-reader-text\">Cronista rememora fatal accidente a\u00e9reo, donde perdi\u00f3 la vida don Arturo Herrera Caba\u00f1as<\/span><\/a><\/p>\n","protected":false},"author":12,"featured_media":634819,"comment_status":"open","ping_status":"open","sticky":false,"template":"","format":"standard","meta":{"rop_custom_images_group":[],"rop_custom_messages_group":[],"rop_publish_now":"initial","rop_publish_now_accounts":{"facebook_10159540855086992_322828327761733":""},"rop_publish_now_history":[],"rop_publish_now_status":"pending","footnotes":""},"categories":[181],"tags":[121],"class_list":["post-634817","post","type-post","status-publish","format-standard","has-post-thumbnail","hentry","category-huejutla","tag-huejutla","entry"],"_links":{"self":[{"href":"https:\/\/www.zunoticia.com\/noticias-de-hidalgo\/wp-json\/wp\/v2\/posts\/634817","targetHints":{"allow":["GET"]}}],"collection":[{"href":"https:\/\/www.zunoticia.com\/noticias-de-hidalgo\/wp-json\/wp\/v2\/posts"}],"about":[{"href":"https:\/\/www.zunoticia.com\/noticias-de-hidalgo\/wp-json\/wp\/v2\/types\/post"}],"author":[{"embeddable":true,"href":"https:\/\/www.zunoticia.com\/noticias-de-hidalgo\/wp-json\/wp\/v2\/users\/12"}],"replies":[{"embeddable":true,"href":"https:\/\/www.zunoticia.com\/noticias-de-hidalgo\/wp-json\/wp\/v2\/comments?post=634817"}],"version-history":[{"count":1,"href":"https:\/\/www.zunoticia.com\/noticias-de-hidalgo\/wp-json\/wp\/v2\/posts\/634817\/revisions"}],"predecessor-version":[{"id":634820,"href":"https:\/\/www.zunoticia.com\/noticias-de-hidalgo\/wp-json\/wp\/v2\/posts\/634817\/revisions\/634820"}],"wp:featuredmedia":[{"embeddable":true,"href":"https:\/\/www.zunoticia.com\/noticias-de-hidalgo\/wp-json\/wp\/v2\/media\/634819"}],"wp:attachment":[{"href":"https:\/\/www.zunoticia.com\/noticias-de-hidalgo\/wp-json\/wp\/v2\/media?parent=634817"}],"wp:term":[{"taxonomy":"category","embeddable":true,"href":"https:\/\/www.zunoticia.com\/noticias-de-hidalgo\/wp-json\/wp\/v2\/categories?post=634817"},{"taxonomy":"post_tag","embeddable":true,"href":"https:\/\/www.zunoticia.com\/noticias-de-hidalgo\/wp-json\/wp\/v2\/tags?post=634817"}],"curies":[{"name":"wp","href":"https:\/\/api.w.org\/{rel}","templated":true}]}}