{"id":634830,"date":"2026-04-26T17:44:14","date_gmt":"2026-04-26T23:44:14","guid":{"rendered":"https:\/\/www.zunoticia.com\/noticias-de-hidalgo\/?p=634830"},"modified":"2026-04-26T17:44:16","modified_gmt":"2026-04-26T23:44:16","slug":"hidalgo-invitado-de-honor-en-la-famex-2027","status":"publish","type":"post","link":"https:\/\/www.zunoticia.com\/noticias-de-hidalgo\/2026\/04\/26\/hidalgo-invitado-de-honor-en-la-famex-2027\/","title":{"rendered":"Hidalgo, invitado de honor en la FAMEX 2027"},"content":{"rendered":"<aside class=\"mashsb-container mashsb-main mashsb-stretched\"><div class=\"mashsb-box\"><div class=\"mashsb-count mash-large\" style=\"float:left\"><div class=\"counts mashsbcount\">0<\/div><span class=\"mashsb-sharetext\">SHARES<\/span><\/div><div class=\"mashsb-buttons\"><a class=\"mashicon-facebook mash-large mash-center mashsb-noshadow\" href=\"https:\/\/www.facebook.com\/sharer.php?u=https%3A%2F%2Fwww.zunoticia.com%2Fnoticias-de-hidalgo%2F2026%2F04%2F26%2Fhidalgo-invitado-de-honor-en-la-famex-2027%2F\" target=\"_top\" rel=\"nofollow\"><span class=\"icon\"><\/span><span class=\"text\">Share<\/span><\/a><a class=\"mashicon-twitter mash-large mash-center mashsb-noshadow\" href=\"https:\/\/twitter.com\/intent\/tweet?text=&amp;url=https:\/\/www.zunoticia.com\/noticias-de-hidalgo\/2026\/04\/26\/hidalgo-invitado-de-honor-en-la-famex-2027\/\" target=\"_top\" rel=\"nofollow\"><span class=\"icon\"><\/span><span class=\"text\">Tweet<\/span><\/a><div class=\"onoffswitch2 mash-large mashsb-noshadow\" style=\"display:none\"><\/div><\/div>\n            <\/div>\n                <div style=\"clear:both\"><\/div><div class=\"mashsb-toggle-container\"><\/div><\/aside>\n            <!-- Share buttons by mashshare.net - Version: 4.0.47-->\n<ul class=\"wp-block-list\">\n<li>El estado se consolida como potencia en la industria aeroespacial global.<\/li>\n<\/ul>\n\n\n\n<p><em>Por Redacci\u00f3n\/Zunoticia<\/em><\/p>\n\n\n\n<p><strong>Tulum, Quintana Roo.-<\/strong> En un hecho sin precedentes que proyecta al estado hacia las ligas mayores de la tecnolog\u00eda global, Hidalgo fue nombrado oficialmente Estado Mexicano Invitado de Honor para la Feria Aeroespacial Mexicana (FAMEX) 2027.<\/p>\n\n\n\n<p>Este anuncio, realizado en el marco del \u201cEspect\u00e1culo A\u00e9reo Tulum 2026\u201d, en Quintana Roo, ratifica el \u00e9xito de las pol\u00edticas p\u00fablicas del gobernador Julio Menchaca Salazar para transformar a la entidad en un polo estrat\u00e9gico de innovaci\u00f3n y manufactura avanzada.<\/p>\n\n\n\n<figure class=\"wp-block-image size-large\"><img fetchpriority=\"high\" decoding=\"async\" width=\"1024\" height=\"576\" src=\"https:\/\/www.zunoticia.com\/noticias-de-hidalgo\/wp-content\/uploads\/2026\/04\/eZy-Watermark_26-04-2026_04-24-11-7350p.m-1024x576.jpg\" alt=\"\" class=\"wp-image-634827\" srcset=\"https:\/\/www.zunoticia.com\/noticias-de-hidalgo\/wp-content\/uploads\/2026\/04\/eZy-Watermark_26-04-2026_04-24-11-7350p.m-1024x576.jpg 1024w, https:\/\/www.zunoticia.com\/noticias-de-hidalgo\/wp-content\/uploads\/2026\/04\/eZy-Watermark_26-04-2026_04-24-11-7350p.m-300x169.jpg 300w, https:\/\/www.zunoticia.com\/noticias-de-hidalgo\/wp-content\/uploads\/2026\/04\/eZy-Watermark_26-04-2026_04-24-11-7350p.m-768x432.jpg 768w, https:\/\/www.zunoticia.com\/noticias-de-hidalgo\/wp-content\/uploads\/2026\/04\/eZy-Watermark_26-04-2026_04-24-11-7350p.m-1536x864.jpg 1536w, https:\/\/www.zunoticia.com\/noticias-de-hidalgo\/wp-content\/uploads\/2026\/04\/eZy-Watermark_26-04-2026_04-24-11-7350p.m-1568x882.jpg 1568w, https:\/\/www.zunoticia.com\/noticias-de-hidalgo\/wp-content\/uploads\/2026\/04\/eZy-Watermark_26-04-2026_04-24-11-7350p.m.jpg 1600w\" sizes=\"(max-width: 1024px) 100vw, 1024px\" \/><\/figure>\n\n\n\n<p>En representaci\u00f3n del mandatario estatal, el secretario de Desarrollo Econ\u00f3mico, Carlos Henkel Escorza, recibi\u00f3 esta distinci\u00f3n que coloca a Hidalgo en el epicentro de uno de los sectores m\u00e1s din\u00e1micos del mundo.<\/p>\n\n\n\n<p>Subray\u00f3 que este logro es resultado directo de la visi\u00f3n del gobernador para capitalizar la ubicaci\u00f3n geogr\u00e1fica del estado y convertirla en una ventaja competitiva de talla internacional, impulsando el desarrollo tecnol\u00f3gico y la atracci\u00f3n de inversiones de alta especialidad.<\/p>\n\n\n\n<p>Hidalgo compartir\u00e1 el escenario de honor en la 7\u00aa edici\u00f3n de la FAMEX junto a Italia, pa\u00eds invitado, lo que representa una oportunidad hist\u00f3rica para vincular a las industrias y universidades hidalguenses con los mercados globales.<\/p>\n\n\n\n<figure class=\"wp-block-image size-large\"><img decoding=\"async\" width=\"1024\" height=\"768\" src=\"https:\/\/www.zunoticia.com\/noticias-de-hidalgo\/wp-content\/uploads\/2026\/04\/eZy-Watermark_26-04-2026_04-24-41-1620p.m-1024x768.jpg\" alt=\"\" class=\"wp-image-634826\" srcset=\"https:\/\/www.zunoticia.com\/noticias-de-hidalgo\/wp-content\/uploads\/2026\/04\/eZy-Watermark_26-04-2026_04-24-41-1620p.m-1024x768.jpg 1024w, https:\/\/www.zunoticia.com\/noticias-de-hidalgo\/wp-content\/uploads\/2026\/04\/eZy-Watermark_26-04-2026_04-24-41-1620p.m-300x225.jpg 300w, https:\/\/www.zunoticia.com\/noticias-de-hidalgo\/wp-content\/uploads\/2026\/04\/eZy-Watermark_26-04-2026_04-24-41-1620p.m-768x576.jpg 768w, https:\/\/www.zunoticia.com\/noticias-de-hidalgo\/wp-content\/uploads\/2026\/04\/eZy-Watermark_26-04-2026_04-24-41-1620p.m-1536x1152.jpg 1536w, https:\/\/www.zunoticia.com\/noticias-de-hidalgo\/wp-content\/uploads\/2026\/04\/eZy-Watermark_26-04-2026_04-24-41-1620p.m-1568x1176.jpg 1568w, https:\/\/www.zunoticia.com\/noticias-de-hidalgo\/wp-content\/uploads\/2026\/04\/eZy-Watermark_26-04-2026_04-24-41-1620p.m.jpg 1600w\" sizes=\"(max-width: 1024px) 100vw, 1024px\" \/><\/figure>\n\n\n\n<p>La estrategia del gobierno del estado busca que esta plataforma trascienda lo econ\u00f3mico, promoviendo una agenda com\u00fan que fomente la prosperidad compartida y el intercambio de conocimiento t\u00e9cnico en beneficio de las juventudes hidalguenses.<\/p>\n\n\n\n<p>\u201cEsta designaci\u00f3n demuestra que Hidalgo est\u00e1 a la altura de eventos de talla internacional que impulsan la inversi\u00f3n en sectores estrat\u00e9gicos para el futuro de M\u00e9xico\u201d, afirm\u00f3 Henkel Escorza.<\/p>\n\n\n\n<p>La consolidaci\u00f3n de Hidalgo como potencia aeroespacial es el fruto del trabajo diario de la actual administraci\u00f3n por atraer empresas de manufactura de alta tecnolog\u00eda y fortalecer la cadena de proveedur\u00eda local. Como miembro activo del Cl\u00faster Aeroespacial Metropolitano, el estado se prepara para recibir este mismo a\u00f1o el Primer Congreso Internacional de Innovaci\u00f3n Aeroespacial, posicionando su liderazgo en la regi\u00f3n centro del pa\u00eds.<\/p>\n\n\n\n<p>El General de Divisi\u00f3n Rom\u00e1n Carmona Landa, comandante de la Fuerza A\u00e9rea Mexicana y representante del Secretario de la Defensa Nacional (SEDENA), Ricardo Trevilla Trejo, reconoci\u00f3 a Hidalgo como un ejemplo de colaboraci\u00f3n nacional y progreso.<\/p>\n\n\n\n<figure class=\"wp-block-image size-large\"><img decoding=\"async\" width=\"1024\" height=\"768\" src=\"https:\/\/www.zunoticia.com\/noticias-de-hidalgo\/wp-content\/uploads\/2026\/04\/eZy-Watermark_26-04-2026_04-23-34-9300p.m-1024x768.jpg\" alt=\"\" class=\"wp-image-634828\" srcset=\"https:\/\/www.zunoticia.com\/noticias-de-hidalgo\/wp-content\/uploads\/2026\/04\/eZy-Watermark_26-04-2026_04-23-34-9300p.m-1024x768.jpg 1024w, https:\/\/www.zunoticia.com\/noticias-de-hidalgo\/wp-content\/uploads\/2026\/04\/eZy-Watermark_26-04-2026_04-23-34-9300p.m-300x225.jpg 300w, https:\/\/www.zunoticia.com\/noticias-de-hidalgo\/wp-content\/uploads\/2026\/04\/eZy-Watermark_26-04-2026_04-23-34-9300p.m-768x576.jpg 768w, https:\/\/www.zunoticia.com\/noticias-de-hidalgo\/wp-content\/uploads\/2026\/04\/eZy-Watermark_26-04-2026_04-23-34-9300p.m-1536x1152.jpg 1536w, https:\/\/www.zunoticia.com\/noticias-de-hidalgo\/wp-content\/uploads\/2026\/04\/eZy-Watermark_26-04-2026_04-23-34-9300p.m-1568x1176.jpg 1568w, https:\/\/www.zunoticia.com\/noticias-de-hidalgo\/wp-content\/uploads\/2026\/04\/eZy-Watermark_26-04-2026_04-23-34-9300p.m.jpg 1600w\" sizes=\"(max-width: 1024px) 100vw, 1024px\" \/><\/figure>\n\n\n\n<p>Por su parte, el embajador de Italia en M\u00e9xico, Alessandro Modiano, expres\u00f3 su gratitud y disposici\u00f3n para trabajar de la mano con el gobierno de Julio Menchaca en un evento de proyecci\u00f3n internacional que no solo mostrar\u00e1 aviones y cifras, sino el compromiso de un estado que avanza con rumbo claro hacia el futuro.<\/p>\n\n\n\n<p>La Feria Aeroespacial M\u00e9xico (FAMEX) 2027, es el evento del sector m\u00e1s importante de Latinoam\u00e9rica, se celebrar\u00e1 en la Base A\u00e9rea Militar No.&nbsp; 1 de Santa Luc\u00eda, Estado de M\u00e9xico, consolidando su papel en la industria aeroespacial, defensa y seguridad.<\/p>\n","protected":false},"excerpt":{"rendered":"<p>Por Redacci\u00f3n\/Zunoticia Tulum, Quintana Roo.- En un hecho sin precedentes que proyecta al estado hacia las ligas mayores de la tecnolog\u00eda global, Hidalgo fue nombrado oficialmente Estado Mexicano Invitado de Honor para la Feria Aeroespacial Mexicana (FAMEX) 2027. Este anuncio, realizado en el marco del \u201cEspect\u00e1culo A\u00e9reo Tulum 2026\u201d, en Quintana Roo, ratifica el \u00e9xito&hellip; <a class=\"more-link\" href=\"https:\/\/www.zunoticia.com\/noticias-de-hidalgo\/2026\/04\/26\/hidalgo-invitado-de-honor-en-la-famex-2027\/\">Seguir leyendo <span class=\"screen-reader-text\">Hidalgo, invitado de honor en la FAMEX 2027<\/span><\/a><\/p>\n","protected":false},"author":12,"featured_media":634825,"comment_status":"open","ping_status":"open","sticky":false,"template":"","format":"standard","meta":{"rop_custom_images_group":[],"rop_custom_messages_group":[],"rop_publish_now":"initial","rop_publish_now_accounts":{"facebook_10159540855086992_322828327761733":""},"rop_publish_now_history":[],"rop_publish_now_status":"pending","footnotes":""},"categories":[208],"tags":[214],"class_list":["post-634830","post","type-post","status-publish","format-standard","has-post-thumbnail","hentry","category-estado","tag-estado","entry"],"_links":{"self":[{"href":"https:\/\/www.zunoticia.com\/noticias-de-hidalgo\/wp-json\/wp\/v2\/posts\/634830","targetHints":{"allow":["GET"]}}],"collection":[{"href":"https:\/\/www.zunoticia.com\/noticias-de-hidalgo\/wp-json\/wp\/v2\/posts"}],"about":[{"href":"https:\/\/www.zunoticia.com\/noticias-de-hidalgo\/wp-json\/wp\/v2\/types\/post"}],"author":[{"embeddable":true,"href":"https:\/\/www.zunoticia.com\/noticias-de-hidalgo\/wp-json\/wp\/v2\/users\/12"}],"replies":[{"embeddable":true,"href":"https:\/\/www.zunoticia.com\/noticias-de-hidalgo\/wp-json\/wp\/v2\/comments?post=634830"}],"version-history":[{"count":1,"href":"https:\/\/www.zunoticia.com\/noticias-de-hidalgo\/wp-json\/wp\/v2\/posts\/634830\/revisions"}],"predecessor-version":[{"id":634831,"href":"https:\/\/www.zunoticia.com\/noticias-de-hidalgo\/wp-json\/wp\/v2\/posts\/634830\/revisions\/634831"}],"wp:featuredmedia":[{"embeddable":true,"href":"https:\/\/www.zunoticia.com\/noticias-de-hidalgo\/wp-json\/wp\/v2\/media\/634825"}],"wp:attachment":[{"href":"https:\/\/www.zunoticia.com\/noticias-de-hidalgo\/wp-json\/wp\/v2\/media?parent=634830"}],"wp:term":[{"taxonomy":"category","embeddable":true,"href":"https:\/\/www.zunoticia.com\/noticias-de-hidalgo\/wp-json\/wp\/v2\/categories?post=634830"},{"taxonomy":"post_tag","embeddable":true,"href":"https:\/\/www.zunoticia.com\/noticias-de-hidalgo\/wp-json\/wp\/v2\/tags?post=634830"}],"curies":[{"name":"wp","href":"https:\/\/api.w.org\/{rel}","templated":true}]}}