{"id":634868,"date":"2026-04-26T19:19:37","date_gmt":"2026-04-27T01:19:37","guid":{"rendered":"https:\/\/www.zunoticia.com\/noticias-de-hidalgo\/?p=634868"},"modified":"2026-04-26T19:19:39","modified_gmt":"2026-04-27T01:19:39","slug":"hidalgo-participa-en-coloquio-nacional-sobre-educacion-secundaria","status":"publish","type":"post","link":"https:\/\/www.zunoticia.com\/noticias-de-hidalgo\/2026\/04\/26\/hidalgo-participa-en-coloquio-nacional-sobre-educacion-secundaria\/","title":{"rendered":"Hidalgo participa en coloquio nacional sobre educaci\u00f3n secundaria"},"content":{"rendered":"<aside class=\"mashsb-container mashsb-main mashsb-stretched\"><div class=\"mashsb-box\"><div class=\"mashsb-count mash-large\" style=\"float:left\"><div class=\"counts mashsbcount\">0<\/div><span class=\"mashsb-sharetext\">SHARES<\/span><\/div><div class=\"mashsb-buttons\"><a class=\"mashicon-facebook mash-large mash-center mashsb-noshadow\" href=\"https:\/\/www.facebook.com\/sharer.php?u=https%3A%2F%2Fwww.zunoticia.com%2Fnoticias-de-hidalgo%2F2026%2F04%2F26%2Fhidalgo-participa-en-coloquio-nacional-sobre-educacion-secundaria%2F\" target=\"_top\" rel=\"nofollow\"><span class=\"icon\"><\/span><span class=\"text\">Share<\/span><\/a><a class=\"mashicon-twitter mash-large mash-center mashsb-noshadow\" href=\"https:\/\/twitter.com\/intent\/tweet?text=&amp;url=https:\/\/www.zunoticia.com\/noticias-de-hidalgo\/2026\/04\/26\/hidalgo-participa-en-coloquio-nacional-sobre-educacion-secundaria\/\" target=\"_top\" rel=\"nofollow\"><span class=\"icon\"><\/span><span class=\"text\">Tweet<\/span><\/a><div class=\"onoffswitch2 mash-large mashsb-noshadow\" style=\"display:none\"><\/div><\/div>\n            <\/div>\n                <div style=\"clear:both\"><\/div><div class=\"mashsb-toggle-container\"><\/div><\/aside>\n            <!-- Share buttons by mashshare.net - Version: 4.0.47-->\n<ul class=\"wp-block-list\">\n<li>SEPH aport\u00f3 experiencia en mesa sobre expansi\u00f3n de la educaci\u00f3n secundaria.<\/li>\n<\/ul>\n\n\n\n<p><em>Por Redacci\u00f3n\/Zunoticia<\/em><\/p>\n\n\n\n<p><strong>Pachuca de Soto, Hgo<\/strong><strong>.-<\/strong> La Secretar\u00eda de Educaci\u00f3n P\u00fablica de Hidalgo (SEPH) particip\u00f3 en el coloquio nacional \u201c<em>A cien a\u00f1os de acompa\u00f1ar la formaci\u00f3n de las adolescencias mexicanas en las escuelas secundarias<\/em>\u201d, donde se analizaron los retos actuales de este nivel educativo en M\u00e9xico.<\/p>\n\n\n\n<p>El encuentro fue encabezado por el secretario de Educaci\u00f3n P\u00fablica, Mario Delgado Carrillo, y la subsecretaria de Educaci\u00f3n B\u00e1sica, Noem\u00ed Ju\u00e1rez P\u00e9rez, quienes convocaron a autoridades educativas del pa\u00eds a reflexionar sobre la evoluci\u00f3n y los desaf\u00edos de la educaci\u00f3n secundaria.<\/p>\n\n\n\n<p>En representaci\u00f3n del secretario de Educaci\u00f3n P\u00fablica de Hidalgo, Natividad Castrej\u00f3n Valdez, asisti\u00f3 la subsecretaria de Educaci\u00f3n B\u00e1sica, Nancy Adriana Le\u00f3n Vite, acompa\u00f1ada de la directora de Educaci\u00f3n Secundaria T\u00e9cnica, Ofelia Ram\u00edrez Hern\u00e1ndez.<\/p>\n\n\n<div class=\"wp-block-image\">\n<figure class=\"aligncenter size-large\"><img fetchpriority=\"high\" decoding=\"async\" width=\"768\" height=\"1024\" src=\"https:\/\/www.zunoticia.com\/noticias-de-hidalgo\/wp-content\/uploads\/2026\/04\/eZy-Watermark_26-04-2026_06-52-57-1210p.m-768x1024.jpg\" alt=\"\" class=\"wp-image-634858\" srcset=\"https:\/\/www.zunoticia.com\/noticias-de-hidalgo\/wp-content\/uploads\/2026\/04\/eZy-Watermark_26-04-2026_06-52-57-1210p.m-768x1024.jpg 768w, https:\/\/www.zunoticia.com\/noticias-de-hidalgo\/wp-content\/uploads\/2026\/04\/eZy-Watermark_26-04-2026_06-52-57-1210p.m-225x300.jpg 225w, https:\/\/www.zunoticia.com\/noticias-de-hidalgo\/wp-content\/uploads\/2026\/04\/eZy-Watermark_26-04-2026_06-52-57-1210p.m-1152x1536.jpg 1152w, https:\/\/www.zunoticia.com\/noticias-de-hidalgo\/wp-content\/uploads\/2026\/04\/eZy-Watermark_26-04-2026_06-52-57-1210p.m.jpg 1200w\" sizes=\"(max-width: 768px) 100vw, 768px\" \/><\/figure>\n<\/div>\n\n\n<p>Durante el coloquio, Hidalgo particip\u00f3 en la mesa de an\u00e1lisis \u201c<em>La expansi\u00f3n de la escuela secundaria en M\u00e9xico y la conformaci\u00f3n de sus servicios educativos<\/em>\u201d, con la intervenci\u00f3n de Liliana Bass Sol\u00eds, docente de la Escuela Telesecundaria No. 57, y de la estudiante Nally Alvarado.<\/p>\n\n\n\n<p>El evento se realiz\u00f3 con motivo del centenario de la escuela secundaria en M\u00e9xico, como un espacio de di\u00e1logo y reflexi\u00f3n sobre la evoluci\u00f3n de este nivel educativo y los retos que enfrenta en la actualidad.<\/p>\n\n\n\n<p>En este contexto, el secretario de Educaci\u00f3n P\u00fablica, Mario Delgado Carrillo, inform\u00f3 sobre la presentaci\u00f3n de \u201cEl ABC de las emociones\u201d, como parte de la Estrategia Nacional de Atenci\u00f3n a la Salud Mental dirigida a estudiantes de secundaria, mediante la cual se entregar\u00e1n gu\u00edas para fortalecer el acompa\u00f1amiento socioemocional.<\/p>\n","protected":false},"excerpt":{"rendered":"<p>Por Redacci\u00f3n\/Zunoticia Pachuca de Soto, Hgo.- La Secretar\u00eda de Educaci\u00f3n P\u00fablica de Hidalgo (SEPH) particip\u00f3 en el coloquio nacional \u201cA cien a\u00f1os de acompa\u00f1ar la formaci\u00f3n de las adolescencias mexicanas en las escuelas secundarias\u201d, donde se analizaron los retos actuales de este nivel educativo en M\u00e9xico. El encuentro fue encabezado por el secretario de Educaci\u00f3n&hellip; <a class=\"more-link\" href=\"https:\/\/www.zunoticia.com\/noticias-de-hidalgo\/2026\/04\/26\/hidalgo-participa-en-coloquio-nacional-sobre-educacion-secundaria\/\">Seguir leyendo <span class=\"screen-reader-text\">Hidalgo participa en coloquio nacional sobre educaci\u00f3n secundaria<\/span><\/a><\/p>\n","protected":false},"author":12,"featured_media":634859,"comment_status":"open","ping_status":"open","sticky":false,"template":"","format":"standard","meta":{"rop_custom_images_group":[],"rop_custom_messages_group":[],"rop_publish_now":"initial","rop_publish_now_accounts":{"facebook_10159540855086992_322828327761733":""},"rop_publish_now_history":[],"rop_publish_now_status":"pending","footnotes":""},"categories":[208],"tags":[214],"class_list":["post-634868","post","type-post","status-publish","format-standard","has-post-thumbnail","hentry","category-estado","tag-estado","entry"],"_links":{"self":[{"href":"https:\/\/www.zunoticia.com\/noticias-de-hidalgo\/wp-json\/wp\/v2\/posts\/634868","targetHints":{"allow":["GET"]}}],"collection":[{"href":"https:\/\/www.zunoticia.com\/noticias-de-hidalgo\/wp-json\/wp\/v2\/posts"}],"about":[{"href":"https:\/\/www.zunoticia.com\/noticias-de-hidalgo\/wp-json\/wp\/v2\/types\/post"}],"author":[{"embeddable":true,"href":"https:\/\/www.zunoticia.com\/noticias-de-hidalgo\/wp-json\/wp\/v2\/users\/12"}],"replies":[{"embeddable":true,"href":"https:\/\/www.zunoticia.com\/noticias-de-hidalgo\/wp-json\/wp\/v2\/comments?post=634868"}],"version-history":[{"count":1,"href":"https:\/\/www.zunoticia.com\/noticias-de-hidalgo\/wp-json\/wp\/v2\/posts\/634868\/revisions"}],"predecessor-version":[{"id":634869,"href":"https:\/\/www.zunoticia.com\/noticias-de-hidalgo\/wp-json\/wp\/v2\/posts\/634868\/revisions\/634869"}],"wp:featuredmedia":[{"embeddable":true,"href":"https:\/\/www.zunoticia.com\/noticias-de-hidalgo\/wp-json\/wp\/v2\/media\/634859"}],"wp:attachment":[{"href":"https:\/\/www.zunoticia.com\/noticias-de-hidalgo\/wp-json\/wp\/v2\/media?parent=634868"}],"wp:term":[{"taxonomy":"category","embeddable":true,"href":"https:\/\/www.zunoticia.com\/noticias-de-hidalgo\/wp-json\/wp\/v2\/categories?post=634868"},{"taxonomy":"post_tag","embeddable":true,"href":"https:\/\/www.zunoticia.com\/noticias-de-hidalgo\/wp-json\/wp\/v2\/tags?post=634868"}],"curies":[{"name":"wp","href":"https:\/\/api.w.org\/{rel}","templated":true}]}}