{"id":634878,"date":"2026-04-26T19:54:47","date_gmt":"2026-04-27T01:54:47","guid":{"rendered":"https:\/\/www.zunoticia.com\/noticias-de-hidalgo\/?p=634878"},"modified":"2026-04-26T19:54:49","modified_gmt":"2026-04-27T01:54:49","slug":"destacada-participacion-del-cecyteh-coacuilco-en-festival-raices-vivas","status":"publish","type":"post","link":"https:\/\/www.zunoticia.com\/noticias-de-hidalgo\/2026\/04\/26\/destacada-participacion-del-cecyteh-coacuilco-en-festival-raices-vivas\/","title":{"rendered":"Destacada Participaci\u00f3n del CECyTEH Coacuilco en festival &#8220;Ra\u00edces Vivas&#8221;"},"content":{"rendered":"<aside class=\"mashsb-container mashsb-main mashsb-stretched\"><div class=\"mashsb-box\"><div class=\"mashsb-count mash-large\" style=\"float:left\"><div class=\"counts mashsbcount\">0<\/div><span class=\"mashsb-sharetext\">SHARES<\/span><\/div><div class=\"mashsb-buttons\"><a class=\"mashicon-facebook mash-large mash-center mashsb-noshadow\" href=\"https:\/\/www.facebook.com\/sharer.php?u=https%3A%2F%2Fwww.zunoticia.com%2Fnoticias-de-hidalgo%2F2026%2F04%2F26%2Fdestacada-participacion-del-cecyteh-coacuilco-en-festival-raices-vivas%2F\" target=\"_top\" rel=\"nofollow\"><span class=\"icon\"><\/span><span class=\"text\">Share<\/span><\/a><a class=\"mashicon-twitter mash-large mash-center mashsb-noshadow\" href=\"https:\/\/twitter.com\/intent\/tweet?text=&amp;url=https:\/\/www.zunoticia.com\/noticias-de-hidalgo\/2026\/04\/26\/destacada-participacion-del-cecyteh-coacuilco-en-festival-raices-vivas\/\" target=\"_top\" rel=\"nofollow\"><span class=\"icon\"><\/span><span class=\"text\">Tweet<\/span><\/a><div class=\"onoffswitch2 mash-large mashsb-noshadow\" style=\"display:none\"><\/div><\/div>\n            <\/div>\n                <div style=\"clear:both\"><\/div><div class=\"mashsb-toggle-container\"><\/div><\/aside>\n            <!-- Share buttons by mashshare.net - Version: 4.0.47-->\n<p><em>Por Gabriela Hern\u00e1ndez\/Zunoticia<\/em><\/p>\n\n\n\n<p><strong>Huejutla, Hgo.-<\/strong> En el marco del Festival Estatal de Arte, Cultura e Interculturalidad &#8220;Ra\u00edces Vivas 2026&#8221;, realizado en el municipio vecino de Atlapexco, el pasado 23 y 24 de abril, el plantel CECyTEH Coacuilco obtuvo una destacada participaci\u00f3n, obteniendo tres lugares.<\/p>\n\n\n\n<p>La casa de estudios dio su m\u00e1ximo esfuerzo en cada una de las disciplinas, dejando el alma y el coraz\u00f3n en el escenario, gracias a la gu\u00eda y acompa\u00f1amiento de sus docentes, al igual que el apoyo de los directivos y padres de familia, siendo el resultado del trabajo realizado d\u00eda a d\u00eda en las aulas, pr\u00e1cticas y ensayos.<\/p>\n\n\n<div class=\"wp-block-image\">\n<figure class=\"aligncenter size-large\"><img fetchpriority=\"high\" decoding=\"async\" width=\"771\" height=\"1024\" src=\"https:\/\/www.zunoticia.com\/noticias-de-hidalgo\/wp-content\/uploads\/2026\/04\/eZy-Watermark_26-04-2026_04-29-48-3510p.m-771x1024.jpg\" alt=\"\" class=\"wp-image-634840\" srcset=\"https:\/\/www.zunoticia.com\/noticias-de-hidalgo\/wp-content\/uploads\/2026\/04\/eZy-Watermark_26-04-2026_04-29-48-3510p.m-771x1024.jpg 771w, https:\/\/www.zunoticia.com\/noticias-de-hidalgo\/wp-content\/uploads\/2026\/04\/eZy-Watermark_26-04-2026_04-29-48-3510p.m-226x300.jpg 226w, https:\/\/www.zunoticia.com\/noticias-de-hidalgo\/wp-content\/uploads\/2026\/04\/eZy-Watermark_26-04-2026_04-29-48-3510p.m-768x1021.jpg 768w, https:\/\/www.zunoticia.com\/noticias-de-hidalgo\/wp-content\/uploads\/2026\/04\/eZy-Watermark_26-04-2026_04-29-48-3510p.m-1156x1536.jpg 1156w, https:\/\/www.zunoticia.com\/noticias-de-hidalgo\/wp-content\/uploads\/2026\/04\/eZy-Watermark_26-04-2026_04-29-48-3510p.m.jpg 1204w\" sizes=\"(max-width: 771px) 100vw, 771px\" \/><\/figure>\n<\/div>\n\n\n<p>Gracias al compromiso de los estudiantes se obtuvo: 1er Lugar en Oratoria, por el alumno Kendy Agust\u00edn Gallegos; 1er Lugar en Ejecuci\u00f3n de Instrumentos, por la Banda de Viento del Plantel y 2do Lugar en Poes\u00eda Tradicional Oral por la joven Yeni Lizbeth Hern\u00e1ndez Bautista.<\/p>\n\n\n<div class=\"wp-block-image\">\n<figure class=\"aligncenter size-large\"><img decoding=\"async\" width=\"576\" height=\"1024\" src=\"https:\/\/www.zunoticia.com\/noticias-de-hidalgo\/wp-content\/uploads\/2026\/04\/eZy-Watermark_26-04-2026_04-30-25-1910p.m-576x1024.jpg\" alt=\"\" class=\"wp-image-634838\" srcset=\"https:\/\/www.zunoticia.com\/noticias-de-hidalgo\/wp-content\/uploads\/2026\/04\/eZy-Watermark_26-04-2026_04-30-25-1910p.m-576x1024.jpg 576w, https:\/\/www.zunoticia.com\/noticias-de-hidalgo\/wp-content\/uploads\/2026\/04\/eZy-Watermark_26-04-2026_04-30-25-1910p.m-169x300.jpg 169w, https:\/\/www.zunoticia.com\/noticias-de-hidalgo\/wp-content\/uploads\/2026\/04\/eZy-Watermark_26-04-2026_04-30-25-1910p.m-768x1365.jpg 768w, https:\/\/www.zunoticia.com\/noticias-de-hidalgo\/wp-content\/uploads\/2026\/04\/eZy-Watermark_26-04-2026_04-30-25-1910p.m-864x1536.jpg 864w, https:\/\/www.zunoticia.com\/noticias-de-hidalgo\/wp-content\/uploads\/2026\/04\/eZy-Watermark_26-04-2026_04-30-25-1910p.m.jpg 900w\" sizes=\"(max-width: 576px) 100vw, 576px\" \/><\/figure>\n<\/div>\n\n\n<p>Cada participaci\u00f3n fue una historia de disciplina, de horas de preparaci\u00f3n, de nervios convertidos en fuerza y de sue\u00f1os que hoy comienzan a tomar forma.<\/p>\n\n\n\n<p>La direcci\u00f3n del plantel, expreso su m\u00e1s profundo agradecimiento, felicitaci\u00f3n y admiraci\u00f3n a quienes hicieron posible estos grandes logros, reflejando el trabajo en equipo, el acompa\u00f1amiento de sus asesores y de toda la comunidad estudiantil, poniendo en alto al plantel Coacuilco.<\/p>\n","protected":false},"excerpt":{"rendered":"<p>Por Gabriela Hern\u00e1ndez\/Zunoticia Huejutla, Hgo.- En el marco del Festival Estatal de Arte, Cultura e Interculturalidad &#8220;Ra\u00edces Vivas 2026&#8221;, realizado en el municipio vecino de Atlapexco, el pasado 23 y 24 de abril, el plantel CECyTEH Coacuilco obtuvo una destacada participaci\u00f3n, obteniendo tres lugares. La casa de estudios dio su m\u00e1ximo esfuerzo en cada una&hellip; <a class=\"more-link\" href=\"https:\/\/www.zunoticia.com\/noticias-de-hidalgo\/2026\/04\/26\/destacada-participacion-del-cecyteh-coacuilco-en-festival-raices-vivas\/\">Seguir leyendo <span class=\"screen-reader-text\">Destacada Participaci\u00f3n del CECyTEH Coacuilco en festival &#8220;Ra\u00edces Vivas&#8221;<\/span><\/a><\/p>\n","protected":false},"author":12,"featured_media":634839,"comment_status":"open","ping_status":"open","sticky":false,"template":"","format":"standard","meta":{"rop_custom_images_group":[],"rop_custom_messages_group":[],"rop_publish_now":"initial","rop_publish_now_accounts":{"facebook_10159540855086992_322828327761733":""},"rop_publish_now_history":[],"rop_publish_now_status":"pending","footnotes":""},"categories":[181],"tags":[121],"class_list":["post-634878","post","type-post","status-publish","format-standard","has-post-thumbnail","hentry","category-huejutla","tag-huejutla","entry"],"_links":{"self":[{"href":"https:\/\/www.zunoticia.com\/noticias-de-hidalgo\/wp-json\/wp\/v2\/posts\/634878","targetHints":{"allow":["GET"]}}],"collection":[{"href":"https:\/\/www.zunoticia.com\/noticias-de-hidalgo\/wp-json\/wp\/v2\/posts"}],"about":[{"href":"https:\/\/www.zunoticia.com\/noticias-de-hidalgo\/wp-json\/wp\/v2\/types\/post"}],"author":[{"embeddable":true,"href":"https:\/\/www.zunoticia.com\/noticias-de-hidalgo\/wp-json\/wp\/v2\/users\/12"}],"replies":[{"embeddable":true,"href":"https:\/\/www.zunoticia.com\/noticias-de-hidalgo\/wp-json\/wp\/v2\/comments?post=634878"}],"version-history":[{"count":1,"href":"https:\/\/www.zunoticia.com\/noticias-de-hidalgo\/wp-json\/wp\/v2\/posts\/634878\/revisions"}],"predecessor-version":[{"id":634879,"href":"https:\/\/www.zunoticia.com\/noticias-de-hidalgo\/wp-json\/wp\/v2\/posts\/634878\/revisions\/634879"}],"wp:featuredmedia":[{"embeddable":true,"href":"https:\/\/www.zunoticia.com\/noticias-de-hidalgo\/wp-json\/wp\/v2\/media\/634839"}],"wp:attachment":[{"href":"https:\/\/www.zunoticia.com\/noticias-de-hidalgo\/wp-json\/wp\/v2\/media?parent=634878"}],"wp:term":[{"taxonomy":"category","embeddable":true,"href":"https:\/\/www.zunoticia.com\/noticias-de-hidalgo\/wp-json\/wp\/v2\/categories?post=634878"},{"taxonomy":"post_tag","embeddable":true,"href":"https:\/\/www.zunoticia.com\/noticias-de-hidalgo\/wp-json\/wp\/v2\/tags?post=634878"}],"curies":[{"name":"wp","href":"https:\/\/api.w.org\/{rel}","templated":true}]}}