{"id":634880,"date":"2026-04-26T20:00:23","date_gmt":"2026-04-27T02:00:23","guid":{"rendered":"https:\/\/www.zunoticia.com\/noticias-de-hidalgo\/?p=634880"},"modified":"2026-04-26T20:00:24","modified_gmt":"2026-04-27T02:00:24","slug":"pozo-del-jalamate-un-venero-bendito","status":"publish","type":"post","link":"https:\/\/www.zunoticia.com\/noticias-de-hidalgo\/2026\/04\/26\/pozo-del-jalamate-un-venero-bendito\/","title":{"rendered":"Pozo del jalamate: un &#8220;venero bendito&#8221;"},"content":{"rendered":"<aside class=\"mashsb-container mashsb-main mashsb-stretched\"><div class=\"mashsb-box\"><div class=\"mashsb-count mash-large\" style=\"float:left\"><div class=\"counts mashsbcount\">0<\/div><span class=\"mashsb-sharetext\">SHARES<\/span><\/div><div class=\"mashsb-buttons\"><a class=\"mashicon-facebook mash-large mash-center mashsb-noshadow\" href=\"https:\/\/www.facebook.com\/sharer.php?u=https%3A%2F%2Fwww.zunoticia.com%2Fnoticias-de-hidalgo%2F2026%2F04%2F26%2Fpozo-del-jalamate-un-venero-bendito%2F\" target=\"_top\" rel=\"nofollow\"><span class=\"icon\"><\/span><span class=\"text\">Share<\/span><\/a><a class=\"mashicon-twitter mash-large mash-center mashsb-noshadow\" href=\"https:\/\/twitter.com\/intent\/tweet?text=&amp;url=https:\/\/www.zunoticia.com\/noticias-de-hidalgo\/2026\/04\/26\/pozo-del-jalamate-un-venero-bendito\/\" target=\"_top\" rel=\"nofollow\"><span class=\"icon\"><\/span><span class=\"text\">Tweet<\/span><\/a><div class=\"onoffswitch2 mash-large mashsb-noshadow\" style=\"display:none\"><\/div><\/div>\n            <\/div>\n                <div style=\"clear:both\"><\/div><div class=\"mashsb-toggle-container\"><\/div><\/aside>\n            <!-- Share buttons by mashshare.net - Version: 4.0.47-->\n<p><em>Por Salvador Altamirano\/Zunoticia<\/em><\/p>\n\n\n\n<p><strong>Huejutla, Hgo.-<\/strong> Habitantes de la Colonia San Jos\u00e9, anta\u00f1o Barrio El Potrero, manifestaron que el pozo del jalamate es un hist\u00f3rico yacimiento de agua que, en \u00e9pocas intensas de calor, como la actual, es de vital necesidad para la comunidad.<\/p>\n\n\n\n<p>Agregaron que, por tal motivo, lo consideran un &#8220;venero bendito&#8221;, o una bendici\u00f3n de San Jos\u00e9, el santo patr\u00f3n de la colonia, ya que ha sido para la comunidad una fuente inagotable de agua por m\u00e1s de 100 a\u00f1os.<\/p>\n\n\n\n<p>Refirieron que, durante d\u00e9cadas ha sido el principal abastecimiento del necesario l\u00edquido para los vecinos del sector, en especial cuando no hab\u00eda red de agua potable domiciliaria en la poblaci\u00f3n.<\/p>\n\n\n\n<figure class=\"wp-block-image size-large\"><img fetchpriority=\"high\" decoding=\"async\" width=\"1024\" height=\"768\" src=\"https:\/\/www.zunoticia.com\/noticias-de-hidalgo\/wp-content\/uploads\/2026\/04\/eZy-Watermark_26-04-2026_04-56-36-3300p.m-1024x768.jpg\" alt=\"\" class=\"wp-image-634842\" srcset=\"https:\/\/www.zunoticia.com\/noticias-de-hidalgo\/wp-content\/uploads\/2026\/04\/eZy-Watermark_26-04-2026_04-56-36-3300p.m-1024x768.jpg 1024w, https:\/\/www.zunoticia.com\/noticias-de-hidalgo\/wp-content\/uploads\/2026\/04\/eZy-Watermark_26-04-2026_04-56-36-3300p.m-300x225.jpg 300w, https:\/\/www.zunoticia.com\/noticias-de-hidalgo\/wp-content\/uploads\/2026\/04\/eZy-Watermark_26-04-2026_04-56-36-3300p.m-768x576.jpg 768w, https:\/\/www.zunoticia.com\/noticias-de-hidalgo\/wp-content\/uploads\/2026\/04\/eZy-Watermark_26-04-2026_04-56-36-3300p.m-1536x1152.jpg 1536w, https:\/\/www.zunoticia.com\/noticias-de-hidalgo\/wp-content\/uploads\/2026\/04\/eZy-Watermark_26-04-2026_04-56-36-3300p.m-1568x1176.jpg 1568w, https:\/\/www.zunoticia.com\/noticias-de-hidalgo\/wp-content\/uploads\/2026\/04\/eZy-Watermark_26-04-2026_04-56-36-3300p.m.jpg 1600w\" sizes=\"(max-width: 1024px) 100vw, 1024px\" \/><\/figure>\n\n\n\n<p>Al respecto, Juan Jos\u00e9 Ram\u00edrez de la Cruz, vecino de la zona, reiter\u00f3 que, por encontrarse aun abasteciendo del vital l\u00edquido es considerado un &#8220;venero de agua bendito&#8221;, ya que no se agota, ni con el transcurso del tiempo.<\/p>\n\n\n\n<p>Para finalizar, coment\u00f3 que, la \u00fanica vez que en m\u00e1s de 100 a\u00f1os el pozo del jalamate sufri\u00f3 una cr\u00edtica escasez debido a la acentuada y prolongada sequ\u00eda, as\u00ed como por la sobreexplotaci\u00f3n, fue en el mes de junio del 2024.<\/p>\n","protected":false},"excerpt":{"rendered":"<p>Por Salvador Altamirano\/Zunoticia Huejutla, Hgo.- Habitantes de la Colonia San Jos\u00e9, anta\u00f1o Barrio El Potrero, manifestaron que el pozo del jalamate es un hist\u00f3rico yacimiento de agua que, en \u00e9pocas intensas de calor, como la actual, es de vital necesidad para la comunidad. Agregaron que, por tal motivo, lo consideran un &#8220;venero bendito&#8221;, o una&hellip; <a class=\"more-link\" href=\"https:\/\/www.zunoticia.com\/noticias-de-hidalgo\/2026\/04\/26\/pozo-del-jalamate-un-venero-bendito\/\">Seguir leyendo <span class=\"screen-reader-text\">Pozo del jalamate: un &#8220;venero bendito&#8221;<\/span><\/a><\/p>\n","protected":false},"author":12,"featured_media":634843,"comment_status":"open","ping_status":"open","sticky":false,"template":"","format":"standard","meta":{"rop_custom_images_group":[],"rop_custom_messages_group":[],"rop_publish_now":"initial","rop_publish_now_accounts":{"facebook_10159540855086992_322828327761733":""},"rop_publish_now_history":[],"rop_publish_now_status":"pending","footnotes":""},"categories":[181],"tags":[121],"class_list":["post-634880","post","type-post","status-publish","format-standard","has-post-thumbnail","hentry","category-huejutla","tag-huejutla","entry"],"_links":{"self":[{"href":"https:\/\/www.zunoticia.com\/noticias-de-hidalgo\/wp-json\/wp\/v2\/posts\/634880","targetHints":{"allow":["GET"]}}],"collection":[{"href":"https:\/\/www.zunoticia.com\/noticias-de-hidalgo\/wp-json\/wp\/v2\/posts"}],"about":[{"href":"https:\/\/www.zunoticia.com\/noticias-de-hidalgo\/wp-json\/wp\/v2\/types\/post"}],"author":[{"embeddable":true,"href":"https:\/\/www.zunoticia.com\/noticias-de-hidalgo\/wp-json\/wp\/v2\/users\/12"}],"replies":[{"embeddable":true,"href":"https:\/\/www.zunoticia.com\/noticias-de-hidalgo\/wp-json\/wp\/v2\/comments?post=634880"}],"version-history":[{"count":1,"href":"https:\/\/www.zunoticia.com\/noticias-de-hidalgo\/wp-json\/wp\/v2\/posts\/634880\/revisions"}],"predecessor-version":[{"id":634881,"href":"https:\/\/www.zunoticia.com\/noticias-de-hidalgo\/wp-json\/wp\/v2\/posts\/634880\/revisions\/634881"}],"wp:featuredmedia":[{"embeddable":true,"href":"https:\/\/www.zunoticia.com\/noticias-de-hidalgo\/wp-json\/wp\/v2\/media\/634843"}],"wp:attachment":[{"href":"https:\/\/www.zunoticia.com\/noticias-de-hidalgo\/wp-json\/wp\/v2\/media?parent=634880"}],"wp:term":[{"taxonomy":"category","embeddable":true,"href":"https:\/\/www.zunoticia.com\/noticias-de-hidalgo\/wp-json\/wp\/v2\/categories?post=634880"},{"taxonomy":"post_tag","embeddable":true,"href":"https:\/\/www.zunoticia.com\/noticias-de-hidalgo\/wp-json\/wp\/v2\/tags?post=634880"}],"curies":[{"name":"wp","href":"https:\/\/api.w.org\/{rel}","templated":true}]}}