{"id":634944,"date":"2026-04-27T15:53:11","date_gmt":"2026-04-27T21:53:11","guid":{"rendered":"https:\/\/www.zunoticia.com\/noticias-de-hidalgo\/?p=634944"},"modified":"2026-04-27T15:53:12","modified_gmt":"2026-04-27T21:53:12","slug":"impulsan-cultura-musical-en-huautla","status":"publish","type":"post","link":"https:\/\/www.zunoticia.com\/noticias-de-hidalgo\/2026\/04\/27\/impulsan-cultura-musical-en-huautla\/","title":{"rendered":"Impulsan cultura musical en Huautla"},"content":{"rendered":"<aside class=\"mashsb-container mashsb-main mashsb-stretched\"><div class=\"mashsb-box\"><div class=\"mashsb-count mash-large\" style=\"float:left\"><div class=\"counts mashsbcount\">0<\/div><span class=\"mashsb-sharetext\">SHARES<\/span><\/div><div class=\"mashsb-buttons\"><a class=\"mashicon-facebook mash-large mash-center mashsb-noshadow\" href=\"https:\/\/www.facebook.com\/sharer.php?u=https%3A%2F%2Fwww.zunoticia.com%2Fnoticias-de-hidalgo%2F2026%2F04%2F27%2Fimpulsan-cultura-musical-en-huautla%2F\" target=\"_top\" rel=\"nofollow\"><span class=\"icon\"><\/span><span class=\"text\">Share<\/span><\/a><a class=\"mashicon-twitter mash-large mash-center mashsb-noshadow\" href=\"https:\/\/twitter.com\/intent\/tweet?text=&amp;url=https:\/\/www.zunoticia.com\/noticias-de-hidalgo\/2026\/04\/27\/impulsan-cultura-musical-en-huautla\/\" target=\"_top\" rel=\"nofollow\"><span class=\"icon\"><\/span><span class=\"text\">Tweet<\/span><\/a><div class=\"onoffswitch2 mash-large mashsb-noshadow\" style=\"display:none\"><\/div><\/div>\n            <\/div>\n                <div style=\"clear:both\"><\/div><div class=\"mashsb-toggle-container\"><\/div><\/aside>\n            <!-- Share buttons by mashshare.net - Version: 4.0.47-->\n<ul class=\"wp-block-list\">\n<li>La academia formar\u00e1 futuros m\u00fasicos.<\/li>\n<\/ul>\n\n\n\n<p><em>Por Karen Rivera \/ Zunoticia<\/em><\/p>\n\n\n\n<p><strong>Huautla, Hgo<\/strong>.- Con el objetivo de fomentar la cultura musical y brindar nuevas oportunidades de desarrollo a la poblaci\u00f3n, el pasado 26 de abril de 2026 se dio el primer paso para la consolidaci\u00f3n de la escuela de m\u00fasica \u201cExcelencia Acad\u00e9mica Musical\u201d en este municipio.<\/p>\n\n\n\n<p>Esta instituci\u00f3n nace como una alternativa educativa dirigida a ni\u00f1as, ni\u00f1os, j\u00f3venes y adultos, donde no s\u00f3lo se impartir\u00e1 la ense\u00f1anza en la ejecuci\u00f3n de instrumentos musicales, sino tambi\u00e9n la formaci\u00f3n te\u00f3rica como la lectura de m\u00fasica, con la finalidad de ofrecer una preparaci\u00f3n integral a sus estudiantes.<\/p>\n\n\n\n<figure class=\"wp-block-gallery has-nested-images columns-default is-cropped wp-block-gallery-1 is-layout-flex wp-block-gallery-is-layout-flex\">\n<figure class=\"wp-block-image size-large\"><img fetchpriority=\"high\" decoding=\"async\" width=\"933\" height=\"524\" data-id=\"634946\" src=\"https:\/\/www.zunoticia.com\/noticias-de-hidalgo\/wp-content\/uploads\/2026\/04\/Zunoticia-Huejutla-6-4.png\" alt=\"\" class=\"wp-image-634946\" srcset=\"https:\/\/www.zunoticia.com\/noticias-de-hidalgo\/wp-content\/uploads\/2026\/04\/Zunoticia-Huejutla-6-4.png 933w, https:\/\/www.zunoticia.com\/noticias-de-hidalgo\/wp-content\/uploads\/2026\/04\/Zunoticia-Huejutla-6-4-300x168.png 300w, https:\/\/www.zunoticia.com\/noticias-de-hidalgo\/wp-content\/uploads\/2026\/04\/Zunoticia-Huejutla-6-4-768x431.png 768w\" sizes=\"(max-width: 933px) 100vw, 933px\" \/><\/figure>\n\n\n\n<figure class=\"wp-block-image size-large\"><img decoding=\"async\" width=\"933\" height=\"524\" data-id=\"634947\" src=\"https:\/\/www.zunoticia.com\/noticias-de-hidalgo\/wp-content\/uploads\/2026\/04\/Zunoticia-Huejutla-5-6.png\" alt=\"\" class=\"wp-image-634947\" srcset=\"https:\/\/www.zunoticia.com\/noticias-de-hidalgo\/wp-content\/uploads\/2026\/04\/Zunoticia-Huejutla-5-6.png 933w, https:\/\/www.zunoticia.com\/noticias-de-hidalgo\/wp-content\/uploads\/2026\/04\/Zunoticia-Huejutla-5-6-300x168.png 300w, https:\/\/www.zunoticia.com\/noticias-de-hidalgo\/wp-content\/uploads\/2026\/04\/Zunoticia-Huejutla-5-6-768x431.png 768w\" sizes=\"(max-width: 933px) 100vw, 933px\" \/><\/figure>\n<\/figure>\n\n\n\n<p>El proyecto es impulsado por el m\u00fasico multiinstrumentista Leonardo Maya, quien estar\u00e1 a cargo del \u00e1rea musical, as\u00ed como por N\u00e9stor David Garc\u00eda Cisneros, responsable de la parte administrativa, ambos con la firme intenci\u00f3n de generar espacios sanos y productivos para la juventud huautlense.<\/p>\n\n\n\n<p>En entrevista, Leonardo Mayo destac\u00f3 la importancia de la m\u00fasica en la formaci\u00f3n personal \u201cLa m\u00fasica tiene un impacto muy positivo, ya que es una disciplina que fortalece valores como la disciplina, la perseverancia, el respeto y el trabajo en equipo; adem\u00e1s, permite que las nuevas generaciones desarrollen una visi\u00f3n m\u00e1s amplia del arte\u201d.<\/p>\n\n\n\n<p>Por su parte, N\u00e9stor Garc\u00eda se\u00f1al\u00f3 que es necesario cambiar la manera en que se orienta a las nuevas generaciones \u201cFrecuentemente se critica a los j\u00f3venes por sus h\u00e1bitos, pero es importante reconocer que crecen en un entorno que nosotros mismos construimos. M\u00e1s all\u00e1 de se\u00f1alar, debemos ofrecerles alternativas que contribuyan a su desarrollo integral\u201d.<\/p>\n\n\n\n<p>Finalmente, se inform\u00f3 que las clases se impartir\u00e1n los d\u00edas domingo, sin l\u00edmite de edad y con ense\u00f1anza en diversos instrumentos, por lo que las inscripciones ya se encuentran abiertas para toda la poblaci\u00f3n interesada.<\/p>\n\n\n\n<p><\/p>\n","protected":false},"excerpt":{"rendered":"<p>Por Karen Rivera \/ Zunoticia Huautla, Hgo.- Con el objetivo de fomentar la cultura musical y brindar nuevas oportunidades de desarrollo a la poblaci\u00f3n, el pasado 26 de abril de 2026 se dio el primer paso para la consolidaci\u00f3n de la escuela de m\u00fasica \u201cExcelencia Acad\u00e9mica Musical\u201d en este municipio. Esta instituci\u00f3n nace como una&hellip; <a class=\"more-link\" href=\"https:\/\/www.zunoticia.com\/noticias-de-hidalgo\/2026\/04\/27\/impulsan-cultura-musical-en-huautla\/\">Seguir leyendo <span class=\"screen-reader-text\">Impulsan cultura musical en Huautla<\/span><\/a><\/p>\n","protected":false},"author":20,"featured_media":634945,"comment_status":"open","ping_status":"open","sticky":false,"template":"","format":"standard","meta":{"rop_custom_images_group":[],"rop_custom_messages_group":[],"rop_publish_now":"initial","rop_publish_now_accounts":{"facebook_10159540855086992_322828327761733":""},"rop_publish_now_history":[],"rop_publish_now_status":"pending","footnotes":""},"categories":[179,199],"tags":[229,125],"class_list":["post-634944","post","type-post","status-publish","format-standard","has-post-thumbnail","hentry","category-huasteca","category-huautla","tag-huasteca","tag-huautla","entry"],"_links":{"self":[{"href":"https:\/\/www.zunoticia.com\/noticias-de-hidalgo\/wp-json\/wp\/v2\/posts\/634944","targetHints":{"allow":["GET"]}}],"collection":[{"href":"https:\/\/www.zunoticia.com\/noticias-de-hidalgo\/wp-json\/wp\/v2\/posts"}],"about":[{"href":"https:\/\/www.zunoticia.com\/noticias-de-hidalgo\/wp-json\/wp\/v2\/types\/post"}],"author":[{"embeddable":true,"href":"https:\/\/www.zunoticia.com\/noticias-de-hidalgo\/wp-json\/wp\/v2\/users\/20"}],"replies":[{"embeddable":true,"href":"https:\/\/www.zunoticia.com\/noticias-de-hidalgo\/wp-json\/wp\/v2\/comments?post=634944"}],"version-history":[{"count":1,"href":"https:\/\/www.zunoticia.com\/noticias-de-hidalgo\/wp-json\/wp\/v2\/posts\/634944\/revisions"}],"predecessor-version":[{"id":634948,"href":"https:\/\/www.zunoticia.com\/noticias-de-hidalgo\/wp-json\/wp\/v2\/posts\/634944\/revisions\/634948"}],"wp:featuredmedia":[{"embeddable":true,"href":"https:\/\/www.zunoticia.com\/noticias-de-hidalgo\/wp-json\/wp\/v2\/media\/634945"}],"wp:attachment":[{"href":"https:\/\/www.zunoticia.com\/noticias-de-hidalgo\/wp-json\/wp\/v2\/media?parent=634944"}],"wp:term":[{"taxonomy":"category","embeddable":true,"href":"https:\/\/www.zunoticia.com\/noticias-de-hidalgo\/wp-json\/wp\/v2\/categories?post=634944"},{"taxonomy":"post_tag","embeddable":true,"href":"https:\/\/www.zunoticia.com\/noticias-de-hidalgo\/wp-json\/wp\/v2\/tags?post=634944"}],"curies":[{"name":"wp","href":"https:\/\/api.w.org\/{rel}","templated":true}]}}