{"id":634952,"date":"2026-04-27T16:05:34","date_gmt":"2026-04-27T22:05:34","guid":{"rendered":"https:\/\/www.zunoticia.com\/noticias-de-hidalgo\/?p=634952"},"modified":"2026-04-27T16:05:35","modified_gmt":"2026-04-27T22:05:35","slug":"advierten-impacto-economico-por-inflacion-y-alza-en-combustibles","status":"publish","type":"post","link":"https:\/\/www.zunoticia.com\/noticias-de-hidalgo\/2026\/04\/27\/advierten-impacto-economico-por-inflacion-y-alza-en-combustibles\/","title":{"rendered":"Advierten impacto econ\u00f3mico por inflaci\u00f3n y alza en combustibles"},"content":{"rendered":"<aside class=\"mashsb-container mashsb-main mashsb-stretched\"><div class=\"mashsb-box\"><div class=\"mashsb-count mash-large\" style=\"float:left\"><div class=\"counts mashsbcount\">0<\/div><span class=\"mashsb-sharetext\">SHARES<\/span><\/div><div class=\"mashsb-buttons\"><a class=\"mashicon-facebook mash-large mash-center mashsb-noshadow\" href=\"https:\/\/www.facebook.com\/sharer.php?u=https%3A%2F%2Fwww.zunoticia.com%2Fnoticias-de-hidalgo%2F2026%2F04%2F27%2Fadvierten-impacto-economico-por-inflacion-y-alza-en-combustibles%2F\" target=\"_top\" rel=\"nofollow\"><span class=\"icon\"><\/span><span class=\"text\">Share<\/span><\/a><a class=\"mashicon-twitter mash-large mash-center mashsb-noshadow\" href=\"https:\/\/twitter.com\/intent\/tweet?text=&amp;url=https:\/\/www.zunoticia.com\/noticias-de-hidalgo\/2026\/04\/27\/advierten-impacto-economico-por-inflacion-y-alza-en-combustibles\/\" target=\"_top\" rel=\"nofollow\"><span class=\"icon\"><\/span><span class=\"text\">Tweet<\/span><\/a><div class=\"onoffswitch2 mash-large mashsb-noshadow\" style=\"display:none\"><\/div><\/div>\n            <\/div>\n                <div style=\"clear:both\"><\/div><div class=\"mashsb-toggle-container\"><\/div><\/aside>\n            <!-- Share buttons by mashshare.net - Version: 4.0.47-->\n<p><em>Por Enedino Hern\u00e1ndez \/ Zunoticia<\/em><\/p>\n\n\n\n<p><strong>Huejutla, Hgo<\/strong>.- \u201cDesde hace tiempo se anticipaba una situaci\u00f3n econ\u00f3mica complicada, misma que hoy ya es una realidad y est\u00e1 afectando directamente a la poblaci\u00f3n\u201d, se\u00f1al\u00f3 el vicepresidente de la Asociaci\u00f3n de Abogados de la Huasteca Hidalguense, Juan Fern\u00e1ndez Rojas.<\/p>\n\n\n\n<p>Explic\u00f3 que factores internacionales como el conflicto en Medio Oriente y el incremento en los precios del petr\u00f3leo, han provocado un encarecimiento generalizado de productos y servicios, lo que repercute en la econom\u00eda familiar.<\/p>\n\n\n\n<p>\u201cEl alza en el petr\u00f3leo genera que todos los productos se encarezcan, lo que afecta a la poblaci\u00f3n en general\u201d, expres\u00f3, al advertir que la inflaci\u00f3n continuar\u00e1 impactando, principalmente en los art\u00edculos de la canasta b\u00e1sica.<\/p>\n\n\n\n<p>Indic\u00f3 que es importante que la ciudadan\u00eda est\u00e9 preparada ante este panorama, ya que el aumento en el costo de los combustibles incide directamente en el precio de los productos, debido a que todo depende del transporte.<\/p>\n\n\n\n<p>Explic\u00f3 que, adem\u00e1s de los factores externos, existen elementos internos que agravan la situaci\u00f3n econ\u00f3mica del pa\u00eds, como el incremento de la deuda p\u00fablica, el pago de impuestos y el subsidio a diversos proyectos y empresas.<\/p>\n\n\n\n<p>Se\u00f1al\u00f3 que este escenario resulta preocupante, ya que afecta en mayor medida a los sectores m\u00e1s vulnerables, particularmente a las familias de clase media y baja, quienes resienten con mayor intensidad el aumento constante en los precios.<\/p>\n\n\n\n<p>Finalmente, Juan Fern\u00e1ndez Rojas, reiter\u00f3 a la poblaci\u00f3n en general que es necesario prever estas condiciones econ\u00f3micas para evitar mayores afectaciones en la econom\u00eda de los hogares.<\/p>\n","protected":false},"excerpt":{"rendered":"<p>Por Enedino Hern\u00e1ndez \/ Zunoticia Huejutla, Hgo.- \u201cDesde hace tiempo se anticipaba una situaci\u00f3n econ\u00f3mica complicada, misma que hoy ya es una realidad y est\u00e1 afectando directamente a la poblaci\u00f3n\u201d, se\u00f1al\u00f3 el vicepresidente de la Asociaci\u00f3n de Abogados de la Huasteca Hidalguense, Juan Fern\u00e1ndez Rojas. Explic\u00f3 que factores internacionales como el conflicto en Medio Oriente&hellip; <a class=\"more-link\" href=\"https:\/\/www.zunoticia.com\/noticias-de-hidalgo\/2026\/04\/27\/advierten-impacto-economico-por-inflacion-y-alza-en-combustibles\/\">Seguir leyendo <span class=\"screen-reader-text\">Advierten impacto econ\u00f3mico por inflaci\u00f3n y alza en combustibles<\/span><\/a><\/p>\n","protected":false},"author":20,"featured_media":634953,"comment_status":"open","ping_status":"open","sticky":false,"template":"","format":"standard","meta":{"rop_custom_images_group":[],"rop_custom_messages_group":[],"rop_publish_now":"initial","rop_publish_now_accounts":{"facebook_10159540855086992_322828327761733":""},"rop_publish_now_history":[],"rop_publish_now_status":"pending","footnotes":""},"categories":[181],"tags":[121],"class_list":["post-634952","post","type-post","status-publish","format-standard","has-post-thumbnail","hentry","category-huejutla","tag-huejutla","entry"],"_links":{"self":[{"href":"https:\/\/www.zunoticia.com\/noticias-de-hidalgo\/wp-json\/wp\/v2\/posts\/634952","targetHints":{"allow":["GET"]}}],"collection":[{"href":"https:\/\/www.zunoticia.com\/noticias-de-hidalgo\/wp-json\/wp\/v2\/posts"}],"about":[{"href":"https:\/\/www.zunoticia.com\/noticias-de-hidalgo\/wp-json\/wp\/v2\/types\/post"}],"author":[{"embeddable":true,"href":"https:\/\/www.zunoticia.com\/noticias-de-hidalgo\/wp-json\/wp\/v2\/users\/20"}],"replies":[{"embeddable":true,"href":"https:\/\/www.zunoticia.com\/noticias-de-hidalgo\/wp-json\/wp\/v2\/comments?post=634952"}],"version-history":[{"count":1,"href":"https:\/\/www.zunoticia.com\/noticias-de-hidalgo\/wp-json\/wp\/v2\/posts\/634952\/revisions"}],"predecessor-version":[{"id":634954,"href":"https:\/\/www.zunoticia.com\/noticias-de-hidalgo\/wp-json\/wp\/v2\/posts\/634952\/revisions\/634954"}],"wp:featuredmedia":[{"embeddable":true,"href":"https:\/\/www.zunoticia.com\/noticias-de-hidalgo\/wp-json\/wp\/v2\/media\/634953"}],"wp:attachment":[{"href":"https:\/\/www.zunoticia.com\/noticias-de-hidalgo\/wp-json\/wp\/v2\/media?parent=634952"}],"wp:term":[{"taxonomy":"category","embeddable":true,"href":"https:\/\/www.zunoticia.com\/noticias-de-hidalgo\/wp-json\/wp\/v2\/categories?post=634952"},{"taxonomy":"post_tag","embeddable":true,"href":"https:\/\/www.zunoticia.com\/noticias-de-hidalgo\/wp-json\/wp\/v2\/tags?post=634952"}],"curies":[{"name":"wp","href":"https:\/\/api.w.org\/{rel}","templated":true}]}}