{"id":634970,"date":"2026-04-27T16:47:11","date_gmt":"2026-04-27T22:47:11","guid":{"rendered":"https:\/\/www.zunoticia.com\/noticias-de-hidalgo\/?p=634970"},"modified":"2026-04-27T16:47:12","modified_gmt":"2026-04-27T22:47:12","slug":"alta-demanda-en-la-jornada-de-valoracion-y-entrega-de-protesis","status":"publish","type":"post","link":"https:\/\/www.zunoticia.com\/noticias-de-hidalgo\/2026\/04\/27\/alta-demanda-en-la-jornada-de-valoracion-y-entrega-de-protesis\/","title":{"rendered":"Alta demanda en la jornada de valoraci\u00f3n y entrega de pr\u00f3tesis"},"content":{"rendered":"<aside class=\"mashsb-container mashsb-main mashsb-stretched\"><div class=\"mashsb-box\"><div class=\"mashsb-count mash-large\" style=\"float:left\"><div class=\"counts mashsbcount\">0<\/div><span class=\"mashsb-sharetext\">SHARES<\/span><\/div><div class=\"mashsb-buttons\"><a class=\"mashicon-facebook mash-large mash-center mashsb-noshadow\" href=\"https:\/\/www.facebook.com\/sharer.php?u=https%3A%2F%2Fwww.zunoticia.com%2Fnoticias-de-hidalgo%2F2026%2F04%2F27%2Falta-demanda-en-la-jornada-de-valoracion-y-entrega-de-protesis%2F\" target=\"_top\" rel=\"nofollow\"><span class=\"icon\"><\/span><span class=\"text\">Share<\/span><\/a><a class=\"mashicon-twitter mash-large mash-center mashsb-noshadow\" href=\"https:\/\/twitter.com\/intent\/tweet?text=&amp;url=https:\/\/www.zunoticia.com\/noticias-de-hidalgo\/2026\/04\/27\/alta-demanda-en-la-jornada-de-valoracion-y-entrega-de-protesis\/\" target=\"_top\" rel=\"nofollow\"><span class=\"icon\"><\/span><span class=\"text\">Tweet<\/span><\/a><div class=\"onoffswitch2 mash-large mashsb-noshadow\" style=\"display:none\"><\/div><\/div>\n            <\/div>\n                <div style=\"clear:both\"><\/div><div class=\"mashsb-toggle-container\"><\/div><\/aside>\n            <!-- Share buttons by mashshare.net - Version: 4.0.47-->\n<p><em>Por Karen Rivera \/ Zunoticia<\/em><\/p>\n\n\n\n<p><strong>Huejutla de Reyes, Hgo<\/strong>.- La presidenta del Sistema Municipal para el Desarrollo Integral de la Familia (SMDIF), Kristel Rodr\u00edguez Flores, dio a conocer una importante jornada de atenci\u00f3n para personas que requieren pr\u00f3tesis, destacando la visita de la especialista Cristina Picasso, reconocida protesista.<\/p>\n\n\n\n<p>Durante un mensaje dirigido a la poblaci\u00f3n de la Huasteca Hidalguense, Rodr\u00edguez Flores, inform\u00f3 que esta iniciativa busca brindar una oportunidad a quienes han perdido alguna extremidad, permiti\u00e9ndoles recuperar su funcionalidad y mejorar su calidad de vida.<\/p>\n\n\n\n<p>\u201cInvitamos a todas las personas interesadas en obtener una pr\u00f3tesis a que se acerquen. El municipio de Huejutla est\u00e1 abierto para apoyarles y aprovechar la visita de la licenciada Cristina Picasso, quien podr\u00e1 valorarlos, atenderlos y darles la esperanza de acceder a una pr\u00f3tesis de alta calidad\u201d, expres\u00f3.<\/p>\n\n\n\n<figure class=\"wp-block-gallery has-nested-images columns-default is-cropped wp-block-gallery-1 is-layout-flex wp-block-gallery-is-layout-flex\">\n<figure class=\"wp-block-image size-large\"><img fetchpriority=\"high\" decoding=\"async\" width=\"933\" height=\"524\" data-id=\"634972\" src=\"https:\/\/www.zunoticia.com\/noticias-de-hidalgo\/wp-content\/uploads\/2026\/04\/Zunoticia-Huejutla-1-180.png\" alt=\"\" class=\"wp-image-634972\" srcset=\"https:\/\/www.zunoticia.com\/noticias-de-hidalgo\/wp-content\/uploads\/2026\/04\/Zunoticia-Huejutla-1-180.png 933w, https:\/\/www.zunoticia.com\/noticias-de-hidalgo\/wp-content\/uploads\/2026\/04\/Zunoticia-Huejutla-1-180-300x168.png 300w, https:\/\/www.zunoticia.com\/noticias-de-hidalgo\/wp-content\/uploads\/2026\/04\/Zunoticia-Huejutla-1-180-768x431.png 768w\" sizes=\"(max-width: 933px) 100vw, 933px\" \/><\/figure>\n<\/figure>\n\n\n\n<p>Asimismo, resalt\u00f3 que estas pr\u00f3tesis est\u00e1n dise\u00f1adas para ayudar a los beneficiarios a retomar sus actividades cotidianas de la manera m\u00e1s normal posible.<\/p>\n\n\n\n<p>La jornada de valoraci\u00f3n se llev\u00f3 a cabo en las instalaciones del DIF municipal, donde la especialista realizar\u00e1 evaluaciones personalizadas.<\/p>\n\n\n\n<p>Se puntualiz\u00f3 que la atenci\u00f3n no est\u00e1 limitada \u00fanicamente a habitantes de Huejutla, sino que est\u00e1 abierta a personas de otros municipios que requieran este apoyo.<\/p>\n\n\n\n<p>Finalmente, la presidenta del SMDIF reiter\u00f3 la invitaci\u00f3n a la ciudadan\u00eda para que aproveche esta oportunidad y acuda a recibir orientaci\u00f3n profesional en torno a este importante servicio de salud.<\/p>\n\n\n\n<p>Foto: Alta demanda en la valoraci\u00f3n y adquisici\u00f3n de pr\u00f3tesis.<\/p>\n","protected":false},"excerpt":{"rendered":"<p>Por Karen Rivera \/ Zunoticia Huejutla de Reyes, Hgo.- La presidenta del Sistema Municipal para el Desarrollo Integral de la Familia (SMDIF), Kristel Rodr\u00edguez Flores, dio a conocer una importante jornada de atenci\u00f3n para personas que requieren pr\u00f3tesis, destacando la visita de la especialista Cristina Picasso, reconocida protesista. Durante un mensaje dirigido a la poblaci\u00f3n&hellip; <a class=\"more-link\" href=\"https:\/\/www.zunoticia.com\/noticias-de-hidalgo\/2026\/04\/27\/alta-demanda-en-la-jornada-de-valoracion-y-entrega-de-protesis\/\">Seguir leyendo <span class=\"screen-reader-text\">Alta demanda en la jornada de valoraci\u00f3n y entrega de pr\u00f3tesis<\/span><\/a><\/p>\n","protected":false},"author":20,"featured_media":634971,"comment_status":"open","ping_status":"open","sticky":false,"template":"","format":"standard","meta":{"rop_custom_images_group":[],"rop_custom_messages_group":[],"rop_publish_now":"initial","rop_publish_now_accounts":{"facebook_10159540855086992_322828327761733":""},"rop_publish_now_history":[],"rop_publish_now_status":"pending","footnotes":""},"categories":[181],"tags":[121],"class_list":["post-634970","post","type-post","status-publish","format-standard","has-post-thumbnail","hentry","category-huejutla","tag-huejutla","entry"],"_links":{"self":[{"href":"https:\/\/www.zunoticia.com\/noticias-de-hidalgo\/wp-json\/wp\/v2\/posts\/634970","targetHints":{"allow":["GET"]}}],"collection":[{"href":"https:\/\/www.zunoticia.com\/noticias-de-hidalgo\/wp-json\/wp\/v2\/posts"}],"about":[{"href":"https:\/\/www.zunoticia.com\/noticias-de-hidalgo\/wp-json\/wp\/v2\/types\/post"}],"author":[{"embeddable":true,"href":"https:\/\/www.zunoticia.com\/noticias-de-hidalgo\/wp-json\/wp\/v2\/users\/20"}],"replies":[{"embeddable":true,"href":"https:\/\/www.zunoticia.com\/noticias-de-hidalgo\/wp-json\/wp\/v2\/comments?post=634970"}],"version-history":[{"count":1,"href":"https:\/\/www.zunoticia.com\/noticias-de-hidalgo\/wp-json\/wp\/v2\/posts\/634970\/revisions"}],"predecessor-version":[{"id":634973,"href":"https:\/\/www.zunoticia.com\/noticias-de-hidalgo\/wp-json\/wp\/v2\/posts\/634970\/revisions\/634973"}],"wp:featuredmedia":[{"embeddable":true,"href":"https:\/\/www.zunoticia.com\/noticias-de-hidalgo\/wp-json\/wp\/v2\/media\/634971"}],"wp:attachment":[{"href":"https:\/\/www.zunoticia.com\/noticias-de-hidalgo\/wp-json\/wp\/v2\/media?parent=634970"}],"wp:term":[{"taxonomy":"category","embeddable":true,"href":"https:\/\/www.zunoticia.com\/noticias-de-hidalgo\/wp-json\/wp\/v2\/categories?post=634970"},{"taxonomy":"post_tag","embeddable":true,"href":"https:\/\/www.zunoticia.com\/noticias-de-hidalgo\/wp-json\/wp\/v2\/tags?post=634970"}],"curies":[{"name":"wp","href":"https:\/\/api.w.org\/{rel}","templated":true}]}}