{"id":635023,"date":"2026-04-27T21:51:12","date_gmt":"2026-04-28T03:51:12","guid":{"rendered":"https:\/\/www.zunoticia.com\/noticias-de-hidalgo\/?p=635023"},"modified":"2026-04-27T21:51:14","modified_gmt":"2026-04-28T03:51:14","slug":"ninas-y-ninos-del-centro-pilares-huejutla-disfrutan-festejo-con-dif-estatal","status":"publish","type":"post","link":"https:\/\/www.zunoticia.com\/noticias-de-hidalgo\/2026\/04\/27\/ninas-y-ninos-del-centro-pilares-huejutla-disfrutan-festejo-con-dif-estatal\/","title":{"rendered":"Ni\u00f1as y ni\u00f1os del Centro Pilares Huejutla disfrutan festejo con DIF Estatal"},"content":{"rendered":"<aside class=\"mashsb-container mashsb-main mashsb-stretched\"><div class=\"mashsb-box\"><div class=\"mashsb-count mash-large\" style=\"float:left\"><div class=\"counts mashsbcount\">0<\/div><span class=\"mashsb-sharetext\">SHARES<\/span><\/div><div class=\"mashsb-buttons\"><a class=\"mashicon-facebook mash-large mash-center mashsb-noshadow\" href=\"https:\/\/www.facebook.com\/sharer.php?u=https%3A%2F%2Fwww.zunoticia.com%2Fnoticias-de-hidalgo%2F2026%2F04%2F27%2Fninas-y-ninos-del-centro-pilares-huejutla-disfrutan-festejo-con-dif-estatal%2F\" target=\"_top\" rel=\"nofollow\"><span class=\"icon\"><\/span><span class=\"text\">Share<\/span><\/a><a class=\"mashicon-twitter mash-large mash-center mashsb-noshadow\" href=\"https:\/\/twitter.com\/intent\/tweet?text=&amp;url=https:\/\/www.zunoticia.com\/noticias-de-hidalgo\/2026\/04\/27\/ninas-y-ninos-del-centro-pilares-huejutla-disfrutan-festejo-con-dif-estatal\/\" target=\"_top\" rel=\"nofollow\"><span class=\"icon\"><\/span><span class=\"text\">Tweet<\/span><\/a><div class=\"onoffswitch2 mash-large mashsb-noshadow\" style=\"display:none\"><\/div><\/div>\n            <\/div>\n                <div style=\"clear:both\"><\/div><div class=\"mashsb-toggle-container\"><\/div><\/aside>\n            <!-- Share buttons by mashshare.net - Version: 4.0.47-->\n<ul class=\"wp-block-list\">\n<li>El Gobierno Municipal y el Sistema DIF Huejutla reafirman su compromiso con la infancia y la convivencia familiar.<\/li>\n<\/ul>\n\n\n\n<p><em>Por Redacci\u00f3n\/Zunoticia<\/em><\/p>\n\n\n\n<p><strong>Huejutla de Reyes, Hgo.-<\/strong> En una tarde llena de sonrisas, deporte, m\u00fasica y juegos, las ni\u00f1as y ni\u00f1os beneficiarios de los talleres psicoeducativos del Centro Pilares, del Sistema DIF Huejutla, participaron de una experiencia inolvidable en el festejo a la ni\u00f1ez hidalguense, encabezado por la Presidenta del Patronato DIF Estatal, Lic. Edda Vite Ramos y el Gobernador de Hidalgo, el Lic. Julio Menchaca Salazar.<\/p>\n\n\n\n<p>Se trata de 25 beneficiarios que acudieron a la ciudad de Pachuca, Hidalgo, acompa\u00f1ados por sus familiares y el personal del Centro Pilares, con el respaldo del Gobierno Municipal que encabeza el Presidente, Lic. Alfredo San Rom\u00e1n Duval y el Sistema DIF Huejutla, presidido por la Dra. Kristel Rodr\u00edguez Flores, quienes refrendaron que la ni\u00f1ez es prioridad en el municipio.<\/p>\n\n\n\n<figure class=\"wp-block-image size-large\"><img fetchpriority=\"high\" decoding=\"async\" width=\"1024\" height=\"538\" src=\"https:\/\/www.zunoticia.com\/noticias-de-hidalgo\/wp-content\/uploads\/2026\/04\/pilares2-1024x538.jpg\" alt=\"\" class=\"wp-image-635031\" srcset=\"https:\/\/www.zunoticia.com\/noticias-de-hidalgo\/wp-content\/uploads\/2026\/04\/pilares2-1024x538.jpg 1024w, https:\/\/www.zunoticia.com\/noticias-de-hidalgo\/wp-content\/uploads\/2026\/04\/pilares2-300x158.jpg 300w, https:\/\/www.zunoticia.com\/noticias-de-hidalgo\/wp-content\/uploads\/2026\/04\/pilares2-768x403.jpg 768w, https:\/\/www.zunoticia.com\/noticias-de-hidalgo\/wp-content\/uploads\/2026\/04\/pilares2.jpg 1200w\" sizes=\"(max-width: 1024px) 100vw, 1024px\" \/><\/figure>\n\n\n\n<p>Durante la jornada, las ni\u00f1as y ni\u00f1os disfrutaron de actividades l\u00fadicas, espect\u00e1culos y din\u00e1micas recreativas, compartiendo una experiencia inolvidable en familia.<\/p>\n\n\n\n<p>Con acciones como esta, el Gobierno Municipal de Huejutla y el Sistema DIF Municipal contin\u00faan impulsando la participaci\u00f3n infantil en espacios de sano esparcimiento, fortaleciendo los valores familiares llenos de amor y respeto.<\/p>\n\n\n\n<figure class=\"wp-block-image size-large\"><img decoding=\"async\" width=\"1024\" height=\"538\" src=\"https:\/\/www.zunoticia.com\/noticias-de-hidalgo\/wp-content\/uploads\/2026\/04\/pilares3-1024x538.jpg\" alt=\"\" class=\"wp-image-635032\" srcset=\"https:\/\/www.zunoticia.com\/noticias-de-hidalgo\/wp-content\/uploads\/2026\/04\/pilares3-1024x538.jpg 1024w, https:\/\/www.zunoticia.com\/noticias-de-hidalgo\/wp-content\/uploads\/2026\/04\/pilares3-300x158.jpg 300w, https:\/\/www.zunoticia.com\/noticias-de-hidalgo\/wp-content\/uploads\/2026\/04\/pilares3-768x403.jpg 768w, https:\/\/www.zunoticia.com\/noticias-de-hidalgo\/wp-content\/uploads\/2026\/04\/pilares3.jpg 1200w\" sizes=\"(max-width: 1024px) 100vw, 1024px\" \/><\/figure>\n","protected":false},"excerpt":{"rendered":"<p>Por Redacci\u00f3n\/Zunoticia Huejutla de Reyes, Hgo.- En una tarde llena de sonrisas, deporte, m\u00fasica y juegos, las ni\u00f1as y ni\u00f1os beneficiarios de los talleres psicoeducativos del Centro Pilares, del Sistema DIF Huejutla, participaron de una experiencia inolvidable en el festejo a la ni\u00f1ez hidalguense, encabezado por la Presidenta del Patronato DIF Estatal, Lic. Edda Vite&hellip; <a class=\"more-link\" href=\"https:\/\/www.zunoticia.com\/noticias-de-hidalgo\/2026\/04\/27\/ninas-y-ninos-del-centro-pilares-huejutla-disfrutan-festejo-con-dif-estatal\/\">Seguir leyendo <span class=\"screen-reader-text\">Ni\u00f1as y ni\u00f1os del Centro Pilares Huejutla disfrutan festejo con DIF Estatal<\/span><\/a><\/p>\n","protected":false},"author":13,"featured_media":635030,"comment_status":"open","ping_status":"open","sticky":false,"template":"","format":"standard","meta":{"rop_custom_images_group":[],"rop_custom_messages_group":[],"rop_publish_now":"initial","rop_publish_now_accounts":{"facebook_10159540855086992_322828327761733":""},"rop_publish_now_history":[],"rop_publish_now_status":"pending","footnotes":""},"categories":[181],"tags":[121],"class_list":["post-635023","post","type-post","status-publish","format-standard","has-post-thumbnail","hentry","category-huejutla","tag-huejutla","entry"],"_links":{"self":[{"href":"https:\/\/www.zunoticia.com\/noticias-de-hidalgo\/wp-json\/wp\/v2\/posts\/635023","targetHints":{"allow":["GET"]}}],"collection":[{"href":"https:\/\/www.zunoticia.com\/noticias-de-hidalgo\/wp-json\/wp\/v2\/posts"}],"about":[{"href":"https:\/\/www.zunoticia.com\/noticias-de-hidalgo\/wp-json\/wp\/v2\/types\/post"}],"author":[{"embeddable":true,"href":"https:\/\/www.zunoticia.com\/noticias-de-hidalgo\/wp-json\/wp\/v2\/users\/13"}],"replies":[{"embeddable":true,"href":"https:\/\/www.zunoticia.com\/noticias-de-hidalgo\/wp-json\/wp\/v2\/comments?post=635023"}],"version-history":[{"count":1,"href":"https:\/\/www.zunoticia.com\/noticias-de-hidalgo\/wp-json\/wp\/v2\/posts\/635023\/revisions"}],"predecessor-version":[{"id":635033,"href":"https:\/\/www.zunoticia.com\/noticias-de-hidalgo\/wp-json\/wp\/v2\/posts\/635023\/revisions\/635033"}],"wp:featuredmedia":[{"embeddable":true,"href":"https:\/\/www.zunoticia.com\/noticias-de-hidalgo\/wp-json\/wp\/v2\/media\/635030"}],"wp:attachment":[{"href":"https:\/\/www.zunoticia.com\/noticias-de-hidalgo\/wp-json\/wp\/v2\/media?parent=635023"}],"wp:term":[{"taxonomy":"category","embeddable":true,"href":"https:\/\/www.zunoticia.com\/noticias-de-hidalgo\/wp-json\/wp\/v2\/categories?post=635023"},{"taxonomy":"post_tag","embeddable":true,"href":"https:\/\/www.zunoticia.com\/noticias-de-hidalgo\/wp-json\/wp\/v2\/tags?post=635023"}],"curies":[{"name":"wp","href":"https:\/\/api.w.org\/{rel}","templated":true}]}}