{"id":635034,"date":"2026-04-27T21:54:21","date_gmt":"2026-04-28T03:54:21","guid":{"rendered":"https:\/\/www.zunoticia.com\/noticias-de-hidalgo\/?p=635034"},"modified":"2026-04-27T21:54:22","modified_gmt":"2026-04-28T03:54:22","slug":"en-huejutla-se-hace-historia-con-emotiva-entrega-de-32-protesis-y-2-ortesis","status":"publish","type":"post","link":"https:\/\/www.zunoticia.com\/noticias-de-hidalgo\/2026\/04\/27\/en-huejutla-se-hace-historia-con-emotiva-entrega-de-32-protesis-y-2-ortesis\/","title":{"rendered":"En Huejutla se hace historia con emotiva entrega de 32 pr\u00f3tesis y 2 \u00f3rtesis"},"content":{"rendered":"<aside class=\"mashsb-container mashsb-main mashsb-stretched\"><div class=\"mashsb-box\"><div class=\"mashsb-count mash-large\" style=\"float:left\"><div class=\"counts mashsbcount\">0<\/div><span class=\"mashsb-sharetext\">SHARES<\/span><\/div><div class=\"mashsb-buttons\"><a class=\"mashicon-facebook mash-large mash-center mashsb-noshadow\" href=\"https:\/\/www.facebook.com\/sharer.php?u=https%3A%2F%2Fwww.zunoticia.com%2Fnoticias-de-hidalgo%2F2026%2F04%2F27%2Fen-huejutla-se-hace-historia-con-emotiva-entrega-de-32-protesis-y-2-ortesis%2F\" target=\"_top\" rel=\"nofollow\"><span class=\"icon\"><\/span><span class=\"text\">Share<\/span><\/a><a class=\"mashicon-twitter mash-large mash-center mashsb-noshadow\" href=\"https:\/\/twitter.com\/intent\/tweet?text=&amp;url=https:\/\/www.zunoticia.com\/noticias-de-hidalgo\/2026\/04\/27\/en-huejutla-se-hace-historia-con-emotiva-entrega-de-32-protesis-y-2-ortesis\/\" target=\"_top\" rel=\"nofollow\"><span class=\"icon\"><\/span><span class=\"text\">Tweet<\/span><\/a><div class=\"onoffswitch2 mash-large mashsb-noshadow\" style=\"display:none\"><\/div><\/div>\n            <\/div>\n                <div style=\"clear:both\"><\/div><div class=\"mashsb-toggle-container\"><\/div><\/aside>\n            <!-- Share buttons by mashshare.net - Version: 4.0.47-->\n<p><em>Por Redacci\u00f3n\/Zunoticia<\/em><\/p>\n\n\n\n<p><strong>Huejutla de Reyes, Hgo.-<\/strong> Emotivo, alegre y lleno de esperanza, as\u00ed fue el evento en el que, gracias al esfuerzo del Gobierno Municipal, el DIF Huejutla, el Voluntariado \u201cVoluntades que Transforman\u201d y la sociedad civil, se entregaron 32 pr\u00f3tesis y 2 \u00f3rtesis a 29 personas que, a partir de este beneficio, ver\u00e1n un cambio positivo en sus vidas y una nueva oportunidad para salir adelante.<\/p>\n\n\n\n<p>El Lic. Jos\u00e9 Alfredo San Rom\u00e1n Duval, Presidente Municipal de Huejutla; la Dra. Kristel Rodr\u00edguez Flores, Presidenta del DIF Huejutla; la Profra. Adela P\u00e9rez Espinoza, representante del Voluntariado; la Lic. Cristina Picazo S\u00e1nchez y Ashton Stoop, representante y director t\u00e9cnico de la Cl\u00ednica de Rehabilitaci\u00f3n Humana 279 de la Ciudad de M\u00e9xico, presidieron el acto protocolario realizado la ma\u00f1ana de este lunes en la Plaza 21 de Mayo, en la zona centro de la ciudad.<\/p>\n\n\n\n<figure class=\"wp-block-image size-large\"><img fetchpriority=\"high\" decoding=\"async\" width=\"1024\" height=\"538\" src=\"https:\/\/www.zunoticia.com\/noticias-de-hidalgo\/wp-content\/uploads\/2026\/04\/protesis2-1024x538.jpg\" alt=\"\" class=\"wp-image-635025\" srcset=\"https:\/\/www.zunoticia.com\/noticias-de-hidalgo\/wp-content\/uploads\/2026\/04\/protesis2-1024x538.jpg 1024w, https:\/\/www.zunoticia.com\/noticias-de-hidalgo\/wp-content\/uploads\/2026\/04\/protesis2-300x158.jpg 300w, https:\/\/www.zunoticia.com\/noticias-de-hidalgo\/wp-content\/uploads\/2026\/04\/protesis2-768x403.jpg 768w, https:\/\/www.zunoticia.com\/noticias-de-hidalgo\/wp-content\/uploads\/2026\/04\/protesis2.jpg 1200w\" sizes=\"(max-width: 1024px) 100vw, 1024px\" \/><\/figure>\n\n\n\n<p>Ante la mirada de cientos de personas que fueron testigos de este acto de amor al pr\u00f3jimo, se llev\u00f3 a cabo una ceremonia que demostr\u00f3 que la uni\u00f3n de esfuerzos en torno a un objetivo com\u00fan siempre da buenos resultados, siendo ejemplo de ello el trabajo realizado para concretar este noble proyecto, que representa el primer paso hacia un futuro mejor para las y los beneficiarios.<\/p>\n\n\n\n<figure class=\"wp-block-image size-large\"><img decoding=\"async\" width=\"1024\" height=\"538\" src=\"https:\/\/www.zunoticia.com\/noticias-de-hidalgo\/wp-content\/uploads\/2026\/04\/protesis1-1024x538.jpg\" alt=\"\" class=\"wp-image-635026\" srcset=\"https:\/\/www.zunoticia.com\/noticias-de-hidalgo\/wp-content\/uploads\/2026\/04\/protesis1-1024x538.jpg 1024w, https:\/\/www.zunoticia.com\/noticias-de-hidalgo\/wp-content\/uploads\/2026\/04\/protesis1-300x158.jpg 300w, https:\/\/www.zunoticia.com\/noticias-de-hidalgo\/wp-content\/uploads\/2026\/04\/protesis1-768x403.jpg 768w, https:\/\/www.zunoticia.com\/noticias-de-hidalgo\/wp-content\/uploads\/2026\/04\/protesis1.jpg 1200w\" sizes=\"(max-width: 1024px) 100vw, 1024px\" \/><\/figure>\n\n\n\n<p>Al hacer uso de la palabra y presentar algunas de las historias de vida que a partir de hoy se transforman, la Dra. Kristel Rodr\u00edguez Flores destac\u00f3 la tenacidad, resiliencia y valent\u00eda de los hombres, mujeres y ni\u00f1os que recibieron estas pr\u00f3tesis, as\u00ed como la de sus familiares que les han acompa\u00f1ado para superar retos y vencer adversidades, refrend\u00e1ndoles el total apoyo del DIF en esta nueva etapa.<\/p>\n\n\n\n<figure class=\"wp-block-image size-large\"><img decoding=\"async\" width=\"1024\" height=\"538\" src=\"https:\/\/www.zunoticia.com\/noticias-de-hidalgo\/wp-content\/uploads\/2026\/04\/protesis3-1024x538.jpg\" alt=\"\" class=\"wp-image-635028\" srcset=\"https:\/\/www.zunoticia.com\/noticias-de-hidalgo\/wp-content\/uploads\/2026\/04\/protesis3-1024x538.jpg 1024w, https:\/\/www.zunoticia.com\/noticias-de-hidalgo\/wp-content\/uploads\/2026\/04\/protesis3-300x158.jpg 300w, https:\/\/www.zunoticia.com\/noticias-de-hidalgo\/wp-content\/uploads\/2026\/04\/protesis3-768x403.jpg 768w, https:\/\/www.zunoticia.com\/noticias-de-hidalgo\/wp-content\/uploads\/2026\/04\/protesis3.jpg 1200w\" sizes=\"(max-width: 1024px) 100vw, 1024px\" \/><\/figure>\n\n\n\n<p>Por su parte, el Lic. Jos\u00e9 Alfredo San Rom\u00e1n agradeci\u00f3 a todas y todos los involucrados en la puesta en marcha de este proyecto, que se caracteriza por brindar un trato humano a las y los beneficiarios, atenci\u00f3n especializada y productos de alta calidad, y que abre sus puertas a quienes lo necesitan, sin importar fronteras. Asimismo, anunci\u00f3 que se realizar\u00e1n m\u00e1s valoraciones para ampliar el n\u00famero de beneficiarios, sin importar si son de este municipio o no, as\u00ed como la puesta en marcha de otras actividades en las que la participaci\u00f3n ciudadana ser\u00e1 fundamental.<\/p>\n\n\n\n<figure class=\"wp-block-image size-large\"><img loading=\"lazy\" decoding=\"async\" width=\"1024\" height=\"538\" src=\"https:\/\/www.zunoticia.com\/noticias-de-hidalgo\/wp-content\/uploads\/2026\/04\/protesis5-1024x538.jpg\" alt=\"\" class=\"wp-image-635027\" srcset=\"https:\/\/www.zunoticia.com\/noticias-de-hidalgo\/wp-content\/uploads\/2026\/04\/protesis5-1024x538.jpg 1024w, https:\/\/www.zunoticia.com\/noticias-de-hidalgo\/wp-content\/uploads\/2026\/04\/protesis5-300x158.jpg 300w, https:\/\/www.zunoticia.com\/noticias-de-hidalgo\/wp-content\/uploads\/2026\/04\/protesis5-768x403.jpg 768w, https:\/\/www.zunoticia.com\/noticias-de-hidalgo\/wp-content\/uploads\/2026\/04\/protesis5.jpg 1200w\" sizes=\"(max-width: 1024px) 100vw, 1024px\" \/><\/figure>\n\n\n\n<p>Como parte de este evento, tambi\u00e9n se realiz\u00f3 la entrega de apoyos econ\u00f3micos a ni\u00f1as y ni\u00f1os que, por su condici\u00f3n de salud, se encuentran en situaci\u00f3n de vulnerabilidad; todo ello gracias al impulso brindado desde el Sistema DIF y el Voluntariado &#8220;Voluntades que Transforman&#8221;, siempre bajo los principios de un Gobierno que Transforma y que, en materia de asistencia social, cada vez se mantiene M\u00e1s cerca de Ti.<\/p>\n\n\n\n<figure class=\"wp-block-image size-large\"><img loading=\"lazy\" decoding=\"async\" width=\"1024\" height=\"538\" src=\"https:\/\/www.zunoticia.com\/noticias-de-hidalgo\/wp-content\/uploads\/2026\/04\/protesis4-1024x538.jpg\" alt=\"\" class=\"wp-image-635029\" srcset=\"https:\/\/www.zunoticia.com\/noticias-de-hidalgo\/wp-content\/uploads\/2026\/04\/protesis4-1024x538.jpg 1024w, https:\/\/www.zunoticia.com\/noticias-de-hidalgo\/wp-content\/uploads\/2026\/04\/protesis4-300x158.jpg 300w, https:\/\/www.zunoticia.com\/noticias-de-hidalgo\/wp-content\/uploads\/2026\/04\/protesis4-768x403.jpg 768w, https:\/\/www.zunoticia.com\/noticias-de-hidalgo\/wp-content\/uploads\/2026\/04\/protesis4.jpg 1200w\" sizes=\"(max-width: 1024px) 100vw, 1024px\" \/><\/figure>\n","protected":false},"excerpt":{"rendered":"<p>Por Redacci\u00f3n\/Zunoticia Huejutla de Reyes, Hgo.- Emotivo, alegre y lleno de esperanza, as\u00ed fue el evento en el que, gracias al esfuerzo del Gobierno Municipal, el DIF Huejutla, el Voluntariado \u201cVoluntades que Transforman\u201d y la sociedad civil, se entregaron 32 pr\u00f3tesis y 2 \u00f3rtesis a 29 personas que, a partir de este beneficio, ver\u00e1n un&hellip; <a class=\"more-link\" href=\"https:\/\/www.zunoticia.com\/noticias-de-hidalgo\/2026\/04\/27\/en-huejutla-se-hace-historia-con-emotiva-entrega-de-32-protesis-y-2-ortesis\/\">Seguir leyendo <span class=\"screen-reader-text\">En Huejutla se hace historia con emotiva entrega de 32 pr\u00f3tesis y 2 \u00f3rtesis<\/span><\/a><\/p>\n","protected":false},"author":13,"featured_media":635024,"comment_status":"open","ping_status":"open","sticky":false,"template":"","format":"standard","meta":{"rop_custom_images_group":[],"rop_custom_messages_group":[],"rop_publish_now":"initial","rop_publish_now_accounts":{"facebook_10159540855086992_322828327761733":""},"rop_publish_now_history":[],"rop_publish_now_status":"pending","footnotes":""},"categories":[181],"tags":[121],"class_list":["post-635034","post","type-post","status-publish","format-standard","has-post-thumbnail","hentry","category-huejutla","tag-huejutla","entry"],"_links":{"self":[{"href":"https:\/\/www.zunoticia.com\/noticias-de-hidalgo\/wp-json\/wp\/v2\/posts\/635034","targetHints":{"allow":["GET"]}}],"collection":[{"href":"https:\/\/www.zunoticia.com\/noticias-de-hidalgo\/wp-json\/wp\/v2\/posts"}],"about":[{"href":"https:\/\/www.zunoticia.com\/noticias-de-hidalgo\/wp-json\/wp\/v2\/types\/post"}],"author":[{"embeddable":true,"href":"https:\/\/www.zunoticia.com\/noticias-de-hidalgo\/wp-json\/wp\/v2\/users\/13"}],"replies":[{"embeddable":true,"href":"https:\/\/www.zunoticia.com\/noticias-de-hidalgo\/wp-json\/wp\/v2\/comments?post=635034"}],"version-history":[{"count":1,"href":"https:\/\/www.zunoticia.com\/noticias-de-hidalgo\/wp-json\/wp\/v2\/posts\/635034\/revisions"}],"predecessor-version":[{"id":635035,"href":"https:\/\/www.zunoticia.com\/noticias-de-hidalgo\/wp-json\/wp\/v2\/posts\/635034\/revisions\/635035"}],"wp:featuredmedia":[{"embeddable":true,"href":"https:\/\/www.zunoticia.com\/noticias-de-hidalgo\/wp-json\/wp\/v2\/media\/635024"}],"wp:attachment":[{"href":"https:\/\/www.zunoticia.com\/noticias-de-hidalgo\/wp-json\/wp\/v2\/media?parent=635034"}],"wp:term":[{"taxonomy":"category","embeddable":true,"href":"https:\/\/www.zunoticia.com\/noticias-de-hidalgo\/wp-json\/wp\/v2\/categories?post=635034"},{"taxonomy":"post_tag","embeddable":true,"href":"https:\/\/www.zunoticia.com\/noticias-de-hidalgo\/wp-json\/wp\/v2\/tags?post=635034"}],"curies":[{"name":"wp","href":"https:\/\/api.w.org\/{rel}","templated":true}]}}