{"id":635064,"date":"2026-04-28T10:50:19","date_gmt":"2026-04-28T16:50:19","guid":{"rendered":"https:\/\/www.zunoticia.com\/noticias-de-hidalgo\/?p=635064"},"modified":"2026-04-28T10:50:21","modified_gmt":"2026-04-28T16:50:21","slug":"incrementan-avistamientos-de-abejas-en-huejutla-llaman-a-no-molestarlas","status":"publish","type":"post","link":"https:\/\/www.zunoticia.com\/noticias-de-hidalgo\/2026\/04\/28\/incrementan-avistamientos-de-abejas-en-huejutla-llaman-a-no-molestarlas\/","title":{"rendered":"Incrementan avistamientos de abejas en Huejutla; llaman a no molestarlas"},"content":{"rendered":"<aside class=\"mashsb-container mashsb-main mashsb-stretched\"><div class=\"mashsb-box\"><div class=\"mashsb-count mash-large\" style=\"float:left\"><div class=\"counts mashsbcount\">0<\/div><span class=\"mashsb-sharetext\">SHARES<\/span><\/div><div class=\"mashsb-buttons\"><a class=\"mashicon-facebook mash-large mash-center mashsb-noshadow\" href=\"https:\/\/www.facebook.com\/sharer.php?u=https%3A%2F%2Fwww.zunoticia.com%2Fnoticias-de-hidalgo%2F2026%2F04%2F28%2Fincrementan-avistamientos-de-abejas-en-huejutla-llaman-a-no-molestarlas%2F\" target=\"_top\" rel=\"nofollow\"><span class=\"icon\"><\/span><span class=\"text\">Share<\/span><\/a><a class=\"mashicon-twitter mash-large mash-center mashsb-noshadow\" href=\"https:\/\/twitter.com\/intent\/tweet?text=&amp;url=https:\/\/www.zunoticia.com\/noticias-de-hidalgo\/2026\/04\/28\/incrementan-avistamientos-de-abejas-en-huejutla-llaman-a-no-molestarlas\/\" target=\"_top\" rel=\"nofollow\"><span class=\"icon\"><\/span><span class=\"text\">Tweet<\/span><\/a><div class=\"onoffswitch2 mash-large mashsb-noshadow\" style=\"display:none\"><\/div><\/div>\n            <\/div>\n                <div style=\"clear:both\"><\/div><div class=\"mashsb-toggle-container\"><\/div><\/aside>\n            <!-- Share buttons by mashshare.net - Version: 4.0.47-->\n<p><em>Por Enedino Hern\u00e1ndez \/ Zunoticia<\/em><\/p>\n\n\n\n<p><strong>Huejutla, Hgo<\/strong>.- El director de Protecci\u00f3n Civil en el municipio, H\u00e9ctor Armando G\u00f3mez Hern\u00e1ndez, inform\u00f3 que en los \u00faltimos d\u00edas se ha registrado un incremento en los reportes por avistamientos de abejas en distintos puntos de la ciudad, situaci\u00f3n que ha sido atendida de manera oportuna por las autoridades.<\/p>\n\n\n\n<p>El funcionario explic\u00f3 que tan solo la semana pasada se recibieron siete reportes en lugares como escuelas, galeras, \u00e1rboles y viviendas, los cuales en su mayor\u00eda fueron atendidos satisfactoriamente.<\/p>\n\n\n\n<p>Asimismo, H\u00e9ctor Armando G\u00f3mez Hern\u00e1ndez, se\u00f1al\u00f3 que estos insectos son altamente ben\u00e9ficos para el medio ambiente, por lo que su manejo debe realizarse de forma adecuada.<\/p>\n\n\n\n<p>Indic\u00f3 que previo a la intervenci\u00f3n, se solicita evidencia fotogr\u00e1fica para determinar el tipo de atenci\u00f3n que se brindar\u00e1, ya sea directamente por personal de emergencia o mediante el apoyo de un apicultor, a quien contactan a trav\u00e9s del Cuerpo de Bomberos; el objetivo principal es capturar a las abejas y trasladarlas a un sitio seguro donde puedan continuar con su labor ecol\u00f3gica.<\/p>\n\n\n\n<p>Detall\u00f3 que en uno de los casos registrados fue en la colonia Paso Las Chacas, las abejas se hab\u00edan posado en un \u00e1rbol de gran altura, lo que gener\u00f3 alarma entre los vecinos; sin embargo, cuando el personal acudi\u00f3 al lugar, los insectos ya se hab\u00edan retirado, pues suelen permanecer s\u00f3lo de manera temporal mientras descansan o migran.<\/p>\n\n\n\n<p>A\u00f1adi\u00f3 que tambi\u00e9n existen reportes de abejas que se establecen en \u00e1rboles huecos, tuber\u00edas u otros espacios, donde incluso llegan a producir miel, en estos casos, su retiro es posible siempre y cuando las condiciones lo permitan.<\/p>\n\n\n\n<p>Finalmente, el titular de Protecci\u00f3n Civil hizo un llamado a la poblaci\u00f3n a no agredir ni intentar ahuyentar a las abejas, ya que por lo general no atacan si no se les molesta; recomend\u00f3 evitar pr\u00e1cticas como arrojarles agua con jab\u00f3n u otras sustancias, al tiempo que reiter\u00f3 que estos insectos son fundamentales para el equilibrio del ecosistema.<\/p>\n","protected":false},"excerpt":{"rendered":"<p>Por Enedino Hern\u00e1ndez \/ Zunoticia Huejutla, Hgo.- El director de Protecci\u00f3n Civil en el municipio, H\u00e9ctor Armando G\u00f3mez Hern\u00e1ndez, inform\u00f3 que en los \u00faltimos d\u00edas se ha registrado un incremento en los reportes por avistamientos de abejas en distintos puntos de la ciudad, situaci\u00f3n que ha sido atendida de manera oportuna por las autoridades. El&hellip; <a class=\"more-link\" href=\"https:\/\/www.zunoticia.com\/noticias-de-hidalgo\/2026\/04\/28\/incrementan-avistamientos-de-abejas-en-huejutla-llaman-a-no-molestarlas\/\">Seguir leyendo <span class=\"screen-reader-text\">Incrementan avistamientos de abejas en Huejutla; llaman a no molestarlas<\/span><\/a><\/p>\n","protected":false},"author":20,"featured_media":635065,"comment_status":"open","ping_status":"open","sticky":false,"template":"","format":"standard","meta":{"rop_custom_images_group":[],"rop_custom_messages_group":[],"rop_publish_now":"initial","rop_publish_now_accounts":{"facebook_10159540855086992_322828327761733":""},"rop_publish_now_history":[],"rop_publish_now_status":"pending","footnotes":""},"categories":[181],"tags":[121],"class_list":["post-635064","post","type-post","status-publish","format-standard","has-post-thumbnail","hentry","category-huejutla","tag-huejutla","entry"],"_links":{"self":[{"href":"https:\/\/www.zunoticia.com\/noticias-de-hidalgo\/wp-json\/wp\/v2\/posts\/635064","targetHints":{"allow":["GET"]}}],"collection":[{"href":"https:\/\/www.zunoticia.com\/noticias-de-hidalgo\/wp-json\/wp\/v2\/posts"}],"about":[{"href":"https:\/\/www.zunoticia.com\/noticias-de-hidalgo\/wp-json\/wp\/v2\/types\/post"}],"author":[{"embeddable":true,"href":"https:\/\/www.zunoticia.com\/noticias-de-hidalgo\/wp-json\/wp\/v2\/users\/20"}],"replies":[{"embeddable":true,"href":"https:\/\/www.zunoticia.com\/noticias-de-hidalgo\/wp-json\/wp\/v2\/comments?post=635064"}],"version-history":[{"count":1,"href":"https:\/\/www.zunoticia.com\/noticias-de-hidalgo\/wp-json\/wp\/v2\/posts\/635064\/revisions"}],"predecessor-version":[{"id":635066,"href":"https:\/\/www.zunoticia.com\/noticias-de-hidalgo\/wp-json\/wp\/v2\/posts\/635064\/revisions\/635066"}],"wp:featuredmedia":[{"embeddable":true,"href":"https:\/\/www.zunoticia.com\/noticias-de-hidalgo\/wp-json\/wp\/v2\/media\/635065"}],"wp:attachment":[{"href":"https:\/\/www.zunoticia.com\/noticias-de-hidalgo\/wp-json\/wp\/v2\/media?parent=635064"}],"wp:term":[{"taxonomy":"category","embeddable":true,"href":"https:\/\/www.zunoticia.com\/noticias-de-hidalgo\/wp-json\/wp\/v2\/categories?post=635064"},{"taxonomy":"post_tag","embeddable":true,"href":"https:\/\/www.zunoticia.com\/noticias-de-hidalgo\/wp-json\/wp\/v2\/tags?post=635064"}],"curies":[{"name":"wp","href":"https:\/\/api.w.org\/{rel}","templated":true}]}}