{"id":635067,"date":"2026-04-28T11:16:19","date_gmt":"2026-04-28T17:16:19","guid":{"rendered":"https:\/\/www.zunoticia.com\/noticias-de-hidalgo\/?p=635067"},"modified":"2026-04-28T11:16:21","modified_gmt":"2026-04-28T17:16:21","slug":"primaria-realiza-activacion-fisica-como-parte-de-la-semana-del-nino","status":"publish","type":"post","link":"https:\/\/www.zunoticia.com\/noticias-de-hidalgo\/2026\/04\/28\/primaria-realiza-activacion-fisica-como-parte-de-la-semana-del-nino\/","title":{"rendered":"Primaria realiza Activaci\u00f3n F\u00edsica como parte de la Semana del Ni\u00f1o"},"content":{"rendered":"<aside class=\"mashsb-container mashsb-main mashsb-stretched\"><div class=\"mashsb-box\"><div class=\"mashsb-count mash-large\" style=\"float:left\"><div class=\"counts mashsbcount\">0<\/div><span class=\"mashsb-sharetext\">SHARES<\/span><\/div><div class=\"mashsb-buttons\"><a class=\"mashicon-facebook mash-large mash-center mashsb-noshadow\" href=\"https:\/\/www.facebook.com\/sharer.php?u=https%3A%2F%2Fwww.zunoticia.com%2Fnoticias-de-hidalgo%2F2026%2F04%2F28%2Fprimaria-realiza-activacion-fisica-como-parte-de-la-semana-del-nino%2F\" target=\"_top\" rel=\"nofollow\"><span class=\"icon\"><\/span><span class=\"text\">Share<\/span><\/a><a class=\"mashicon-twitter mash-large mash-center mashsb-noshadow\" href=\"https:\/\/twitter.com\/intent\/tweet?text=&amp;url=https:\/\/www.zunoticia.com\/noticias-de-hidalgo\/2026\/04\/28\/primaria-realiza-activacion-fisica-como-parte-de-la-semana-del-nino\/\" target=\"_top\" rel=\"nofollow\"><span class=\"icon\"><\/span><span class=\"text\">Tweet<\/span><\/a><div class=\"onoffswitch2 mash-large mashsb-noshadow\" style=\"display:none\"><\/div><\/div>\n            <\/div>\n                <div style=\"clear:both\"><\/div><div class=\"mashsb-toggle-container\"><\/div><\/aside>\n            <!-- Share buttons by mashshare.net - Version: 4.0.47-->\n<p><em>Por Enedino Hern\u00e1ndez \/ Zunoticia<\/em><\/p>\n\n\n\n<p><strong>Huejutla, Hgo<\/strong>.- Alumnos y maestros de primero a sexto grado de la Escuela Primaria &#8216;Benito Ju\u00e1rez&#8217;, de la colonia Centro en Huejutla de Reyes, realizaron una Activaci\u00f3n F\u00edsica como parte de las acciones de la Semana del Ni\u00f1o.<\/p>\n\n\n\n<p>El director de la Escuela Primaria \u2018Benito Ju\u00e1rez\u2019, Miguel Cruz Reyes, confirma que la Activaci\u00f3n F\u00edsica se llev\u00f3 a cabo durante la ma\u00f1ana de este martes 28 de abril en la explanada del reloj municipal.<\/p>\n\n\n\n<figure class=\"wp-block-image size-full\"><img fetchpriority=\"high\" decoding=\"async\" width=\"933\" height=\"524\" src=\"https:\/\/www.zunoticia.com\/noticias-de-hidalgo\/wp-content\/uploads\/2026\/04\/Zunoticia-Huejutla-1-185.png\" alt=\"\" class=\"wp-image-635069\" srcset=\"https:\/\/www.zunoticia.com\/noticias-de-hidalgo\/wp-content\/uploads\/2026\/04\/Zunoticia-Huejutla-1-185.png 933w, https:\/\/www.zunoticia.com\/noticias-de-hidalgo\/wp-content\/uploads\/2026\/04\/Zunoticia-Huejutla-1-185-300x168.png 300w, https:\/\/www.zunoticia.com\/noticias-de-hidalgo\/wp-content\/uploads\/2026\/04\/Zunoticia-Huejutla-1-185-768x431.png 768w\" sizes=\"(max-width: 933px) 100vw, 933px\" \/><\/figure>\n\n\n\n<p>Asimismo, dijo que, en este evento de actividad f\u00edsica se cont\u00f3 con la participaci\u00f3n de 579 alumnos de primero a sexto grado, de la citada instituci\u00f3n educativa.<\/p>\n\n\n\n<p>Subraya que la organizaci\u00f3n de la Activaci\u00f3n F\u00edsica de la escuela primaria estuvo a cargo del profesor Vidal Espinoza Salas, quien es maestro de Educaci\u00f3n F\u00edsica de la misma instituci\u00f3n.<\/p>\n","protected":false},"excerpt":{"rendered":"<p>Por Enedino Hern\u00e1ndez \/ Zunoticia Huejutla, Hgo.- Alumnos y maestros de primero a sexto grado de la Escuela Primaria &#8216;Benito Ju\u00e1rez&#8217;, de la colonia Centro en Huejutla de Reyes, realizaron una Activaci\u00f3n F\u00edsica como parte de las acciones de la Semana del Ni\u00f1o. El director de la Escuela Primaria \u2018Benito Ju\u00e1rez\u2019, Miguel Cruz Reyes, confirma&hellip; <a class=\"more-link\" href=\"https:\/\/www.zunoticia.com\/noticias-de-hidalgo\/2026\/04\/28\/primaria-realiza-activacion-fisica-como-parte-de-la-semana-del-nino\/\">Seguir leyendo <span class=\"screen-reader-text\">Primaria realiza Activaci\u00f3n F\u00edsica como parte de la Semana del Ni\u00f1o<\/span><\/a><\/p>\n","protected":false},"author":20,"featured_media":635068,"comment_status":"open","ping_status":"open","sticky":false,"template":"","format":"standard","meta":{"rop_custom_images_group":[],"rop_custom_messages_group":[],"rop_publish_now":"initial","rop_publish_now_accounts":{"facebook_10159540855086992_322828327761733":""},"rop_publish_now_history":[],"rop_publish_now_status":"pending","footnotes":""},"categories":[181],"tags":[121],"class_list":["post-635067","post","type-post","status-publish","format-standard","has-post-thumbnail","hentry","category-huejutla","tag-huejutla","entry"],"_links":{"self":[{"href":"https:\/\/www.zunoticia.com\/noticias-de-hidalgo\/wp-json\/wp\/v2\/posts\/635067","targetHints":{"allow":["GET"]}}],"collection":[{"href":"https:\/\/www.zunoticia.com\/noticias-de-hidalgo\/wp-json\/wp\/v2\/posts"}],"about":[{"href":"https:\/\/www.zunoticia.com\/noticias-de-hidalgo\/wp-json\/wp\/v2\/types\/post"}],"author":[{"embeddable":true,"href":"https:\/\/www.zunoticia.com\/noticias-de-hidalgo\/wp-json\/wp\/v2\/users\/20"}],"replies":[{"embeddable":true,"href":"https:\/\/www.zunoticia.com\/noticias-de-hidalgo\/wp-json\/wp\/v2\/comments?post=635067"}],"version-history":[{"count":1,"href":"https:\/\/www.zunoticia.com\/noticias-de-hidalgo\/wp-json\/wp\/v2\/posts\/635067\/revisions"}],"predecessor-version":[{"id":635070,"href":"https:\/\/www.zunoticia.com\/noticias-de-hidalgo\/wp-json\/wp\/v2\/posts\/635067\/revisions\/635070"}],"wp:featuredmedia":[{"embeddable":true,"href":"https:\/\/www.zunoticia.com\/noticias-de-hidalgo\/wp-json\/wp\/v2\/media\/635068"}],"wp:attachment":[{"href":"https:\/\/www.zunoticia.com\/noticias-de-hidalgo\/wp-json\/wp\/v2\/media?parent=635067"}],"wp:term":[{"taxonomy":"category","embeddable":true,"href":"https:\/\/www.zunoticia.com\/noticias-de-hidalgo\/wp-json\/wp\/v2\/categories?post=635067"},{"taxonomy":"post_tag","embeddable":true,"href":"https:\/\/www.zunoticia.com\/noticias-de-hidalgo\/wp-json\/wp\/v2\/tags?post=635067"}],"curies":[{"name":"wp","href":"https:\/\/api.w.org\/{rel}","templated":true}]}}