{"id":635077,"date":"2026-04-28T11:38:51","date_gmt":"2026-04-28T17:38:51","guid":{"rendered":"https:\/\/www.zunoticia.com\/noticias-de-hidalgo\/?p=635077"},"modified":"2026-04-28T11:38:53","modified_gmt":"2026-04-28T17:38:53","slug":"clausuraran-trabajos-del-primer-cabildo-infantil-en-huejutla","status":"publish","type":"post","link":"https:\/\/www.zunoticia.com\/noticias-de-hidalgo\/2026\/04\/28\/clausuraran-trabajos-del-primer-cabildo-infantil-en-huejutla\/","title":{"rendered":"Clausurar\u00e1n trabajos del Primer Cabildo Infantil en Huejutla"},"content":{"rendered":"<aside class=\"mashsb-container mashsb-main mashsb-stretched\"><div class=\"mashsb-box\"><div class=\"mashsb-count mash-large\" style=\"float:left\"><div class=\"counts mashsbcount\">0<\/div><span class=\"mashsb-sharetext\">SHARES<\/span><\/div><div class=\"mashsb-buttons\"><a class=\"mashicon-facebook mash-large mash-center mashsb-noshadow\" href=\"https:\/\/www.facebook.com\/sharer.php?u=https%3A%2F%2Fwww.zunoticia.com%2Fnoticias-de-hidalgo%2F2026%2F04%2F28%2Fclausuraran-trabajos-del-primer-cabildo-infantil-en-huejutla%2F\" target=\"_top\" rel=\"nofollow\"><span class=\"icon\"><\/span><span class=\"text\">Share<\/span><\/a><a class=\"mashicon-twitter mash-large mash-center mashsb-noshadow\" href=\"https:\/\/twitter.com\/intent\/tweet?text=&amp;url=https:\/\/www.zunoticia.com\/noticias-de-hidalgo\/2026\/04\/28\/clausuraran-trabajos-del-primer-cabildo-infantil-en-huejutla\/\" target=\"_top\" rel=\"nofollow\"><span class=\"icon\"><\/span><span class=\"text\">Tweet<\/span><\/a><div class=\"onoffswitch2 mash-large mashsb-noshadow\" style=\"display:none\"><\/div><\/div>\n            <\/div>\n                <div style=\"clear:both\"><\/div><div class=\"mashsb-toggle-container\"><\/div><\/aside>\n            <!-- Share buttons by mashshare.net - Version: 4.0.47-->\n<p><em>Por Enedino Hern\u00e1ndez\/Zunoticia<\/em><\/p>\n\n\n\n<p><strong>Huejutla, Hgo.-<\/strong> El Regidor Municipal, Jorge Lara Vite, confirm\u00f3 que durante este martes 28 de abril a las 16:00 horas, cuatro de la tarde, se llevar\u00e1 a cabo la clausura de los trabajos del Primer Cabildo Infantil en el municipio.<\/p>\n\n\n\n<p>El funcionario destac\u00f3 la amplia participaci\u00f3n del sector educativo, as\u00ed como el entusiasmo de las ni\u00f1as y ni\u00f1os que integraron este ejercicio c\u00edvico, el cual calific\u00f3 como un \u00e9xito.<\/p>\n\n\n\n<p>\u201cEstamos muy contentos por la respuesta que ha habido por parte del sector educativo, de los alumnos hoy integrantes de este cabildo infantil, y vienen algunas sorpresas que se han preparado para todos ellos\u201d.<\/p>\n\n\n\n<p>Subray\u00f3 que esta es la primera ocasi\u00f3n en que se realiza un Cabildo Infantil no solo en Huejutla, sino tambi\u00e9n en el estado de Hidalgo, resultado de un trabajo coordinado entre el sector educativo, el Instituto Nacional Electoral y el Ayuntamiento.<\/p>\n\n\n\n<p>Jorge Lara Vite, indic\u00f3 que la intenci\u00f3n es dar continuidad a este tipo de actividades en futuros periodos, debido a la buena respuesta obtenida en esta primera edici\u00f3n \u201cestamos muy sorprendidos, muy contentos por el desenvolvimiento y la capacidad que existe en la regi\u00f3n de la Huasteca y en espec\u00edfico en el municipio\u201d.<\/p>\n\n\n\n<p>A\u00f1adi\u00f3 que en este ejercicio participaron menores provenientes de diversas comunidades como Coacuilco y Tehuetl\u00e1n, entre otros lugares, mismos que demostraron habilidades y compromiso en el desarrollo de sus funciones dentro del Cabildo Infantil.<\/p>\n\n\n\n<p>Finalmente, reiter\u00f3 que este proyecto ha sido todo un \u00e9xito, por lo que se trabajar\u00e1 en mejorar algunos aspectos para fortalecer la participaci\u00f3n de la ni\u00f1ez en futuras ediciones en beneficio de los infantes de la regi\u00f3n.<\/p>\n","protected":false},"excerpt":{"rendered":"<p>Por Enedino Hern\u00e1ndez\/Zunoticia Huejutla, Hgo.- El Regidor Municipal, Jorge Lara Vite, confirm\u00f3 que durante este martes 28 de abril a las 16:00 horas, cuatro de la tarde, se llevar\u00e1 a cabo la clausura de los trabajos del Primer Cabildo Infantil en el municipio. El funcionario destac\u00f3 la amplia participaci\u00f3n del sector educativo, as\u00ed como el&hellip; <a class=\"more-link\" href=\"https:\/\/www.zunoticia.com\/noticias-de-hidalgo\/2026\/04\/28\/clausuraran-trabajos-del-primer-cabildo-infantil-en-huejutla\/\">Seguir leyendo <span class=\"screen-reader-text\">Clausurar\u00e1n trabajos del Primer Cabildo Infantil en Huejutla<\/span><\/a><\/p>\n","protected":false},"author":20,"featured_media":635078,"comment_status":"open","ping_status":"open","sticky":false,"template":"","format":"standard","meta":{"rop_custom_images_group":[],"rop_custom_messages_group":[],"rop_publish_now":"initial","rop_publish_now_accounts":{"facebook_10159540855086992_322828327761733":""},"rop_publish_now_history":[],"rop_publish_now_status":"pending","footnotes":""},"categories":[181],"tags":[121],"class_list":["post-635077","post","type-post","status-publish","format-standard","has-post-thumbnail","hentry","category-huejutla","tag-huejutla","entry"],"_links":{"self":[{"href":"https:\/\/www.zunoticia.com\/noticias-de-hidalgo\/wp-json\/wp\/v2\/posts\/635077","targetHints":{"allow":["GET"]}}],"collection":[{"href":"https:\/\/www.zunoticia.com\/noticias-de-hidalgo\/wp-json\/wp\/v2\/posts"}],"about":[{"href":"https:\/\/www.zunoticia.com\/noticias-de-hidalgo\/wp-json\/wp\/v2\/types\/post"}],"author":[{"embeddable":true,"href":"https:\/\/www.zunoticia.com\/noticias-de-hidalgo\/wp-json\/wp\/v2\/users\/20"}],"replies":[{"embeddable":true,"href":"https:\/\/www.zunoticia.com\/noticias-de-hidalgo\/wp-json\/wp\/v2\/comments?post=635077"}],"version-history":[{"count":1,"href":"https:\/\/www.zunoticia.com\/noticias-de-hidalgo\/wp-json\/wp\/v2\/posts\/635077\/revisions"}],"predecessor-version":[{"id":635079,"href":"https:\/\/www.zunoticia.com\/noticias-de-hidalgo\/wp-json\/wp\/v2\/posts\/635077\/revisions\/635079"}],"wp:featuredmedia":[{"embeddable":true,"href":"https:\/\/www.zunoticia.com\/noticias-de-hidalgo\/wp-json\/wp\/v2\/media\/635078"}],"wp:attachment":[{"href":"https:\/\/www.zunoticia.com\/noticias-de-hidalgo\/wp-json\/wp\/v2\/media?parent=635077"}],"wp:term":[{"taxonomy":"category","embeddable":true,"href":"https:\/\/www.zunoticia.com\/noticias-de-hidalgo\/wp-json\/wp\/v2\/categories?post=635077"},{"taxonomy":"post_tag","embeddable":true,"href":"https:\/\/www.zunoticia.com\/noticias-de-hidalgo\/wp-json\/wp\/v2\/tags?post=635077"}],"curies":[{"name":"wp","href":"https:\/\/api.w.org\/{rel}","templated":true}]}}