{"id":635085,"date":"2026-04-28T13:07:29","date_gmt":"2026-04-28T19:07:29","guid":{"rendered":"https:\/\/www.zunoticia.com\/noticias-de-hidalgo\/?p=635085"},"modified":"2026-04-28T13:07:30","modified_gmt":"2026-04-28T19:07:30","slug":"omaxal-comunidad-tochan-realizo-el-segundo-festival-konepakilistli","status":"publish","type":"post","link":"https:\/\/www.zunoticia.com\/noticias-de-hidalgo\/2026\/04\/28\/omaxal-comunidad-tochan-realizo-el-segundo-festival-konepakilistli\/","title":{"rendered":"Omaxal Comunidad Tochan realiz\u00f3 el segundo Festival \u201cKonepakilistli\u201d"},"content":{"rendered":"<aside class=\"mashsb-container mashsb-main mashsb-stretched\"><div class=\"mashsb-box\"><div class=\"mashsb-count mash-large\" style=\"float:left\"><div class=\"counts mashsbcount\">0<\/div><span class=\"mashsb-sharetext\">SHARES<\/span><\/div><div class=\"mashsb-buttons\"><a class=\"mashicon-facebook mash-large mash-center mashsb-noshadow\" href=\"https:\/\/www.facebook.com\/sharer.php?u=https%3A%2F%2Fwww.zunoticia.com%2Fnoticias-de-hidalgo%2F2026%2F04%2F28%2Fomaxal-comunidad-tochan-realizo-el-segundo-festival-konepakilistli%2F\" target=\"_top\" rel=\"nofollow\"><span class=\"icon\"><\/span><span class=\"text\">Share<\/span><\/a><a class=\"mashicon-twitter mash-large mash-center mashsb-noshadow\" href=\"https:\/\/twitter.com\/intent\/tweet?text=&amp;url=https:\/\/www.zunoticia.com\/noticias-de-hidalgo\/2026\/04\/28\/omaxal-comunidad-tochan-realizo-el-segundo-festival-konepakilistli\/\" target=\"_top\" rel=\"nofollow\"><span class=\"icon\"><\/span><span class=\"text\">Tweet<\/span><\/a><div class=\"onoffswitch2 mash-large mashsb-noshadow\" style=\"display:none\"><\/div><\/div>\n            <\/div>\n                <div style=\"clear:both\"><\/div><div class=\"mashsb-toggle-container\"><\/div><\/aside>\n            <!-- Share buttons by mashshare.net - Version: 4.0.47-->\n<p><em>Por Karen Rivera\/ Zunoticia<\/em><\/p>\n\n\n\n<p><strong>Huautla, Hgo.-<\/strong> El presidente de la Asociaci\u00f3n Civil Omaxal Comunidad Tochan, Octavio Dom\u00ednguez Rosas, inform\u00f3 que todo se encuentra listo para llevar a cabo el segundo d\u00eda del Festival del Ni\u00f1o y la Ni\u00f1a \u201cKonepakilistli\u201d, una iniciativa organizada en coordinaci\u00f3n con el Consejo Nacional de Fomento Educativo (CONAFE) de la Regi\u00f3n 10 Huautla.<\/p>\n\n\n\n<p>Destac\u00f3 que este esfuerzo es resultado de una estrecha colaboraci\u00f3n con maestras y maestros del programa CONAFE en las comunidades de la Regi\u00f3n 10 Huautla y Xochiatipan, con el objetivo de fortalecer la convivencia, el aprendizaje y el desarrollo integral de la ni\u00f1ez en zonas rurales.<\/p>\n\n\n\n<p>La jornada en Tamoy\u00f3n I cont\u00f3 con la participaci\u00f3n de diversas localidades y niveles educativos, entre ellas: Pepeyoca de Cabrera (preescolar y primaria), Chalacuaco (educaci\u00f3n inicial y primaria), Acatepec (educaci\u00f3n inicial), El Cojolite (educaci\u00f3n inicial y preescolar), Huazalinguillo (educaci\u00f3n inicial), Chipila (educaci\u00f3n inicial), Coatzonco (educaci\u00f3n inicial), Tamoy\u00f3n I (educaci\u00f3n inicial), Aquezpalco (educaci\u00f3n inicial), Terrero (educaci\u00f3n inicial), Vinasco (educaci\u00f3n inicial y primaria), Coatzacoatl (educaci\u00f3n inicial), Ixtlahuac (educaci\u00f3n inicial) y el Fraccionamiento N\u00fa\u00f1ez Soto en modalidad polivalente.<\/p>\n\n\n\n<p>Por otra parte, Dom\u00ednguez Rosas se\u00f1al\u00f3 que, durante la celebraci\u00f3n realizada previamente en Linda Vista, municipio de Xochiatipan, tambi\u00e9n se registr\u00f3 una amplia participaci\u00f3n comunitaria.<\/p>\n\n\n\n<figure class=\"wp-block-gallery has-nested-images columns-default is-cropped wp-block-gallery-1 is-layout-flex wp-block-gallery-is-layout-flex\">\n<figure class=\"wp-block-image size-large\"><img fetchpriority=\"high\" decoding=\"async\" width=\"933\" height=\"524\" data-id=\"635087\" src=\"https:\/\/www.zunoticia.com\/noticias-de-hidalgo\/wp-content\/uploads\/2026\/04\/Zunoticia-Huejutla-2-81.png\" alt=\"\" class=\"wp-image-635087\" srcset=\"https:\/\/www.zunoticia.com\/noticias-de-hidalgo\/wp-content\/uploads\/2026\/04\/Zunoticia-Huejutla-2-81.png 933w, https:\/\/www.zunoticia.com\/noticias-de-hidalgo\/wp-content\/uploads\/2026\/04\/Zunoticia-Huejutla-2-81-300x168.png 300w, https:\/\/www.zunoticia.com\/noticias-de-hidalgo\/wp-content\/uploads\/2026\/04\/Zunoticia-Huejutla-2-81-768x431.png 768w\" sizes=\"(max-width: 933px) 100vw, 933px\" \/><\/figure>\n\n\n\n<figure class=\"wp-block-image size-large\"><img decoding=\"async\" width=\"933\" height=\"524\" data-id=\"635088\" src=\"https:\/\/www.zunoticia.com\/noticias-de-hidalgo\/wp-content\/uploads\/2026\/04\/Zunoticia-Huejutla-1-187.png\" alt=\"\" class=\"wp-image-635088\" srcset=\"https:\/\/www.zunoticia.com\/noticias-de-hidalgo\/wp-content\/uploads\/2026\/04\/Zunoticia-Huejutla-1-187.png 933w, https:\/\/www.zunoticia.com\/noticias-de-hidalgo\/wp-content\/uploads\/2026\/04\/Zunoticia-Huejutla-1-187-300x168.png 300w, https:\/\/www.zunoticia.com\/noticias-de-hidalgo\/wp-content\/uploads\/2026\/04\/Zunoticia-Huejutla-1-187-768x431.png 768w\" sizes=\"(max-width: 933px) 100vw, 933px\" \/><\/figure>\n<\/figure>\n\n\n\n<p>En ese evento se sumaron localidades como Hueyajtetl (preescolar), El Zapote (educaci\u00f3n inicial), Xilico (educaci\u00f3n inicial), Xochiatipan (educaci\u00f3n inicial), Atlalco (educaci\u00f3n inicial), Xocotitla (educaci\u00f3n inicial), Santiago I (educaci\u00f3n inicial), Linda Vista, Atlajco (preescolar), Nuevo Acatepec (preescolar), Tlaltecatla (educaci\u00f3n inicial), Pocantla (educaci\u00f3n inicial), San Miguel (preescolar), Xochitl (preescolar) y Amolo en modalidad polivalente.<\/p>\n\n\n\n<p>El presidente de la asociaci\u00f3n civil subray\u00f3 que este festival busca promover espacios de inclusi\u00f3n, cultura y recreaci\u00f3n para ni\u00f1as y ni\u00f1os de comunidades ind\u00edgenas y rurales, fortaleciendo valores comunitarios y el acceso a actividades educativas y l\u00fadicas.<\/p>\n\n\n\n<p>Finalmente, reiter\u00f3 la invitaci\u00f3n a continuar participando en las actividades programadas, destacando la importancia del trabajo conjunto entre sociedad civil, autoridades educativas y comunidades para impulsar el bienestar de la ni\u00f1ez.<\/p>\n\n\n\n<p><\/p>\n\n\n\n<p><\/p>\n","protected":false},"excerpt":{"rendered":"<p>Por Karen Rivera\/ Zunoticia Huautla, Hgo.- El presidente de la Asociaci\u00f3n Civil Omaxal Comunidad Tochan, Octavio Dom\u00ednguez Rosas, inform\u00f3 que todo se encuentra listo para llevar a cabo el segundo d\u00eda del Festival del Ni\u00f1o y la Ni\u00f1a \u201cKonepakilistli\u201d, una iniciativa organizada en coordinaci\u00f3n con el Consejo Nacional de Fomento Educativo (CONAFE) de la Regi\u00f3n&hellip; <a class=\"more-link\" href=\"https:\/\/www.zunoticia.com\/noticias-de-hidalgo\/2026\/04\/28\/omaxal-comunidad-tochan-realizo-el-segundo-festival-konepakilistli\/\">Seguir leyendo <span class=\"screen-reader-text\">Omaxal Comunidad Tochan realiz\u00f3 el segundo Festival \u201cKonepakilistli\u201d<\/span><\/a><\/p>\n","protected":false},"author":20,"featured_media":635086,"comment_status":"open","ping_status":"open","sticky":false,"template":"","format":"standard","meta":{"rop_custom_images_group":[],"rop_custom_messages_group":[],"rop_publish_now":"initial","rop_publish_now_accounts":{"facebook_10159540855086992_322828327761733":""},"rop_publish_now_history":[],"rop_publish_now_status":"pending","footnotes":""},"categories":[179,199],"tags":[229,125],"class_list":["post-635085","post","type-post","status-publish","format-standard","has-post-thumbnail","hentry","category-huasteca","category-huautla","tag-huasteca","tag-huautla","entry"],"_links":{"self":[{"href":"https:\/\/www.zunoticia.com\/noticias-de-hidalgo\/wp-json\/wp\/v2\/posts\/635085","targetHints":{"allow":["GET"]}}],"collection":[{"href":"https:\/\/www.zunoticia.com\/noticias-de-hidalgo\/wp-json\/wp\/v2\/posts"}],"about":[{"href":"https:\/\/www.zunoticia.com\/noticias-de-hidalgo\/wp-json\/wp\/v2\/types\/post"}],"author":[{"embeddable":true,"href":"https:\/\/www.zunoticia.com\/noticias-de-hidalgo\/wp-json\/wp\/v2\/users\/20"}],"replies":[{"embeddable":true,"href":"https:\/\/www.zunoticia.com\/noticias-de-hidalgo\/wp-json\/wp\/v2\/comments?post=635085"}],"version-history":[{"count":1,"href":"https:\/\/www.zunoticia.com\/noticias-de-hidalgo\/wp-json\/wp\/v2\/posts\/635085\/revisions"}],"predecessor-version":[{"id":635089,"href":"https:\/\/www.zunoticia.com\/noticias-de-hidalgo\/wp-json\/wp\/v2\/posts\/635085\/revisions\/635089"}],"wp:featuredmedia":[{"embeddable":true,"href":"https:\/\/www.zunoticia.com\/noticias-de-hidalgo\/wp-json\/wp\/v2\/media\/635086"}],"wp:attachment":[{"href":"https:\/\/www.zunoticia.com\/noticias-de-hidalgo\/wp-json\/wp\/v2\/media?parent=635085"}],"wp:term":[{"taxonomy":"category","embeddable":true,"href":"https:\/\/www.zunoticia.com\/noticias-de-hidalgo\/wp-json\/wp\/v2\/categories?post=635085"},{"taxonomy":"post_tag","embeddable":true,"href":"https:\/\/www.zunoticia.com\/noticias-de-hidalgo\/wp-json\/wp\/v2\/tags?post=635085"}],"curies":[{"name":"wp","href":"https:\/\/api.w.org\/{rel}","templated":true}]}}