{"id":635090,"date":"2026-04-28T13:25:37","date_gmt":"2026-04-28T19:25:37","guid":{"rendered":"https:\/\/www.zunoticia.com\/noticias-de-hidalgo\/?p=635090"},"modified":"2026-04-28T13:25:39","modified_gmt":"2026-04-28T19:25:39","slug":"llaman-a-proteger-y-educar-a-la-ninez-mas-alla-del-dia-del-nino","status":"publish","type":"post","link":"https:\/\/www.zunoticia.com\/noticias-de-hidalgo\/2026\/04\/28\/llaman-a-proteger-y-educar-a-la-ninez-mas-alla-del-dia-del-nino\/","title":{"rendered":"Llaman a proteger y educar a la ni\u00f1ez m\u00e1s all\u00e1 del D\u00eda del Ni\u00f1o"},"content":{"rendered":"<aside class=\"mashsb-container mashsb-main mashsb-stretched\"><div class=\"mashsb-box\"><div class=\"mashsb-count mash-large\" style=\"float:left\"><div class=\"counts mashsbcount\">0<\/div><span class=\"mashsb-sharetext\">SHARES<\/span><\/div><div class=\"mashsb-buttons\"><a class=\"mashicon-facebook mash-large mash-center mashsb-noshadow\" href=\"https:\/\/www.facebook.com\/sharer.php?u=https%3A%2F%2Fwww.zunoticia.com%2Fnoticias-de-hidalgo%2F2026%2F04%2F28%2Fllaman-a-proteger-y-educar-a-la-ninez-mas-alla-del-dia-del-nino%2F\" target=\"_top\" rel=\"nofollow\"><span class=\"icon\"><\/span><span class=\"text\">Share<\/span><\/a><a class=\"mashicon-twitter mash-large mash-center mashsb-noshadow\" href=\"https:\/\/twitter.com\/intent\/tweet?text=&amp;url=https:\/\/www.zunoticia.com\/noticias-de-hidalgo\/2026\/04\/28\/llaman-a-proteger-y-educar-a-la-ninez-mas-alla-del-dia-del-nino\/\" target=\"_top\" rel=\"nofollow\"><span class=\"icon\"><\/span><span class=\"text\">Tweet<\/span><\/a><div class=\"onoffswitch2 mash-large mashsb-noshadow\" style=\"display:none\"><\/div><\/div>\n            <\/div>\n                <div style=\"clear:both\"><\/div><div class=\"mashsb-toggle-container\"><\/div><\/aside>\n            <!-- Share buttons by mashshare.net - Version: 4.0.47-->\n<p><em>Por Enedino Hern\u00e1ndez \/ Zunoticia<\/em><\/p>\n\n\n\n<p><strong>Huejutla, Hgo<\/strong>.- En el marco de la pr\u00f3xima celebraci\u00f3n del D\u00eda del Ni\u00f1o, el sacerdote cat\u00f3lico Jes\u00fas Morf\u00edn Cartagena hizo un llamado a la sociedad en general a brindar atenci\u00f3n, cuidado y formaci\u00f3n constante a ni\u00f1as y ni\u00f1os, destacando que no debe limitarse a una sola fecha.<\/p>\n\n\n\n<p>Se\u00f1al\u00f3 que el 30 de abril es una tradici\u00f3n dedicada a reconocer a la ni\u00f1ez; sin embargo, enfatiz\u00f3 que m\u00e1s all\u00e1 de los festejos, esta fecha debe servir como un recordatorio permanente sobre la importancia de proteger y guiar a los menores, quienes describi\u00f3 como \u201cseres indefensos que requieren acompa\u00f1amiento en su desarrollo\u201d.<\/p>\n\n\n\n<p>Indic\u00f3 que la educaci\u00f3n y el apoyo desde temprana edad son fundamentales para que ni\u00f1as y ni\u00f1os puedan enfrentar las diversas situaciones que se presenten a lo largo de su vida.<\/p>\n\n\n\n<p>Asimismo, subray\u00f3 que no se trata \u00fanicamente de otorgar regalos materiales durante esta celebraci\u00f3n, sino de brindar amor y respeto todos los d\u00edas, valores que consider\u00f3 esenciales para su formaci\u00f3n integral.<\/p>\n\n\n\n<p>Coment\u00f3 que, aunque los obsequios pueden generar alegr\u00eda, los menores suelen encontrar felicidad en cosas sencillas, por lo que insisti\u00f3 en que el verdadero compromiso de los adultos debe centrarse en su bienestar emocional y desarrollo.<\/p>\n\n\n\n<p>Finalmente, record\u00f3 que el D\u00eda del Ni\u00f1o tambi\u00e9n invita a los adultos a reflexionar sobre la importancia de conservar valores como la inocencia, la ausencia de rencores y la convivencia sana, elementos que contribuyen a una sociedad m\u00e1s armoniosa.<\/p>\n","protected":false},"excerpt":{"rendered":"<p>Por Enedino Hern\u00e1ndez \/ Zunoticia Huejutla, Hgo.- En el marco de la pr\u00f3xima celebraci\u00f3n del D\u00eda del Ni\u00f1o, el sacerdote cat\u00f3lico Jes\u00fas Morf\u00edn Cartagena hizo un llamado a la sociedad en general a brindar atenci\u00f3n, cuidado y formaci\u00f3n constante a ni\u00f1as y ni\u00f1os, destacando que no debe limitarse a una sola fecha. Se\u00f1al\u00f3 que el&hellip; <a class=\"more-link\" href=\"https:\/\/www.zunoticia.com\/noticias-de-hidalgo\/2026\/04\/28\/llaman-a-proteger-y-educar-a-la-ninez-mas-alla-del-dia-del-nino\/\">Seguir leyendo <span class=\"screen-reader-text\">Llaman a proteger y educar a la ni\u00f1ez m\u00e1s all\u00e1 del D\u00eda del Ni\u00f1o<\/span><\/a><\/p>\n","protected":false},"author":20,"featured_media":635091,"comment_status":"open","ping_status":"open","sticky":false,"template":"","format":"standard","meta":{"rop_custom_images_group":[],"rop_custom_messages_group":[],"rop_publish_now":"initial","rop_publish_now_accounts":{"facebook_10159540855086992_322828327761733":""},"rop_publish_now_history":[],"rop_publish_now_status":"pending","footnotes":""},"categories":[181],"tags":[121],"class_list":["post-635090","post","type-post","status-publish","format-standard","has-post-thumbnail","hentry","category-huejutla","tag-huejutla","entry"],"_links":{"self":[{"href":"https:\/\/www.zunoticia.com\/noticias-de-hidalgo\/wp-json\/wp\/v2\/posts\/635090","targetHints":{"allow":["GET"]}}],"collection":[{"href":"https:\/\/www.zunoticia.com\/noticias-de-hidalgo\/wp-json\/wp\/v2\/posts"}],"about":[{"href":"https:\/\/www.zunoticia.com\/noticias-de-hidalgo\/wp-json\/wp\/v2\/types\/post"}],"author":[{"embeddable":true,"href":"https:\/\/www.zunoticia.com\/noticias-de-hidalgo\/wp-json\/wp\/v2\/users\/20"}],"replies":[{"embeddable":true,"href":"https:\/\/www.zunoticia.com\/noticias-de-hidalgo\/wp-json\/wp\/v2\/comments?post=635090"}],"version-history":[{"count":1,"href":"https:\/\/www.zunoticia.com\/noticias-de-hidalgo\/wp-json\/wp\/v2\/posts\/635090\/revisions"}],"predecessor-version":[{"id":635092,"href":"https:\/\/www.zunoticia.com\/noticias-de-hidalgo\/wp-json\/wp\/v2\/posts\/635090\/revisions\/635092"}],"wp:featuredmedia":[{"embeddable":true,"href":"https:\/\/www.zunoticia.com\/noticias-de-hidalgo\/wp-json\/wp\/v2\/media\/635091"}],"wp:attachment":[{"href":"https:\/\/www.zunoticia.com\/noticias-de-hidalgo\/wp-json\/wp\/v2\/media?parent=635090"}],"wp:term":[{"taxonomy":"category","embeddable":true,"href":"https:\/\/www.zunoticia.com\/noticias-de-hidalgo\/wp-json\/wp\/v2\/categories?post=635090"},{"taxonomy":"post_tag","embeddable":true,"href":"https:\/\/www.zunoticia.com\/noticias-de-hidalgo\/wp-json\/wp\/v2\/tags?post=635090"}],"curies":[{"name":"wp","href":"https:\/\/api.w.org\/{rel}","templated":true}]}}