{"id":635093,"date":"2026-04-28T14:13:38","date_gmt":"2026-04-28T20:13:38","guid":{"rendered":"https:\/\/www.zunoticia.com\/noticias-de-hidalgo\/?p=635093"},"modified":"2026-04-28T14:13:40","modified_gmt":"2026-04-28T20:13:40","slug":"coro-del-colegio-leonardo-da-vinci-rinde-homenaje-en-el-dia-de-la-infanteria","status":"publish","type":"post","link":"https:\/\/www.zunoticia.com\/noticias-de-hidalgo\/2026\/04\/28\/coro-del-colegio-leonardo-da-vinci-rinde-homenaje-en-el-dia-de-la-infanteria\/","title":{"rendered":"Coro del Colegio Leonardo da Vinci rinde homenaje en el D\u00eda de la Infanter\u00eda"},"content":{"rendered":"<aside class=\"mashsb-container mashsb-main mashsb-stretched\"><div class=\"mashsb-box\"><div class=\"mashsb-count mash-large\" style=\"float:left\"><div class=\"counts mashsbcount\">0<\/div><span class=\"mashsb-sharetext\">SHARES<\/span><\/div><div class=\"mashsb-buttons\"><a class=\"mashicon-facebook mash-large mash-center mashsb-noshadow\" href=\"https:\/\/www.facebook.com\/sharer.php?u=https%3A%2F%2Fwww.zunoticia.com%2Fnoticias-de-hidalgo%2F2026%2F04%2F28%2Fcoro-del-colegio-leonardo-da-vinci-rinde-homenaje-en-el-dia-de-la-infanteria%2F\" target=\"_top\" rel=\"nofollow\"><span class=\"icon\"><\/span><span class=\"text\">Share<\/span><\/a><a class=\"mashicon-twitter mash-large mash-center mashsb-noshadow\" href=\"https:\/\/twitter.com\/intent\/tweet?text=&amp;url=https:\/\/www.zunoticia.com\/noticias-de-hidalgo\/2026\/04\/28\/coro-del-colegio-leonardo-da-vinci-rinde-homenaje-en-el-dia-de-la-infanteria\/\" target=\"_top\" rel=\"nofollow\"><span class=\"icon\"><\/span><span class=\"text\">Tweet<\/span><\/a><div class=\"onoffswitch2 mash-large mashsb-noshadow\" style=\"display:none\"><\/div><\/div>\n            <\/div>\n                <div style=\"clear:both\"><\/div><div class=\"mashsb-toggle-container\"><\/div><\/aside>\n            <!-- Share buttons by mashshare.net - Version: 4.0.47-->\n<p><em>Por Enedino Hern\u00e1ndez \/ Zunoticia<\/em><\/p>\n\n\n\n<p><strong>Huejutla, Hgo<\/strong>.- En el marco de la conmemoraci\u00f3n del D\u00eda de la Infanter\u00eda, el Coro Institucional del Colegio Leonardo da Vinci ofreci\u00f3 una emotiva presentaci\u00f3n musical como parte de los actos alusivos a esta importante fecha.<\/p>\n\n\n\n<p>Bajo la direcci\u00f3n del maestro Jes\u00fas David Villegas Barrag\u00e1n, el ensamble coral destac\u00f3 por su calidad interpretativa al deleitar a los asistentes con dos melod\u00edas de su repertorio, cerrando su participaci\u00f3n con una solemne ejecuci\u00f3n del Himno de la Infanter\u00eda, lo que gener\u00f3 un ambiente de respeto y reconocimiento entre el p\u00fablico presente.<\/p>\n\n\n\n<p>La participaci\u00f3n del coro refleja el compromiso del Colegio Leonardo da Vinci con la formaci\u00f3n integral de sus estudiantes, impulsando la excelencia art\u00edstica y fomentando valores c\u00edvicos entre la juventud hidalguense.<\/p>\n\n\n\n<figure class=\"wp-block-image size-full\"><img fetchpriority=\"high\" decoding=\"async\" width=\"933\" height=\"524\" src=\"https:\/\/www.zunoticia.com\/noticias-de-hidalgo\/wp-content\/uploads\/2026\/04\/Zunoticia-Huejutla-2-82.png\" alt=\"\" class=\"wp-image-635095\" srcset=\"https:\/\/www.zunoticia.com\/noticias-de-hidalgo\/wp-content\/uploads\/2026\/04\/Zunoticia-Huejutla-2-82.png 933w, https:\/\/www.zunoticia.com\/noticias-de-hidalgo\/wp-content\/uploads\/2026\/04\/Zunoticia-Huejutla-2-82-300x168.png 300w, https:\/\/www.zunoticia.com\/noticias-de-hidalgo\/wp-content\/uploads\/2026\/04\/Zunoticia-Huejutla-2-82-768x431.png 768w\" sizes=\"(max-width: 933px) 100vw, 933px\" \/><\/figure>\n\n\n\n<p>Asimismo, este tipo de actividades fortalecen los lazos de colaboraci\u00f3n y amistad con la Defensa Nacional, promoviendo el respeto a las instituciones y el sentido de identidad nacional.<\/p>\n\n\n\n<p>Con este tipo de intervenciones, se reconoce el talento, disciplina y dedicaci\u00f3n de los alumnos, as\u00ed como el trabajo del director y docentes de esta instituci\u00f3n educativa.<\/p>\n","protected":false},"excerpt":{"rendered":"<p>Por Enedino Hern\u00e1ndez \/ Zunoticia Huejutla, Hgo.- En el marco de la conmemoraci\u00f3n del D\u00eda de la Infanter\u00eda, el Coro Institucional del Colegio Leonardo da Vinci ofreci\u00f3 una emotiva presentaci\u00f3n musical como parte de los actos alusivos a esta importante fecha. Bajo la direcci\u00f3n del maestro Jes\u00fas David Villegas Barrag\u00e1n, el ensamble coral destac\u00f3 por&hellip; <a class=\"more-link\" href=\"https:\/\/www.zunoticia.com\/noticias-de-hidalgo\/2026\/04\/28\/coro-del-colegio-leonardo-da-vinci-rinde-homenaje-en-el-dia-de-la-infanteria\/\">Seguir leyendo <span class=\"screen-reader-text\">Coro del Colegio Leonardo da Vinci rinde homenaje en el D\u00eda de la Infanter\u00eda<\/span><\/a><\/p>\n","protected":false},"author":20,"featured_media":635094,"comment_status":"open","ping_status":"open","sticky":false,"template":"","format":"standard","meta":{"rop_custom_images_group":[],"rop_custom_messages_group":[],"rop_publish_now":"initial","rop_publish_now_accounts":{"facebook_10159540855086992_322828327761733":""},"rop_publish_now_history":[],"rop_publish_now_status":"pending","footnotes":""},"categories":[181],"tags":[121],"class_list":["post-635093","post","type-post","status-publish","format-standard","has-post-thumbnail","hentry","category-huejutla","tag-huejutla","entry"],"_links":{"self":[{"href":"https:\/\/www.zunoticia.com\/noticias-de-hidalgo\/wp-json\/wp\/v2\/posts\/635093","targetHints":{"allow":["GET"]}}],"collection":[{"href":"https:\/\/www.zunoticia.com\/noticias-de-hidalgo\/wp-json\/wp\/v2\/posts"}],"about":[{"href":"https:\/\/www.zunoticia.com\/noticias-de-hidalgo\/wp-json\/wp\/v2\/types\/post"}],"author":[{"embeddable":true,"href":"https:\/\/www.zunoticia.com\/noticias-de-hidalgo\/wp-json\/wp\/v2\/users\/20"}],"replies":[{"embeddable":true,"href":"https:\/\/www.zunoticia.com\/noticias-de-hidalgo\/wp-json\/wp\/v2\/comments?post=635093"}],"version-history":[{"count":1,"href":"https:\/\/www.zunoticia.com\/noticias-de-hidalgo\/wp-json\/wp\/v2\/posts\/635093\/revisions"}],"predecessor-version":[{"id":635096,"href":"https:\/\/www.zunoticia.com\/noticias-de-hidalgo\/wp-json\/wp\/v2\/posts\/635093\/revisions\/635096"}],"wp:featuredmedia":[{"embeddable":true,"href":"https:\/\/www.zunoticia.com\/noticias-de-hidalgo\/wp-json\/wp\/v2\/media\/635094"}],"wp:attachment":[{"href":"https:\/\/www.zunoticia.com\/noticias-de-hidalgo\/wp-json\/wp\/v2\/media?parent=635093"}],"wp:term":[{"taxonomy":"category","embeddable":true,"href":"https:\/\/www.zunoticia.com\/noticias-de-hidalgo\/wp-json\/wp\/v2\/categories?post=635093"},{"taxonomy":"post_tag","embeddable":true,"href":"https:\/\/www.zunoticia.com\/noticias-de-hidalgo\/wp-json\/wp\/v2\/tags?post=635093"}],"curies":[{"name":"wp","href":"https:\/\/api.w.org\/{rel}","templated":true}]}}