{"id":635116,"date":"2026-04-28T16:19:39","date_gmt":"2026-04-28T22:19:39","guid":{"rendered":"https:\/\/www.zunoticia.com\/noticias-de-hidalgo\/?p=635116"},"modified":"2026-04-28T16:19:41","modified_gmt":"2026-04-28T22:19:41","slug":"feria-de-las-matematicas-impulsa-el-aprendizaje-dinamico-en-la-primaria-ninos-heroes","status":"publish","type":"post","link":"https:\/\/www.zunoticia.com\/noticias-de-hidalgo\/2026\/04\/28\/feria-de-las-matematicas-impulsa-el-aprendizaje-dinamico-en-la-primaria-ninos-heroes\/","title":{"rendered":"Feria de las Matem\u00e1ticas impulsa el aprendizaje din\u00e1mico en la Primaria \u201cNi\u00f1os H\u00e9roes\u201d"},"content":{"rendered":"<aside class=\"mashsb-container mashsb-main mashsb-stretched\"><div class=\"mashsb-box\"><div class=\"mashsb-count mash-large\" style=\"float:left\"><div class=\"counts mashsbcount\">0<\/div><span class=\"mashsb-sharetext\">SHARES<\/span><\/div><div class=\"mashsb-buttons\"><a class=\"mashicon-facebook mash-large mash-center mashsb-noshadow\" href=\"https:\/\/www.facebook.com\/sharer.php?u=https%3A%2F%2Fwww.zunoticia.com%2Fnoticias-de-hidalgo%2F2026%2F04%2F28%2Fferia-de-las-matematicas-impulsa-el-aprendizaje-dinamico-en-la-primaria-ninos-heroes%2F\" target=\"_top\" rel=\"nofollow\"><span class=\"icon\"><\/span><span class=\"text\">Share<\/span><\/a><a class=\"mashicon-twitter mash-large mash-center mashsb-noshadow\" href=\"https:\/\/twitter.com\/intent\/tweet?text=&amp;url=https:\/\/www.zunoticia.com\/noticias-de-hidalgo\/2026\/04\/28\/feria-de-las-matematicas-impulsa-el-aprendizaje-dinamico-en-la-primaria-ninos-heroes\/\" target=\"_top\" rel=\"nofollow\"><span class=\"icon\"><\/span><span class=\"text\">Tweet<\/span><\/a><div class=\"onoffswitch2 mash-large mashsb-noshadow\" style=\"display:none\"><\/div><\/div>\n            <\/div>\n                <div style=\"clear:both\"><\/div><div class=\"mashsb-toggle-container\"><\/div><\/aside>\n            <!-- Share buttons by mashshare.net - Version: 4.0.47-->\n<p><em>Por Karen Rivera \/ Zunoticia<\/em><\/p>\n\n\n\n<p><strong>Huautla, Hgo<\/strong>.\u2013 En un ambiente de entusiasmo, convivencia y aprendizaje significativo, la Escuela Primaria General \u201cNi\u00f1os H\u00e9roes\u201d, ubicada en la comunidad de Los Puentes, llev\u00f3 a cabo con gran participaci\u00f3n la Feria de las Matem\u00e1ticas, una actividad educativa orientada a fortalecer el pensamiento l\u00f3gico-matem\u00e1tico del alumnado mediante estrategias l\u00fadicas, creativas y retadoras.<\/p>\n\n\n\n<p>Este importante evento escolar reuni\u00f3 a estudiantes, docentes y madres de familia, quienes se integraron activamente en diversas din\u00e1micas, juegos y actividades dise\u00f1adas para promover el razonamiento, la resoluci\u00f3n de problemas y el desarrollo de habilidades matem\u00e1ticas esenciales. De esta manera, se consolid\u00f3 un espacio donde aprender se convierte en una experiencia atractiva y motivadora.<\/p>\n\n\n\n<p>La ceremonia de inicio cont\u00f3 con el mensaje de bienvenida del director escolar, el profesor Abraham Ortega Ortega, quien destac\u00f3 que la Feria de las Matem\u00e1ticas representa un espacio de formaci\u00f3n integral, en el que las ni\u00f1as y los ni\u00f1os pueden aprender y convivir al mismo tiempo.<\/p>\n\n\n\n<p>Subray\u00f3 que este tipo de actividades permiten desarrollar el pensamiento matem\u00e1tico de forma din\u00e1mica, participativa y significativa, dejando atr\u00e1s la idea tradicional de que las matem\u00e1ticas son dif\u00edciles o aburridas.<\/p>\n\n\n\n<figure class=\"wp-block-image size-full\"><img fetchpriority=\"high\" decoding=\"async\" width=\"933\" height=\"524\" src=\"https:\/\/www.zunoticia.com\/noticias-de-hidalgo\/wp-content\/uploads\/2026\/04\/17-2.png\" alt=\"\" class=\"wp-image-635118\" srcset=\"https:\/\/www.zunoticia.com\/noticias-de-hidalgo\/wp-content\/uploads\/2026\/04\/17-2.png 933w, https:\/\/www.zunoticia.com\/noticias-de-hidalgo\/wp-content\/uploads\/2026\/04\/17-2-300x168.png 300w, https:\/\/www.zunoticia.com\/noticias-de-hidalgo\/wp-content\/uploads\/2026\/04\/17-2-768x431.png 768w\" sizes=\"(max-width: 933px) 100vw, 933px\" \/><\/figure>\n\n\n\n<p>Durante su intervenci\u00f3n, el directivo tambi\u00e9n agradeci\u00f3 la presencia del maestro Timoteo Lara Monterrubio, supervisor escolar de la Zona 007 de Primarias Generales de Huautla, reconociendo su acompa\u00f1amiento institucional y el respaldo brindado a las acciones acad\u00e9micas que fortalecen la vida escolar.<\/p>\n\n\n\n<p>En su mensaje, el supervisor escolar felicit\u00f3 al colectivo docente de esta escuela multigrado por impulsar esta feria como una estrategia innovadora y pertinente. Se\u00f1al\u00f3 que actividades como esta permiten reforzar los aprendizajes trabajados en el aula, ya que, a trav\u00e9s del juego, el desaf\u00edo y la exploraci\u00f3n se fortalece el pensamiento cr\u00edtico y la comprensi\u00f3n matem\u00e1tica en el alumnado.<\/p>\n\n\n\n<p>Asimismo, destac\u00f3 que no s\u00f3lo fomenta el aprendizaje, sino que tambi\u00e9n fortalece la convivencia escolar y el trabajo colaborativo, consolidando el v\u00ednculo entre escuela y comunidad, elemento fundamental para el desarrollo educativo de las ni\u00f1as y los ni\u00f1os. De igual manera, expres\u00f3 un reconocimiento especial a las madres de familia, quienes de manera constante se mantienen al pendiente de las necesidades de la instituci\u00f3n educativa.<\/p>\n\n\n\n<p>Resalt\u00f3 especialmente su participaci\u00f3n activa en la organizaci\u00f3n del evento y en la decoraci\u00f3n del recinto, lo cual permiti\u00f3 que la feria se desarrollara en un espacio agradable, ordenado y motivador para toda la comunidad escolar.<\/p>\n\n\n\n<p>La Feria de las Matem\u00e1ticas en la Escuela Primaria General \u201cNi\u00f1os H\u00e9roes\u201d se consolid\u00f3 como una experiencia exitosa que demuestra que el aprendizaje puede fortalecerse mediante actividades pr\u00e1cticas, creativas y participativas, reafirmando el compromiso del personal docente y directivo por brindar una educaci\u00f3n de calidad, centrada en el desarrollo integral del alumnado y en la construcci\u00f3n de una comunidad educativa unida y participativa.<\/p>\n\n\n\n<p><\/p>\n","protected":false},"excerpt":{"rendered":"<p>Por Karen Rivera \/ Zunoticia Huautla, Hgo.\u2013 En un ambiente de entusiasmo, convivencia y aprendizaje significativo, la Escuela Primaria General \u201cNi\u00f1os H\u00e9roes\u201d, ubicada en la comunidad de Los Puentes, llev\u00f3 a cabo con gran participaci\u00f3n la Feria de las Matem\u00e1ticas, una actividad educativa orientada a fortalecer el pensamiento l\u00f3gico-matem\u00e1tico del alumnado mediante estrategias l\u00fadicas, creativas&hellip; <a class=\"more-link\" href=\"https:\/\/www.zunoticia.com\/noticias-de-hidalgo\/2026\/04\/28\/feria-de-las-matematicas-impulsa-el-aprendizaje-dinamico-en-la-primaria-ninos-heroes\/\">Seguir leyendo <span class=\"screen-reader-text\">Feria de las Matem\u00e1ticas impulsa el aprendizaje din\u00e1mico en la Primaria \u201cNi\u00f1os H\u00e9roes\u201d<\/span><\/a><\/p>\n","protected":false},"author":20,"featured_media":635117,"comment_status":"open","ping_status":"open","sticky":false,"template":"","format":"standard","meta":{"rop_custom_images_group":[],"rop_custom_messages_group":[],"rop_publish_now":"initial","rop_publish_now_accounts":{"facebook_10159540855086992_322828327761733":""},"rop_publish_now_history":[],"rop_publish_now_status":"pending","footnotes":""},"categories":[179,199],"tags":[229,125],"class_list":["post-635116","post","type-post","status-publish","format-standard","has-post-thumbnail","hentry","category-huasteca","category-huautla","tag-huasteca","tag-huautla","entry"],"_links":{"self":[{"href":"https:\/\/www.zunoticia.com\/noticias-de-hidalgo\/wp-json\/wp\/v2\/posts\/635116","targetHints":{"allow":["GET"]}}],"collection":[{"href":"https:\/\/www.zunoticia.com\/noticias-de-hidalgo\/wp-json\/wp\/v2\/posts"}],"about":[{"href":"https:\/\/www.zunoticia.com\/noticias-de-hidalgo\/wp-json\/wp\/v2\/types\/post"}],"author":[{"embeddable":true,"href":"https:\/\/www.zunoticia.com\/noticias-de-hidalgo\/wp-json\/wp\/v2\/users\/20"}],"replies":[{"embeddable":true,"href":"https:\/\/www.zunoticia.com\/noticias-de-hidalgo\/wp-json\/wp\/v2\/comments?post=635116"}],"version-history":[{"count":1,"href":"https:\/\/www.zunoticia.com\/noticias-de-hidalgo\/wp-json\/wp\/v2\/posts\/635116\/revisions"}],"predecessor-version":[{"id":635119,"href":"https:\/\/www.zunoticia.com\/noticias-de-hidalgo\/wp-json\/wp\/v2\/posts\/635116\/revisions\/635119"}],"wp:featuredmedia":[{"embeddable":true,"href":"https:\/\/www.zunoticia.com\/noticias-de-hidalgo\/wp-json\/wp\/v2\/media\/635117"}],"wp:attachment":[{"href":"https:\/\/www.zunoticia.com\/noticias-de-hidalgo\/wp-json\/wp\/v2\/media?parent=635116"}],"wp:term":[{"taxonomy":"category","embeddable":true,"href":"https:\/\/www.zunoticia.com\/noticias-de-hidalgo\/wp-json\/wp\/v2\/categories?post=635116"},{"taxonomy":"post_tag","embeddable":true,"href":"https:\/\/www.zunoticia.com\/noticias-de-hidalgo\/wp-json\/wp\/v2\/tags?post=635116"}],"curies":[{"name":"wp","href":"https:\/\/api.w.org\/{rel}","templated":true}]}}