{"id":635120,"date":"2026-04-28T16:26:22","date_gmt":"2026-04-28T22:26:22","guid":{"rendered":"https:\/\/www.zunoticia.com\/noticias-de-hidalgo\/?p=635120"},"modified":"2026-04-28T16:26:24","modified_gmt":"2026-04-28T22:26:24","slug":"ventas-por-dia-del-nino-un-respiro-para-el-comercio","status":"publish","type":"post","link":"https:\/\/www.zunoticia.com\/noticias-de-hidalgo\/2026\/04\/28\/ventas-por-dia-del-nino-un-respiro-para-el-comercio\/","title":{"rendered":"Ventas por D\u00eda del Ni\u00f1o, un respiro para el comercio"},"content":{"rendered":"<aside class=\"mashsb-container mashsb-main mashsb-stretched\"><div class=\"mashsb-box\"><div class=\"mashsb-count mash-large\" style=\"float:left\"><div class=\"counts mashsbcount\">0<\/div><span class=\"mashsb-sharetext\">SHARES<\/span><\/div><div class=\"mashsb-buttons\"><a class=\"mashicon-facebook mash-large mash-center mashsb-noshadow\" href=\"https:\/\/www.facebook.com\/sharer.php?u=https%3A%2F%2Fwww.zunoticia.com%2Fnoticias-de-hidalgo%2F2026%2F04%2F28%2Fventas-por-dia-del-nino-un-respiro-para-el-comercio%2F\" target=\"_top\" rel=\"nofollow\"><span class=\"icon\"><\/span><span class=\"text\">Share<\/span><\/a><a class=\"mashicon-twitter mash-large mash-center mashsb-noshadow\" href=\"https:\/\/twitter.com\/intent\/tweet?text=&amp;url=https:\/\/www.zunoticia.com\/noticias-de-hidalgo\/2026\/04\/28\/ventas-por-dia-del-nino-un-respiro-para-el-comercio\/\" target=\"_top\" rel=\"nofollow\"><span class=\"icon\"><\/span><span class=\"text\">Tweet<\/span><\/a><div class=\"onoffswitch2 mash-large mashsb-noshadow\" style=\"display:none\"><\/div><\/div>\n            <\/div>\n                <div style=\"clear:both\"><\/div><div class=\"mashsb-toggle-container\"><\/div><\/aside>\n            <!-- Share buttons by mashshare.net - Version: 4.0.47-->\n<p><em>Por Gabriela Hern\u00e1ndez\/Zunoticia<\/em><\/p>\n\n\n\n<p><strong>Huejutla, Hgo<\/strong>.- A unos d\u00edas de celebrarse el D\u00eda del Ni\u00f1o, comerciantes ya se encuentran comercializando variedad de productos, en el cual esperan un aumento en las ventas, al ser una de las fechas m\u00e1s relevantes durante el primer semestre, principalmente en el \u00e1rea de juguetes y art\u00edculos infantiles.<\/p>\n\n\n\n<p>Los comerciantes del primer cuadro de la ciudad, se\u00f1alan que, a pesar de las dificultades econ\u00f3micas que persisten en la regi\u00f3n, se mantiene el movimiento en los negocios.<\/p>\n\n\n\n<p>Los productos m\u00e1s solicitados son juguetes de diferentes tama\u00f1os encontrando lo tradicional desde carritos y mu\u00f1ecas, adem\u00e1s de ropa, calzado y dispositivos electr\u00f3nicos.<\/p>\n\n\n\n<p>La comerciante Flor Antonio reconoci\u00f3 que, el inicio de a\u00f1o ha sido complicado, con temporadas de baja actividad tras el regreso a clases y durante Semana Santa, sin embargo, conf\u00edan en que esta fecha represente un alivio para el sector.<\/p>\n\n\n\n<p>En este contexto, la vendedora de jugueter\u00eda hizo un llamado a la ciudadan\u00eda para priorizar el consumo en negocios locales, al destacar que esta pr\u00e1ctica no s\u00f3lo permite adquirir productos de calidad, sino que tambi\u00e9n impulsa la econom\u00eda de miles de familias que dependen del comercio.<\/p>\n\n\n\n<figure class=\"wp-block-image size-full\"><img fetchpriority=\"high\" decoding=\"async\" width=\"933\" height=\"524\" src=\"https:\/\/www.zunoticia.com\/noticias-de-hidalgo\/wp-content\/uploads\/2026\/04\/2-24.png\" alt=\"\" class=\"wp-image-635122\" srcset=\"https:\/\/www.zunoticia.com\/noticias-de-hidalgo\/wp-content\/uploads\/2026\/04\/2-24.png 933w, https:\/\/www.zunoticia.com\/noticias-de-hidalgo\/wp-content\/uploads\/2026\/04\/2-24-300x168.png 300w, https:\/\/www.zunoticia.com\/noticias-de-hidalgo\/wp-content\/uploads\/2026\/04\/2-24-768x431.png 768w\" sizes=\"(max-width: 933px) 100vw, 933px\" \/><\/figure>\n","protected":false},"excerpt":{"rendered":"<p>Por Gabriela Hern\u00e1ndez\/Zunoticia Huejutla, Hgo.- A unos d\u00edas de celebrarse el D\u00eda del Ni\u00f1o, comerciantes ya se encuentran comercializando variedad de productos, en el cual esperan un aumento en las ventas, al ser una de las fechas m\u00e1s relevantes durante el primer semestre, principalmente en el \u00e1rea de juguetes y art\u00edculos infantiles. Los comerciantes del&hellip; <a class=\"more-link\" href=\"https:\/\/www.zunoticia.com\/noticias-de-hidalgo\/2026\/04\/28\/ventas-por-dia-del-nino-un-respiro-para-el-comercio\/\">Seguir leyendo <span class=\"screen-reader-text\">Ventas por D\u00eda del Ni\u00f1o, un respiro para el comercio<\/span><\/a><\/p>\n","protected":false},"author":20,"featured_media":635121,"comment_status":"open","ping_status":"open","sticky":false,"template":"","format":"standard","meta":{"rop_custom_images_group":[],"rop_custom_messages_group":[],"rop_publish_now":"initial","rop_publish_now_accounts":{"facebook_10159540855086992_322828327761733":""},"rop_publish_now_history":[],"rop_publish_now_status":"pending","footnotes":""},"categories":[181],"tags":[121],"class_list":["post-635120","post","type-post","status-publish","format-standard","has-post-thumbnail","hentry","category-huejutla","tag-huejutla","entry"],"_links":{"self":[{"href":"https:\/\/www.zunoticia.com\/noticias-de-hidalgo\/wp-json\/wp\/v2\/posts\/635120","targetHints":{"allow":["GET"]}}],"collection":[{"href":"https:\/\/www.zunoticia.com\/noticias-de-hidalgo\/wp-json\/wp\/v2\/posts"}],"about":[{"href":"https:\/\/www.zunoticia.com\/noticias-de-hidalgo\/wp-json\/wp\/v2\/types\/post"}],"author":[{"embeddable":true,"href":"https:\/\/www.zunoticia.com\/noticias-de-hidalgo\/wp-json\/wp\/v2\/users\/20"}],"replies":[{"embeddable":true,"href":"https:\/\/www.zunoticia.com\/noticias-de-hidalgo\/wp-json\/wp\/v2\/comments?post=635120"}],"version-history":[{"count":1,"href":"https:\/\/www.zunoticia.com\/noticias-de-hidalgo\/wp-json\/wp\/v2\/posts\/635120\/revisions"}],"predecessor-version":[{"id":635123,"href":"https:\/\/www.zunoticia.com\/noticias-de-hidalgo\/wp-json\/wp\/v2\/posts\/635120\/revisions\/635123"}],"wp:featuredmedia":[{"embeddable":true,"href":"https:\/\/www.zunoticia.com\/noticias-de-hidalgo\/wp-json\/wp\/v2\/media\/635121"}],"wp:attachment":[{"href":"https:\/\/www.zunoticia.com\/noticias-de-hidalgo\/wp-json\/wp\/v2\/media?parent=635120"}],"wp:term":[{"taxonomy":"category","embeddable":true,"href":"https:\/\/www.zunoticia.com\/noticias-de-hidalgo\/wp-json\/wp\/v2\/categories?post=635120"},{"taxonomy":"post_tag","embeddable":true,"href":"https:\/\/www.zunoticia.com\/noticias-de-hidalgo\/wp-json\/wp\/v2\/tags?post=635120"}],"curies":[{"name":"wp","href":"https:\/\/api.w.org\/{rel}","templated":true}]}}