{"id":635133,"date":"2026-04-28T17:14:26","date_gmt":"2026-04-28T23:14:26","guid":{"rendered":"https:\/\/www.zunoticia.com\/noticias-de-hidalgo\/?p=635133"},"modified":"2026-04-28T17:14:28","modified_gmt":"2026-04-28T23:14:28","slug":"bomberos-brindo-proteccion-en-evento-de-activacion-fisica-de-alumnos","status":"publish","type":"post","link":"https:\/\/www.zunoticia.com\/noticias-de-hidalgo\/2026\/04\/28\/bomberos-brindo-proteccion-en-evento-de-activacion-fisica-de-alumnos\/","title":{"rendered":"Bomberos brind\u00f3 protecci\u00f3n en evento de activaci\u00f3n f\u00edsica de alumnos"},"content":{"rendered":"<aside class=\"mashsb-container mashsb-main mashsb-stretched\"><div class=\"mashsb-box\"><div class=\"mashsb-count mash-large\" style=\"float:left\"><div class=\"counts mashsbcount\">0<\/div><span class=\"mashsb-sharetext\">SHARES<\/span><\/div><div class=\"mashsb-buttons\"><a class=\"mashicon-facebook mash-large mash-center mashsb-noshadow\" href=\"https:\/\/www.facebook.com\/sharer.php?u=https%3A%2F%2Fwww.zunoticia.com%2Fnoticias-de-hidalgo%2F2026%2F04%2F28%2Fbomberos-brindo-proteccion-en-evento-de-activacion-fisica-de-alumnos%2F\" target=\"_top\" rel=\"nofollow\"><span class=\"icon\"><\/span><span class=\"text\">Share<\/span><\/a><a class=\"mashicon-twitter mash-large mash-center mashsb-noshadow\" href=\"https:\/\/twitter.com\/intent\/tweet?text=&amp;url=https:\/\/www.zunoticia.com\/noticias-de-hidalgo\/2026\/04\/28\/bomberos-brindo-proteccion-en-evento-de-activacion-fisica-de-alumnos\/\" target=\"_top\" rel=\"nofollow\"><span class=\"icon\"><\/span><span class=\"text\">Tweet<\/span><\/a><div class=\"onoffswitch2 mash-large mashsb-noshadow\" style=\"display:none\"><\/div><\/div>\n            <\/div>\n                <div style=\"clear:both\"><\/div><div class=\"mashsb-toggle-container\"><\/div><\/aside>\n            <!-- Share buttons by mashshare.net - Version: 4.0.47-->\n<p><em>Por Salvador Altamirano\/Zunoticia<\/em><\/p>\n\n\n\n<p><strong>Huejutla, Hgo<\/strong>.- \u201cEl director de Protecci\u00f3n Civil Municipal, H\u00e9ctor Armando G\u00f3mez Hern\u00e1ndez, nos solicit\u00f3 que estuvi\u00e9ramos presentes en un evento de activaci\u00f3n f\u00edsica en el pisal, que realizaron esta ma\u00f1ana padres de familia, docente y alumnos de la Escuela Primaria \u2018Benito Ju\u00e1rez\u2019, de la Zona Centro\u201d.<\/p>\n\n\n\n<p>Lo anterior, fue expresado por el jefe instructor del H. Cuerpo de Bomberos, Carlos Francisco Hidalgo Contreras, quien agreg\u00f3 que, acudieron con la ambulancia y personal para atenci\u00f3n prehospitalaria en caso de una emergencia.<\/p>\n\n\n\n<p>A pregunta formulada, refiri\u00f3 que, el prop\u00f3sito fue resguardar la seguridad de los ni\u00f1os, ya que estaban llevando a cabo activaci\u00f3n f\u00edsica, que por esta temporada de altas temperaturas es necesario brindarles atenci\u00f3n.<\/p>\n\n\n\n<p>Subray\u00f3 que por suerte la ma\u00f1ana de este martes estuvo nublada, con un poco de bochorno por la humedad, \u201cpero la actividad finaliz\u00f3 sin ninguna novedad, no obstante, estuvimos pendientes\u201d.<\/p>\n\n\n\n<p>Para finalizar, Hidalgo Contreras coment\u00f3 que posteriormente se estar\u00e1n llevando a cabo activaciones f\u00edsicas, por lo que estar\u00e1n participando en coordinaci\u00f3n con Protecci\u00f3n Civil Municipal.<\/p>\n\n\n\n<figure class=\"wp-block-image size-full\"><img fetchpriority=\"high\" decoding=\"async\" width=\"933\" height=\"524\" src=\"https:\/\/www.zunoticia.com\/noticias-de-hidalgo\/wp-content\/uploads\/2026\/04\/7-4.png\" alt=\"\" class=\"wp-image-635135\" srcset=\"https:\/\/www.zunoticia.com\/noticias-de-hidalgo\/wp-content\/uploads\/2026\/04\/7-4.png 933w, https:\/\/www.zunoticia.com\/noticias-de-hidalgo\/wp-content\/uploads\/2026\/04\/7-4-300x168.png 300w, https:\/\/www.zunoticia.com\/noticias-de-hidalgo\/wp-content\/uploads\/2026\/04\/7-4-768x431.png 768w\" sizes=\"(max-width: 933px) 100vw, 933px\" \/><\/figure>\n\n\n\n<p>Carlos Francisco Hidalgo Contreras.<\/p>\n\n\n\n<p><\/p>\n","protected":false},"excerpt":{"rendered":"<p>Por Salvador Altamirano\/Zunoticia Huejutla, Hgo.- \u201cEl director de Protecci\u00f3n Civil Municipal, H\u00e9ctor Armando G\u00f3mez Hern\u00e1ndez, nos solicit\u00f3 que estuvi\u00e9ramos presentes en un evento de activaci\u00f3n f\u00edsica en el pisal, que realizaron esta ma\u00f1ana padres de familia, docente y alumnos de la Escuela Primaria \u2018Benito Ju\u00e1rez\u2019, de la Zona Centro\u201d. Lo anterior, fue expresado por el&hellip; <a class=\"more-link\" href=\"https:\/\/www.zunoticia.com\/noticias-de-hidalgo\/2026\/04\/28\/bomberos-brindo-proteccion-en-evento-de-activacion-fisica-de-alumnos\/\">Seguir leyendo <span class=\"screen-reader-text\">Bomberos brind\u00f3 protecci\u00f3n en evento de activaci\u00f3n f\u00edsica de alumnos<\/span><\/a><\/p>\n","protected":false},"author":20,"featured_media":635134,"comment_status":"open","ping_status":"open","sticky":false,"template":"","format":"standard","meta":{"rop_custom_images_group":[],"rop_custom_messages_group":[],"rop_publish_now":"initial","rop_publish_now_accounts":{"facebook_10159540855086992_322828327761733":""},"rop_publish_now_history":[],"rop_publish_now_status":"pending","footnotes":""},"categories":[181],"tags":[121],"class_list":["post-635133","post","type-post","status-publish","format-standard","has-post-thumbnail","hentry","category-huejutla","tag-huejutla","entry"],"_links":{"self":[{"href":"https:\/\/www.zunoticia.com\/noticias-de-hidalgo\/wp-json\/wp\/v2\/posts\/635133","targetHints":{"allow":["GET"]}}],"collection":[{"href":"https:\/\/www.zunoticia.com\/noticias-de-hidalgo\/wp-json\/wp\/v2\/posts"}],"about":[{"href":"https:\/\/www.zunoticia.com\/noticias-de-hidalgo\/wp-json\/wp\/v2\/types\/post"}],"author":[{"embeddable":true,"href":"https:\/\/www.zunoticia.com\/noticias-de-hidalgo\/wp-json\/wp\/v2\/users\/20"}],"replies":[{"embeddable":true,"href":"https:\/\/www.zunoticia.com\/noticias-de-hidalgo\/wp-json\/wp\/v2\/comments?post=635133"}],"version-history":[{"count":1,"href":"https:\/\/www.zunoticia.com\/noticias-de-hidalgo\/wp-json\/wp\/v2\/posts\/635133\/revisions"}],"predecessor-version":[{"id":635136,"href":"https:\/\/www.zunoticia.com\/noticias-de-hidalgo\/wp-json\/wp\/v2\/posts\/635133\/revisions\/635136"}],"wp:featuredmedia":[{"embeddable":true,"href":"https:\/\/www.zunoticia.com\/noticias-de-hidalgo\/wp-json\/wp\/v2\/media\/635134"}],"wp:attachment":[{"href":"https:\/\/www.zunoticia.com\/noticias-de-hidalgo\/wp-json\/wp\/v2\/media?parent=635133"}],"wp:term":[{"taxonomy":"category","embeddable":true,"href":"https:\/\/www.zunoticia.com\/noticias-de-hidalgo\/wp-json\/wp\/v2\/categories?post=635133"},{"taxonomy":"post_tag","embeddable":true,"href":"https:\/\/www.zunoticia.com\/noticias-de-hidalgo\/wp-json\/wp\/v2\/tags?post=635133"}],"curies":[{"name":"wp","href":"https:\/\/api.w.org\/{rel}","templated":true}]}}