{"id":635151,"date":"2026-04-28T17:52:09","date_gmt":"2026-04-28T23:52:09","guid":{"rendered":"https:\/\/www.zunoticia.com\/noticias-de-hidalgo\/?p=635151"},"modified":"2026-04-28T17:52:12","modified_gmt":"2026-04-28T23:52:12","slug":"lo-que-sucede-al-interior-del-mercado-es-responsabilidad-de-la-dirigencia-de-la-ucla-prospero-hernandez","status":"publish","type":"post","link":"https:\/\/www.zunoticia.com\/noticias-de-hidalgo\/2026\/04\/28\/lo-que-sucede-al-interior-del-mercado-es-responsabilidad-de-la-dirigencia-de-la-ucla-prospero-hernandez\/","title":{"rendered":"Lo que sucede al interior del mercado es responsabilidad de la dirigencia de la UCLA: Pr\u00f3spero Hern\u00e1ndez"},"content":{"rendered":"<aside class=\"mashsb-container mashsb-main mashsb-stretched\"><div class=\"mashsb-box\"><div class=\"mashsb-count mash-large\" style=\"float:left\"><div class=\"counts mashsbcount\">0<\/div><span class=\"mashsb-sharetext\">SHARES<\/span><\/div><div class=\"mashsb-buttons\"><a class=\"mashicon-facebook mash-large mash-center mashsb-noshadow\" href=\"https:\/\/www.facebook.com\/sharer.php?u=https%3A%2F%2Fwww.zunoticia.com%2Fnoticias-de-hidalgo%2F2026%2F04%2F28%2Flo-que-sucede-al-interior-del-mercado-es-responsabilidad-de-la-dirigencia-de-la-ucla-prospero-hernandez%2F\" target=\"_top\" rel=\"nofollow\"><span class=\"icon\"><\/span><span class=\"text\">Share<\/span><\/a><a class=\"mashicon-twitter mash-large mash-center mashsb-noshadow\" href=\"https:\/\/twitter.com\/intent\/tweet?text=&amp;url=https:\/\/www.zunoticia.com\/noticias-de-hidalgo\/2026\/04\/28\/lo-que-sucede-al-interior-del-mercado-es-responsabilidad-de-la-dirigencia-de-la-ucla-prospero-hernandez\/\" target=\"_top\" rel=\"nofollow\"><span class=\"icon\"><\/span><span class=\"text\">Tweet<\/span><\/a><div class=\"onoffswitch2 mash-large mashsb-noshadow\" style=\"display:none\"><\/div><\/div>\n            <\/div>\n                <div style=\"clear:both\"><\/div><div class=\"mashsb-toggle-container\"><\/div><\/aside>\n            <!-- Share buttons by mashshare.net - Version: 4.0.47-->\n<p><em>Por Salvador Altamirano\/Zunoticia<\/em><\/p>\n\n\n\n<p><strong>Huejutla, Hgo<\/strong>.- Entrevistado en torno al cortocircuito que se suscit\u00f3 el lunes en una de las azoteas del Mercado municipal, Pr\u00f3spero Hern\u00e1ndez Hern\u00e1ndez, coment\u00f3 que, aunque digan que los locatarios son los responsables del sistema el\u00e9ctrico del interior de sus locales, el cableado exterior le corresponde a la dirigencia de la UCLA.<\/p>\n\n\n\n<p>Subray\u00f3 que, de todo lo que sucede al interior del mMercado municipal es responsabilidad de la dirigencia de la UCLA, ya que son como un delegado municipal, si pasa algo en la comunidad es el responsable.<\/p>\n\n\n\n<p>Agreg\u00f3 que, ya son tres avisos de cortocircuito y no pueden seguir inertes, deslind\u00e1ndose de su responsabilidad, \u201csi no act\u00faan, que se vayan ya que no tienen inter\u00e9s en salvaguardar los bienes y la integridad f\u00edsica de los locatarios\u201d.<\/p>\n\n\n\n<p>Subray\u00f3 que, hay rumores que se quieren &#8220;dar ba\u00f1o de pueblo&#8221; en un festival del mes de mayo, donde van a rifar un veh\u00edculo y aparatos electrodom\u00e9sticos para seguir en el cargo, pero no hay dinero para rehabilitar el sistema arcaico del mercado, que ya advirti\u00f3 tres veces que con un chispazo puede consumir el patrimonio y fuente de empleo de cientos de personas.<\/p>\n\n\n\n<p>Para finalizar, Hern\u00e1ndez Hern\u00e1ndez coment\u00f3 que, ya no es sano que est\u00e9n los mismos en la dirigencia de la UCLA, ya que no se preocupan por las prioridades del mercado municipal, por lo que deben de llegar otros con nuevas ideas y prop\u00f3sitos.<\/p>\n\n\n\n<p><\/p>\n","protected":false},"excerpt":{"rendered":"<p>Por Salvador Altamirano\/Zunoticia Huejutla, Hgo.- Entrevistado en torno al cortocircuito que se suscit\u00f3 el lunes en una de las azoteas del Mercado municipal, Pr\u00f3spero Hern\u00e1ndez Hern\u00e1ndez, coment\u00f3 que, aunque digan que los locatarios son los responsables del sistema el\u00e9ctrico del interior de sus locales, el cableado exterior le corresponde a la dirigencia de la UCLA.&hellip; <a class=\"more-link\" href=\"https:\/\/www.zunoticia.com\/noticias-de-hidalgo\/2026\/04\/28\/lo-que-sucede-al-interior-del-mercado-es-responsabilidad-de-la-dirigencia-de-la-ucla-prospero-hernandez\/\">Seguir leyendo <span class=\"screen-reader-text\">Lo que sucede al interior del mercado es responsabilidad de la dirigencia de la UCLA: Pr\u00f3spero Hern\u00e1ndez<\/span><\/a><\/p>\n","protected":false},"author":20,"featured_media":635158,"comment_status":"open","ping_status":"open","sticky":false,"template":"","format":"standard","meta":{"rop_custom_images_group":[],"rop_custom_messages_group":[],"rop_publish_now":"initial","rop_publish_now_accounts":{"facebook_10159540855086992_322828327761733":""},"rop_publish_now_history":[],"rop_publish_now_status":"pending","footnotes":""},"categories":[181],"tags":[121],"class_list":["post-635151","post","type-post","status-publish","format-standard","has-post-thumbnail","hentry","category-huejutla","tag-huejutla","entry"],"_links":{"self":[{"href":"https:\/\/www.zunoticia.com\/noticias-de-hidalgo\/wp-json\/wp\/v2\/posts\/635151","targetHints":{"allow":["GET"]}}],"collection":[{"href":"https:\/\/www.zunoticia.com\/noticias-de-hidalgo\/wp-json\/wp\/v2\/posts"}],"about":[{"href":"https:\/\/www.zunoticia.com\/noticias-de-hidalgo\/wp-json\/wp\/v2\/types\/post"}],"author":[{"embeddable":true,"href":"https:\/\/www.zunoticia.com\/noticias-de-hidalgo\/wp-json\/wp\/v2\/users\/20"}],"replies":[{"embeddable":true,"href":"https:\/\/www.zunoticia.com\/noticias-de-hidalgo\/wp-json\/wp\/v2\/comments?post=635151"}],"version-history":[{"count":1,"href":"https:\/\/www.zunoticia.com\/noticias-de-hidalgo\/wp-json\/wp\/v2\/posts\/635151\/revisions"}],"predecessor-version":[{"id":635159,"href":"https:\/\/www.zunoticia.com\/noticias-de-hidalgo\/wp-json\/wp\/v2\/posts\/635151\/revisions\/635159"}],"wp:featuredmedia":[{"embeddable":true,"href":"https:\/\/www.zunoticia.com\/noticias-de-hidalgo\/wp-json\/wp\/v2\/media\/635158"}],"wp:attachment":[{"href":"https:\/\/www.zunoticia.com\/noticias-de-hidalgo\/wp-json\/wp\/v2\/media?parent=635151"}],"wp:term":[{"taxonomy":"category","embeddable":true,"href":"https:\/\/www.zunoticia.com\/noticias-de-hidalgo\/wp-json\/wp\/v2\/categories?post=635151"},{"taxonomy":"post_tag","embeddable":true,"href":"https:\/\/www.zunoticia.com\/noticias-de-hidalgo\/wp-json\/wp\/v2\/tags?post=635151"}],"curies":[{"name":"wp","href":"https:\/\/api.w.org\/{rel}","templated":true}]}}