{"id":635190,"date":"2026-04-28T22:23:51","date_gmt":"2026-04-29T04:23:51","guid":{"rendered":"https:\/\/www.zunoticia.com\/noticias-de-hidalgo\/?p=635190"},"modified":"2026-04-28T22:23:53","modified_gmt":"2026-04-29T04:23:53","slug":"realizan-sesion-de-clausura-del-primer-cabildo-infantil-huejutla-2026","status":"publish","type":"post","link":"https:\/\/www.zunoticia.com\/noticias-de-hidalgo\/2026\/04\/28\/realizan-sesion-de-clausura-del-primer-cabildo-infantil-huejutla-2026\/","title":{"rendered":"Realizan Sesi\u00f3n de Clausura del Primer Cabildo Infantil Huejutla 2026"},"content":{"rendered":"<aside class=\"mashsb-container mashsb-main mashsb-stretched\"><div class=\"mashsb-box\"><div class=\"mashsb-count mash-large\" style=\"float:left\"><div class=\"counts mashsbcount\">0<\/div><span class=\"mashsb-sharetext\">SHARES<\/span><\/div><div class=\"mashsb-buttons\"><a class=\"mashicon-facebook mash-large mash-center mashsb-noshadow\" href=\"https:\/\/www.facebook.com\/sharer.php?u=https%3A%2F%2Fwww.zunoticia.com%2Fnoticias-de-hidalgo%2F2026%2F04%2F28%2Frealizan-sesion-de-clausura-del-primer-cabildo-infantil-huejutla-2026%2F\" target=\"_top\" rel=\"nofollow\"><span class=\"icon\"><\/span><span class=\"text\">Share<\/span><\/a><a class=\"mashicon-twitter mash-large mash-center mashsb-noshadow\" href=\"https:\/\/twitter.com\/intent\/tweet?text=&amp;url=https:\/\/www.zunoticia.com\/noticias-de-hidalgo\/2026\/04\/28\/realizan-sesion-de-clausura-del-primer-cabildo-infantil-huejutla-2026\/\" target=\"_top\" rel=\"nofollow\"><span class=\"icon\"><\/span><span class=\"text\">Tweet<\/span><\/a><div class=\"onoffswitch2 mash-large mashsb-noshadow\" style=\"display:none\"><\/div><\/div>\n            <\/div>\n                <div style=\"clear:both\"><\/div><div class=\"mashsb-toggle-container\"><\/div><\/aside>\n            <!-- Share buttons by mashshare.net - Version: 4.0.47-->\n<p><em>Por Enedino Hern\u00e1ndez\/Zunoticia<\/em><\/p>\n\n\n\n<p><strong>Huejutla, Hidalgo.-<\/strong> La tarde de este martes 28 de abril se llev\u00f3 a cabo la Sesi\u00f3n de Clausura del Primer Cabildo Infantil Huejutla 2026, teniendo como sede la Sala de Cabildos de la Presidencia Municipal de Huejutla de Reyes.<\/p>\n\n\n\n<p>El evento cont\u00f3 con la presencia de autoridades y personalidades, entre ellas el Regidor municipal Jorge Lara Vite, la Vocal Ejecutiva del Instituto Nacional Electoral (INE) en Huejutla Estefan\u00eda Garc\u00eda P\u00e9rez, el representante del INE en Hidalgo, Jorge Anaya Lechuga, la representante de Servicios Regionales de la Secretar\u00eda de Educaci\u00f3n P\u00fablica (SEP), Graciela Rodr\u00edguez, entre otros invitados.<\/p>\n\n\n\n<p>Durante su participaci\u00f3n, los integrantes del Primer Cabildo Infantil se pronunciaron en favor de la defensa de los derechos de las ni\u00f1as y los ni\u00f1os, destacando la importancia de que estos sean respetados y promovidos dentro de la sociedad.<\/p>\n\n\n\n<p>La sesi\u00f3n concluy\u00f3 con la entrega de Reconocimientos y Tabletas a las y los participantes, acto que se realiz\u00f3 en presencia de la Consejera Presidenta del Instituto Estatal Electoral Mar\u00eda Magdalena Gonz\u00e1lez Escalona, la Presidenta del Sistema DIF Huejutla Kristel Rodr\u00edguez Flores, as\u00ed como integrantes de la Asamblea Municipal.<\/p>\n\n\n\n<figure class=\"wp-block-image size-large\"><img fetchpriority=\"high\" decoding=\"async\" width=\"1024\" height=\"538\" src=\"https:\/\/www.zunoticia.com\/noticias-de-hidalgo\/wp-content\/uploads\/2026\/04\/cabildo1-1024x538.jpg\" alt=\"\" class=\"wp-image-635192\" srcset=\"https:\/\/www.zunoticia.com\/noticias-de-hidalgo\/wp-content\/uploads\/2026\/04\/cabildo1-1024x538.jpg 1024w, https:\/\/www.zunoticia.com\/noticias-de-hidalgo\/wp-content\/uploads\/2026\/04\/cabildo1-300x158.jpg 300w, https:\/\/www.zunoticia.com\/noticias-de-hidalgo\/wp-content\/uploads\/2026\/04\/cabildo1-768x403.jpg 768w, https:\/\/www.zunoticia.com\/noticias-de-hidalgo\/wp-content\/uploads\/2026\/04\/cabildo1.jpg 1200w\" sizes=\"(max-width: 1024px) 100vw, 1024px\" \/><\/figure>\n\n\n\n<p>En su mensaje de clausura, la Presidenta del DIF Huejutla, Hilda Kristel Rodr\u00edguez, felicit\u00f3 a las ni\u00f1as y ni\u00f1os participantes, a quienes calific\u00f3 como \u201cpeque\u00f1os gigantes\u201d por su valent\u00eda al expresarse en p\u00fablico y formar parte de este ejercicio democr\u00e1tico.<\/p>\n\n\n\n<p>Destac\u00f3 que desde el momento en que decidieron participar, todos son ganadores y expres\u00f3 su confianza en que en el futuro algunos de ellos podr\u00e1n ocupar cargos de representaci\u00f3n popular, como la Presidencia Municipal o Diputaciones.<\/p>\n\n\n\n<p>Reconoci\u00f3 la iniciativa del Regidor Jorge Lara Vite para la realizaci\u00f3n de este Cabildo Infantil, as\u00ed como el respaldo del Presidente Municipal Jos\u00e9 Alfredo San Rom\u00e1n Duval, quien dijo se ha distinguido por apoyar a la ni\u00f1ez y promover el respeto a sus derechos.<\/p>\n\n\n\n<p>La funcionaria reiter\u00f3 el compromiso del Sistema DIF Municipal de seguir impulsando este tipo de actividades, as\u00ed como de respaldar propuestas y pol\u00edticas p\u00fablicas que beneficien a la ni\u00f1ez huejutlense.<\/p>\n\n\n\n<p>Finalmente, exhort\u00f3 a las ni\u00f1as y ni\u00f1os a continuar esforz\u00e1ndose, a no tener miedo de participar y a seguir luchando por sus sue\u00f1os, reconociendo tambi\u00e9n el apoyo de padres de familia y maestros en la formaci\u00f3n de los menores.<\/p>\n","protected":false},"excerpt":{"rendered":"<p>Por Enedino Hern\u00e1ndez\/Zunoticia Huejutla, Hidalgo.- La tarde de este martes 28 de abril se llev\u00f3 a cabo la Sesi\u00f3n de Clausura del Primer Cabildo Infantil Huejutla 2026, teniendo como sede la Sala de Cabildos de la Presidencia Municipal de Huejutla de Reyes. El evento cont\u00f3 con la presencia de autoridades y personalidades, entre ellas el&hellip; <a class=\"more-link\" href=\"https:\/\/www.zunoticia.com\/noticias-de-hidalgo\/2026\/04\/28\/realizan-sesion-de-clausura-del-primer-cabildo-infantil-huejutla-2026\/\">Seguir leyendo <span class=\"screen-reader-text\">Realizan Sesi\u00f3n de Clausura del Primer Cabildo Infantil Huejutla 2026<\/span><\/a><\/p>\n","protected":false},"author":13,"featured_media":635191,"comment_status":"open","ping_status":"open","sticky":false,"template":"","format":"standard","meta":{"rop_custom_images_group":[],"rop_custom_messages_group":[],"rop_publish_now":"initial","rop_publish_now_accounts":{"facebook_10159540855086992_322828327761733":""},"rop_publish_now_history":[],"rop_publish_now_status":"pending","footnotes":""},"categories":[181],"tags":[121],"class_list":["post-635190","post","type-post","status-publish","format-standard","has-post-thumbnail","hentry","category-huejutla","tag-huejutla","entry"],"_links":{"self":[{"href":"https:\/\/www.zunoticia.com\/noticias-de-hidalgo\/wp-json\/wp\/v2\/posts\/635190","targetHints":{"allow":["GET"]}}],"collection":[{"href":"https:\/\/www.zunoticia.com\/noticias-de-hidalgo\/wp-json\/wp\/v2\/posts"}],"about":[{"href":"https:\/\/www.zunoticia.com\/noticias-de-hidalgo\/wp-json\/wp\/v2\/types\/post"}],"author":[{"embeddable":true,"href":"https:\/\/www.zunoticia.com\/noticias-de-hidalgo\/wp-json\/wp\/v2\/users\/13"}],"replies":[{"embeddable":true,"href":"https:\/\/www.zunoticia.com\/noticias-de-hidalgo\/wp-json\/wp\/v2\/comments?post=635190"}],"version-history":[{"count":1,"href":"https:\/\/www.zunoticia.com\/noticias-de-hidalgo\/wp-json\/wp\/v2\/posts\/635190\/revisions"}],"predecessor-version":[{"id":635193,"href":"https:\/\/www.zunoticia.com\/noticias-de-hidalgo\/wp-json\/wp\/v2\/posts\/635190\/revisions\/635193"}],"wp:featuredmedia":[{"embeddable":true,"href":"https:\/\/www.zunoticia.com\/noticias-de-hidalgo\/wp-json\/wp\/v2\/media\/635191"}],"wp:attachment":[{"href":"https:\/\/www.zunoticia.com\/noticias-de-hidalgo\/wp-json\/wp\/v2\/media?parent=635190"}],"wp:term":[{"taxonomy":"category","embeddable":true,"href":"https:\/\/www.zunoticia.com\/noticias-de-hidalgo\/wp-json\/wp\/v2\/categories?post=635190"},{"taxonomy":"post_tag","embeddable":true,"href":"https:\/\/www.zunoticia.com\/noticias-de-hidalgo\/wp-json\/wp\/v2\/tags?post=635190"}],"curies":[{"name":"wp","href":"https:\/\/api.w.org\/{rel}","templated":true}]}}