{"id":635201,"date":"2026-04-29T10:36:20","date_gmt":"2026-04-29T16:36:20","guid":{"rendered":"https:\/\/www.zunoticia.com\/noticias-de-hidalgo\/?p=635201"},"modified":"2026-04-29T10:36:21","modified_gmt":"2026-04-29T16:36:21","slug":"veloz-automovilista-choco-por-alcance-con-urvan-pasajera","status":"publish","type":"post","link":"https:\/\/www.zunoticia.com\/noticias-de-hidalgo\/2026\/04\/29\/veloz-automovilista-choco-por-alcance-con-urvan-pasajera\/","title":{"rendered":"Veloz automovilista choc\u00f3 por alcance con Urvan pasajera"},"content":{"rendered":"<aside class=\"mashsb-container mashsb-main mashsb-stretched\"><div class=\"mashsb-box\"><div class=\"mashsb-count mash-large\" style=\"float:left\"><div class=\"counts mashsbcount\">0<\/div><span class=\"mashsb-sharetext\">SHARES<\/span><\/div><div class=\"mashsb-buttons\"><a class=\"mashicon-facebook mash-large mash-center mashsb-noshadow\" href=\"https:\/\/www.facebook.com\/sharer.php?u=https%3A%2F%2Fwww.zunoticia.com%2Fnoticias-de-hidalgo%2F2026%2F04%2F29%2Fveloz-automovilista-choco-por-alcance-con-urvan-pasajera%2F\" target=\"_top\" rel=\"nofollow\"><span class=\"icon\"><\/span><span class=\"text\">Share<\/span><\/a><a class=\"mashicon-twitter mash-large mash-center mashsb-noshadow\" href=\"https:\/\/twitter.com\/intent\/tweet?text=&amp;url=https:\/\/www.zunoticia.com\/noticias-de-hidalgo\/2026\/04\/29\/veloz-automovilista-choco-por-alcance-con-urvan-pasajera\/\" target=\"_top\" rel=\"nofollow\"><span class=\"icon\"><\/span><span class=\"text\">Tweet<\/span><\/a><div class=\"onoffswitch2 mash-large mashsb-noshadow\" style=\"display:none\"><\/div><\/div>\n            <\/div>\n                <div style=\"clear:both\"><\/div><div class=\"mashsb-toggle-container\"><\/div><\/aside>\n            <!-- Share buttons by mashshare.net - Version: 4.0.47-->\n<p><em>Por Roberto Meza Ram\u00edrez \/Zunoticia<\/em><\/p>\n\n\n\n<p><strong>Huejutla, Hgo.<\/strong> &#8211; Veloz automovilista choc\u00f3 por alcance con Urvan pasajera sobre el bulevar Central de esta ciudad, el percance s\u00f3lo dej\u00f3 da\u00f1os materiales y sin lesionados; al lugar llegaron elementos de Tr\u00e1nsito Municipal para intervenir en este accidente.<\/p>\n\n\n\n<p>En el accidente se vieron involucrados un autom\u00f3vil, de una empresa de seguridad privada y una Urvan de la ruta Huejutla- Las Pilas, en donde presuntamente el ch\u00f3fer de la primera unidad mencionada no alcanz\u00f3 a frenar y se impact\u00f3 en la parte trasera la camioneta, ocasionando da\u00f1os materiales.<\/p>\n\n\n\n<p>Los conductores se orillaron para el di\u00e1logo y acordar el pago de los da\u00f1os materiales que dej\u00f3 este accidente por alcance. Al lugar se dieron cita elementos de Tr\u00e1nsito de la Secretar\u00eda de Seguridad P\u00fablica Municipal, a fin de deslindar responsabilidades.<\/p>\n\n\n\n<p><\/p>\n","protected":false},"excerpt":{"rendered":"<p>Por Roberto Meza Ram\u00edrez \/Zunoticia Huejutla, Hgo. &#8211; Veloz automovilista choc\u00f3 por alcance con Urvan pasajera sobre el bulevar Central de esta ciudad, el percance s\u00f3lo dej\u00f3 da\u00f1os materiales y sin lesionados; al lugar llegaron elementos de Tr\u00e1nsito Municipal para intervenir en este accidente. En el accidente se vieron involucrados un autom\u00f3vil, de una empresa&hellip; <a class=\"more-link\" href=\"https:\/\/www.zunoticia.com\/noticias-de-hidalgo\/2026\/04\/29\/veloz-automovilista-choco-por-alcance-con-urvan-pasajera\/\">Seguir leyendo <span class=\"screen-reader-text\">Veloz automovilista choc\u00f3 por alcance con Urvan pasajera<\/span><\/a><\/p>\n","protected":false},"author":20,"featured_media":635202,"comment_status":"open","ping_status":"open","sticky":false,"template":"","format":"standard","meta":{"rop_custom_images_group":[],"rop_custom_messages_group":[],"rop_publish_now":"initial","rop_publish_now_accounts":{"facebook_10159540855086992_322828327761733":""},"rop_publish_now_history":[],"rop_publish_now_status":"pending","footnotes":""},"categories":[178],"tags":[259],"class_list":["post-635201","post","type-post","status-publish","format-standard","has-post-thumbnail","hentry","category-policiaca","tag-policiaca","entry"],"_links":{"self":[{"href":"https:\/\/www.zunoticia.com\/noticias-de-hidalgo\/wp-json\/wp\/v2\/posts\/635201","targetHints":{"allow":["GET"]}}],"collection":[{"href":"https:\/\/www.zunoticia.com\/noticias-de-hidalgo\/wp-json\/wp\/v2\/posts"}],"about":[{"href":"https:\/\/www.zunoticia.com\/noticias-de-hidalgo\/wp-json\/wp\/v2\/types\/post"}],"author":[{"embeddable":true,"href":"https:\/\/www.zunoticia.com\/noticias-de-hidalgo\/wp-json\/wp\/v2\/users\/20"}],"replies":[{"embeddable":true,"href":"https:\/\/www.zunoticia.com\/noticias-de-hidalgo\/wp-json\/wp\/v2\/comments?post=635201"}],"version-history":[{"count":1,"href":"https:\/\/www.zunoticia.com\/noticias-de-hidalgo\/wp-json\/wp\/v2\/posts\/635201\/revisions"}],"predecessor-version":[{"id":635203,"href":"https:\/\/www.zunoticia.com\/noticias-de-hidalgo\/wp-json\/wp\/v2\/posts\/635201\/revisions\/635203"}],"wp:featuredmedia":[{"embeddable":true,"href":"https:\/\/www.zunoticia.com\/noticias-de-hidalgo\/wp-json\/wp\/v2\/media\/635202"}],"wp:attachment":[{"href":"https:\/\/www.zunoticia.com\/noticias-de-hidalgo\/wp-json\/wp\/v2\/media?parent=635201"}],"wp:term":[{"taxonomy":"category","embeddable":true,"href":"https:\/\/www.zunoticia.com\/noticias-de-hidalgo\/wp-json\/wp\/v2\/categories?post=635201"},{"taxonomy":"post_tag","embeddable":true,"href":"https:\/\/www.zunoticia.com\/noticias-de-hidalgo\/wp-json\/wp\/v2\/tags?post=635201"}],"curies":[{"name":"wp","href":"https:\/\/api.w.org\/{rel}","templated":true}]}}