{"id":635204,"date":"2026-04-29T10:48:36","date_gmt":"2026-04-29T16:48:36","guid":{"rendered":"https:\/\/www.zunoticia.com\/noticias-de-hidalgo\/?p=635204"},"modified":"2026-04-29T10:48:37","modified_gmt":"2026-04-29T16:48:37","slug":"realizan-semana-academica-y-abren-convocatoria-en-el-ith","status":"publish","type":"post","link":"https:\/\/www.zunoticia.com\/noticias-de-hidalgo\/2026\/04\/29\/realizan-semana-academica-y-abren-convocatoria-en-el-ith\/","title":{"rendered":"Realizan Semana Acad\u00e9mica y abren convocatoria en el ITH"},"content":{"rendered":"<aside class=\"mashsb-container mashsb-main mashsb-stretched\"><div class=\"mashsb-box\"><div class=\"mashsb-count mash-large\" style=\"float:left\"><div class=\"counts mashsbcount\">0<\/div><span class=\"mashsb-sharetext\">SHARES<\/span><\/div><div class=\"mashsb-buttons\"><a class=\"mashicon-facebook mash-large mash-center mashsb-noshadow\" href=\"https:\/\/www.facebook.com\/sharer.php?u=https%3A%2F%2Fwww.zunoticia.com%2Fnoticias-de-hidalgo%2F2026%2F04%2F29%2Frealizan-semana-academica-y-abren-convocatoria-en-el-ith%2F\" target=\"_top\" rel=\"nofollow\"><span class=\"icon\"><\/span><span class=\"text\">Share<\/span><\/a><a class=\"mashicon-twitter mash-large mash-center mashsb-noshadow\" href=\"https:\/\/twitter.com\/intent\/tweet?text=&amp;url=https:\/\/www.zunoticia.com\/noticias-de-hidalgo\/2026\/04\/29\/realizan-semana-academica-y-abren-convocatoria-en-el-ith\/\" target=\"_top\" rel=\"nofollow\"><span class=\"icon\"><\/span><span class=\"text\">Tweet<\/span><\/a><div class=\"onoffswitch2 mash-large mashsb-noshadow\" style=\"display:none\"><\/div><\/div>\n            <\/div>\n                <div style=\"clear:both\"><\/div><div class=\"mashsb-toggle-container\"><\/div><\/aside>\n            <!-- Share buttons by mashshare.net - Version: 4.0.47-->\n<p><em>Por Enedino Hern\u00e1ndez \/ Zunoticia<\/em><\/p>\n\n\n\n<p><strong>Huejutla, Hgo<\/strong>.- El maestro Evaristo L\u00f3pez, director del Instituto Tecnol\u00f3gico de Huejutla (ITH), inform\u00f3 que durante la presente semana se desarrollan diversas actividades acad\u00e9micas como parte del programa educativo de las carreras de Sistemas Computacionales y Ciberseguridad.<\/p>\n\n\n\n<p>Detall\u00f3 que estas actividades forman parte de la denominada \u201cSemana Acad\u00e9mica\u201d, en la cual se abordan temas relacionados con la tecnolog\u00eda, informaci\u00f3n, digitalizaci\u00f3n y automatizaci\u00f3n, con la participaci\u00f3n de especialistas que comparten sus conocimientos y experiencias con el alumnado, fortaleciendo as\u00ed su formaci\u00f3n profesional.<\/p>\n\n\n\n<p>Asimismo, el directivo se\u00f1al\u00f3 que, de manera paralela, ya se encuentra abierta la convocatoria para los j\u00f3venes interesados en ingresar a esta instituci\u00f3n para el siguiente ciclo escolar.<\/p>\n\n\n\n<p>Indic\u00f3 que desde el mes pasado inici\u00f3 la emisi\u00f3n de fichas para los diferentes programas acad\u00e9micos que oferta el Tecnol\u00f3gico, entre los que destacan Agronom\u00eda, Sistemas Computacionales, Ciberseguridad, Ingenier\u00eda en Gesti\u00f3n Empresarial, Biolog\u00eda y Medicina Veterinaria.<\/p>\n\n\n\n<p>Explic\u00f3 que la instituci\u00f3n cuenta con seis programas presenciales, adem\u00e1s de dos programas en modalidad en l\u00ednea que son: Ingenier\u00eda en Gesti\u00f3n Empresarial e Ingenier\u00eda en Sistemas Computacionales, dirigidos principalmente a personas que trabajan y no pueden asistir de manera presencial.<\/p>\n\n\n\n<p>Finalmente, hizo una invitaci\u00f3n a la juventud interesada en continuar sus estudios profesionales a integrarse a la comunidad estudiantil del Tecnol\u00f3gico, reiterando que pueden acudir a la instituci\u00f3n para recibir informaci\u00f3n y orientaci\u00f3n sobre el proceso de ingreso.<\/p>\n","protected":false},"excerpt":{"rendered":"<p>Por Enedino Hern\u00e1ndez \/ Zunoticia Huejutla, Hgo.- El maestro Evaristo L\u00f3pez, director del Instituto Tecnol\u00f3gico de Huejutla (ITH), inform\u00f3 que durante la presente semana se desarrollan diversas actividades acad\u00e9micas como parte del programa educativo de las carreras de Sistemas Computacionales y Ciberseguridad. Detall\u00f3 que estas actividades forman parte de la denominada \u201cSemana Acad\u00e9mica\u201d, en la&hellip; <a class=\"more-link\" href=\"https:\/\/www.zunoticia.com\/noticias-de-hidalgo\/2026\/04\/29\/realizan-semana-academica-y-abren-convocatoria-en-el-ith\/\">Seguir leyendo <span class=\"screen-reader-text\">Realizan Semana Acad\u00e9mica y abren convocatoria en el ITH<\/span><\/a><\/p>\n","protected":false},"author":20,"featured_media":635205,"comment_status":"open","ping_status":"open","sticky":false,"template":"","format":"standard","meta":{"rop_custom_images_group":[],"rop_custom_messages_group":[],"rop_publish_now":"initial","rop_publish_now_accounts":{"facebook_10159540855086992_322828327761733":""},"rop_publish_now_history":[],"rop_publish_now_status":"pending","footnotes":""},"categories":[181],"tags":[121],"class_list":["post-635204","post","type-post","status-publish","format-standard","has-post-thumbnail","hentry","category-huejutla","tag-huejutla","entry"],"_links":{"self":[{"href":"https:\/\/www.zunoticia.com\/noticias-de-hidalgo\/wp-json\/wp\/v2\/posts\/635204","targetHints":{"allow":["GET"]}}],"collection":[{"href":"https:\/\/www.zunoticia.com\/noticias-de-hidalgo\/wp-json\/wp\/v2\/posts"}],"about":[{"href":"https:\/\/www.zunoticia.com\/noticias-de-hidalgo\/wp-json\/wp\/v2\/types\/post"}],"author":[{"embeddable":true,"href":"https:\/\/www.zunoticia.com\/noticias-de-hidalgo\/wp-json\/wp\/v2\/users\/20"}],"replies":[{"embeddable":true,"href":"https:\/\/www.zunoticia.com\/noticias-de-hidalgo\/wp-json\/wp\/v2\/comments?post=635204"}],"version-history":[{"count":1,"href":"https:\/\/www.zunoticia.com\/noticias-de-hidalgo\/wp-json\/wp\/v2\/posts\/635204\/revisions"}],"predecessor-version":[{"id":635206,"href":"https:\/\/www.zunoticia.com\/noticias-de-hidalgo\/wp-json\/wp\/v2\/posts\/635204\/revisions\/635206"}],"wp:featuredmedia":[{"embeddable":true,"href":"https:\/\/www.zunoticia.com\/noticias-de-hidalgo\/wp-json\/wp\/v2\/media\/635205"}],"wp:attachment":[{"href":"https:\/\/www.zunoticia.com\/noticias-de-hidalgo\/wp-json\/wp\/v2\/media?parent=635204"}],"wp:term":[{"taxonomy":"category","embeddable":true,"href":"https:\/\/www.zunoticia.com\/noticias-de-hidalgo\/wp-json\/wp\/v2\/categories?post=635204"},{"taxonomy":"post_tag","embeddable":true,"href":"https:\/\/www.zunoticia.com\/noticias-de-hidalgo\/wp-json\/wp\/v2\/tags?post=635204"}],"curies":[{"name":"wp","href":"https:\/\/api.w.org\/{rel}","templated":true}]}}