{"id":635217,"date":"2026-04-29T12:48:18","date_gmt":"2026-04-29T18:48:18","guid":{"rendered":"https:\/\/www.zunoticia.com\/noticias-de-hidalgo\/?p=635217"},"modified":"2026-04-29T12:48:20","modified_gmt":"2026-04-29T18:48:20","slug":"en-cenizas-quedo-un-camion-en-la-huejutla-pachuca","status":"publish","type":"post","link":"https:\/\/www.zunoticia.com\/noticias-de-hidalgo\/2026\/04\/29\/en-cenizas-quedo-un-camion-en-la-huejutla-pachuca\/","title":{"rendered":"En cenizas qued\u00f3 un cami\u00f3n en la Huejutla -Pachuca"},"content":{"rendered":"<aside class=\"mashsb-container mashsb-main mashsb-stretched\"><div class=\"mashsb-box\"><div class=\"mashsb-count mash-large\" style=\"float:left\"><div class=\"counts mashsbcount\">0<\/div><span class=\"mashsb-sharetext\">SHARES<\/span><\/div><div class=\"mashsb-buttons\"><a class=\"mashicon-facebook mash-large mash-center mashsb-noshadow\" href=\"https:\/\/www.facebook.com\/sharer.php?u=https%3A%2F%2Fwww.zunoticia.com%2Fnoticias-de-hidalgo%2F2026%2F04%2F29%2Fen-cenizas-quedo-un-camion-en-la-huejutla-pachuca%2F\" target=\"_top\" rel=\"nofollow\"><span class=\"icon\"><\/span><span class=\"text\">Share<\/span><\/a><a class=\"mashicon-twitter mash-large mash-center mashsb-noshadow\" href=\"https:\/\/twitter.com\/intent\/tweet?text=&amp;url=https:\/\/www.zunoticia.com\/noticias-de-hidalgo\/2026\/04\/29\/en-cenizas-quedo-un-camion-en-la-huejutla-pachuca\/\" target=\"_top\" rel=\"nofollow\"><span class=\"icon\"><\/span><span class=\"text\">Tweet<\/span><\/a><div class=\"onoffswitch2 mash-large mashsb-noshadow\" style=\"display:none\"><\/div><\/div>\n            <\/div>\n                <div style=\"clear:both\"><\/div><div class=\"mashsb-toggle-container\"><\/div><\/aside>\n            <!-- Share buttons by mashshare.net - Version: 4.0.47-->\n<p><em>Por Roberto Meza Ram\u00edrez \/Zunoticia<\/em><\/p>\n\n\n\n<p><strong>Metztitl\u00e1n, Hgo<\/strong>. &#8211; Lo que inici\u00f3 con un leve incendio en las llantas traseras, termin\u00f3 calcinando un cami\u00f3n. Fue la ma\u00f1ana de este mi\u00e9rcoles cuando se incendi\u00f3 este veh\u00edculo automotriz sobre la carretera federal M\u00e9xico-Tampico, presuntamente por un sobrecalentamiento en las balatas de los neum\u00e1ticos, el siniestro ocasion\u00f3 la movilizaci\u00f3n a los servicios de emergencias.<\/p>\n\n\n\n<p>El hecho se registr\u00f3 en el crucero de ese municipio, en donde el veh\u00edculo pesado en segundos ardi\u00f3 en llamas.&nbsp; Al lugar de los hechos acudieron elementos de la Polic\u00eda Municipal, estatal y personal de Protecci\u00f3n Civil Municipal pero el cami\u00f3n ya estaba envuelto en gigantescas llamas.<\/p>\n\n\n\n<figure class=\"wp-block-gallery has-nested-images columns-default is-cropped wp-block-gallery-1 is-layout-flex wp-block-gallery-is-layout-flex\">\n<figure class=\"wp-block-image size-large\"><img fetchpriority=\"high\" decoding=\"async\" width=\"1024\" height=\"498\" data-id=\"635220\" src=\"https:\/\/www.zunoticia.com\/noticias-de-hidalgo\/wp-content\/uploads\/2026\/04\/WhatsApp-Image-2026-04-29-at-12.36.31-PM-1-1024x498.jpeg\" alt=\"\" class=\"wp-image-635220\" srcset=\"https:\/\/www.zunoticia.com\/noticias-de-hidalgo\/wp-content\/uploads\/2026\/04\/WhatsApp-Image-2026-04-29-at-12.36.31-PM-1-1024x498.jpeg 1024w, https:\/\/www.zunoticia.com\/noticias-de-hidalgo\/wp-content\/uploads\/2026\/04\/WhatsApp-Image-2026-04-29-at-12.36.31-PM-1-300x146.jpeg 300w, https:\/\/www.zunoticia.com\/noticias-de-hidalgo\/wp-content\/uploads\/2026\/04\/WhatsApp-Image-2026-04-29-at-12.36.31-PM-1-768x374.jpeg 768w, https:\/\/www.zunoticia.com\/noticias-de-hidalgo\/wp-content\/uploads\/2026\/04\/WhatsApp-Image-2026-04-29-at-12.36.31-PM-1.jpeg 1479w\" sizes=\"(max-width: 1024px) 100vw, 1024px\" \/><\/figure>\n\n\n\n<figure class=\"wp-block-image size-large\"><img decoding=\"async\" width=\"1024\" height=\"570\" data-id=\"635219\" src=\"https:\/\/www.zunoticia.com\/noticias-de-hidalgo\/wp-content\/uploads\/2026\/04\/WhatsApp-Image-2026-04-29-at-12.36.31-PM-1024x570.jpeg\" alt=\"\" class=\"wp-image-635219\" srcset=\"https:\/\/www.zunoticia.com\/noticias-de-hidalgo\/wp-content\/uploads\/2026\/04\/WhatsApp-Image-2026-04-29-at-12.36.31-PM-1024x570.jpeg 1024w, https:\/\/www.zunoticia.com\/noticias-de-hidalgo\/wp-content\/uploads\/2026\/04\/WhatsApp-Image-2026-04-29-at-12.36.31-PM-300x167.jpeg 300w, https:\/\/www.zunoticia.com\/noticias-de-hidalgo\/wp-content\/uploads\/2026\/04\/WhatsApp-Image-2026-04-29-at-12.36.31-PM-768x427.jpeg 768w, https:\/\/www.zunoticia.com\/noticias-de-hidalgo\/wp-content\/uploads\/2026\/04\/WhatsApp-Image-2026-04-29-at-12.36.31-PM.jpeg 1294w\" sizes=\"(max-width: 1024px) 100vw, 1024px\" \/><\/figure>\n<\/figure>\n\n\n\n<p>La unidad se quem\u00f3 de manera total, as\u00ed como el cargamento que llevaba, el conductor y su ayudante no pudieron hacer nada para hacer frente al fuego ante la falta de extintores; a la movilizaci\u00f3n tambi\u00e9n se sumaron voluntarios, el siniestro dej\u00f3 cuantiosos da\u00f1os materiales, pero sin v\u00edctimas humanas que lamentar.<\/p>\n\n\n\n<p>La carretera se vio interrumpida por m\u00e1s de una hora por este fuerte incendio en donde se perdi\u00f3 todo.<\/p>\n\n\n\n<figure class=\"wp-block-gallery has-nested-images columns-default is-cropped wp-block-gallery-2 is-layout-flex wp-block-gallery-is-layout-flex\">\n<figure class=\"wp-block-image size-large\"><img decoding=\"async\" width=\"1024\" height=\"457\" data-id=\"635222\" src=\"https:\/\/www.zunoticia.com\/noticias-de-hidalgo\/wp-content\/uploads\/2026\/04\/WhatsApp-Image-2026-04-29-at-12.36.30-PM-1-1024x457.jpeg\" alt=\"\" class=\"wp-image-635222\" srcset=\"https:\/\/www.zunoticia.com\/noticias-de-hidalgo\/wp-content\/uploads\/2026\/04\/WhatsApp-Image-2026-04-29-at-12.36.30-PM-1-1024x457.jpeg 1024w, https:\/\/www.zunoticia.com\/noticias-de-hidalgo\/wp-content\/uploads\/2026\/04\/WhatsApp-Image-2026-04-29-at-12.36.30-PM-1-300x134.jpeg 300w, https:\/\/www.zunoticia.com\/noticias-de-hidalgo\/wp-content\/uploads\/2026\/04\/WhatsApp-Image-2026-04-29-at-12.36.30-PM-1-768x343.jpeg 768w, https:\/\/www.zunoticia.com\/noticias-de-hidalgo\/wp-content\/uploads\/2026\/04\/WhatsApp-Image-2026-04-29-at-12.36.30-PM-1-1536x686.jpeg 1536w, https:\/\/www.zunoticia.com\/noticias-de-hidalgo\/wp-content\/uploads\/2026\/04\/WhatsApp-Image-2026-04-29-at-12.36.30-PM-1-1568x700.jpeg 1568w, https:\/\/www.zunoticia.com\/noticias-de-hidalgo\/wp-content\/uploads\/2026\/04\/WhatsApp-Image-2026-04-29-at-12.36.30-PM-1.jpeg 1599w\" sizes=\"(max-width: 1024px) 100vw, 1024px\" \/><\/figure>\n\n\n\n<figure class=\"wp-block-image size-large\"><img loading=\"lazy\" decoding=\"async\" width=\"1024\" height=\"535\" data-id=\"635221\" src=\"https:\/\/www.zunoticia.com\/noticias-de-hidalgo\/wp-content\/uploads\/2026\/04\/WhatsApp-Image-2026-04-29-at-12.36.30-PM-1024x535.jpeg\" alt=\"\" class=\"wp-image-635221\" srcset=\"https:\/\/www.zunoticia.com\/noticias-de-hidalgo\/wp-content\/uploads\/2026\/04\/WhatsApp-Image-2026-04-29-at-12.36.30-PM-1024x535.jpeg 1024w, https:\/\/www.zunoticia.com\/noticias-de-hidalgo\/wp-content\/uploads\/2026\/04\/WhatsApp-Image-2026-04-29-at-12.36.30-PM-300x157.jpeg 300w, https:\/\/www.zunoticia.com\/noticias-de-hidalgo\/wp-content\/uploads\/2026\/04\/WhatsApp-Image-2026-04-29-at-12.36.30-PM-768x401.jpeg 768w, https:\/\/www.zunoticia.com\/noticias-de-hidalgo\/wp-content\/uploads\/2026\/04\/WhatsApp-Image-2026-04-29-at-12.36.30-PM.jpeg 1177w\" sizes=\"(max-width: 1024px) 100vw, 1024px\" \/><\/figure>\n<\/figure>\n\n\n\n<p>Elementos de la Guardia Nacional Carreteras llegaron al lugar para intervenir en este accidente, para ordenar el remolque, los restos del veh\u00edculo est\u00e1n interrumpiendo la circulaci\u00f3n en un carril.<\/p>\n\n\n\n<p><\/p>\n","protected":false},"excerpt":{"rendered":"<p>Por Roberto Meza Ram\u00edrez \/Zunoticia Metztitl\u00e1n, Hgo. &#8211; Lo que inici\u00f3 con un leve incendio en las llantas traseras, termin\u00f3 calcinando un cami\u00f3n. Fue la ma\u00f1ana de este mi\u00e9rcoles cuando se incendi\u00f3 este veh\u00edculo automotriz sobre la carretera federal M\u00e9xico-Tampico, presuntamente por un sobrecalentamiento en las balatas de los neum\u00e1ticos, el siniestro ocasion\u00f3 la movilizaci\u00f3n&hellip; <a class=\"more-link\" href=\"https:\/\/www.zunoticia.com\/noticias-de-hidalgo\/2026\/04\/29\/en-cenizas-quedo-un-camion-en-la-huejutla-pachuca\/\">Seguir leyendo <span class=\"screen-reader-text\">En cenizas qued\u00f3 un cami\u00f3n en la Huejutla -Pachuca<\/span><\/a><\/p>\n","protected":false},"author":20,"featured_media":635218,"comment_status":"open","ping_status":"open","sticky":false,"template":"","format":"standard","meta":{"rop_custom_images_group":[],"rop_custom_messages_group":[],"rop_publish_now":"initial","rop_publish_now_accounts":{"facebook_10159540855086992_322828327761733":""},"rop_publish_now_history":[],"rop_publish_now_status":"pending","footnotes":""},"categories":[178],"tags":[259],"class_list":["post-635217","post","type-post","status-publish","format-standard","has-post-thumbnail","hentry","category-policiaca","tag-policiaca","entry"],"_links":{"self":[{"href":"https:\/\/www.zunoticia.com\/noticias-de-hidalgo\/wp-json\/wp\/v2\/posts\/635217","targetHints":{"allow":["GET"]}}],"collection":[{"href":"https:\/\/www.zunoticia.com\/noticias-de-hidalgo\/wp-json\/wp\/v2\/posts"}],"about":[{"href":"https:\/\/www.zunoticia.com\/noticias-de-hidalgo\/wp-json\/wp\/v2\/types\/post"}],"author":[{"embeddable":true,"href":"https:\/\/www.zunoticia.com\/noticias-de-hidalgo\/wp-json\/wp\/v2\/users\/20"}],"replies":[{"embeddable":true,"href":"https:\/\/www.zunoticia.com\/noticias-de-hidalgo\/wp-json\/wp\/v2\/comments?post=635217"}],"version-history":[{"count":1,"href":"https:\/\/www.zunoticia.com\/noticias-de-hidalgo\/wp-json\/wp\/v2\/posts\/635217\/revisions"}],"predecessor-version":[{"id":635223,"href":"https:\/\/www.zunoticia.com\/noticias-de-hidalgo\/wp-json\/wp\/v2\/posts\/635217\/revisions\/635223"}],"wp:featuredmedia":[{"embeddable":true,"href":"https:\/\/www.zunoticia.com\/noticias-de-hidalgo\/wp-json\/wp\/v2\/media\/635218"}],"wp:attachment":[{"href":"https:\/\/www.zunoticia.com\/noticias-de-hidalgo\/wp-json\/wp\/v2\/media?parent=635217"}],"wp:term":[{"taxonomy":"category","embeddable":true,"href":"https:\/\/www.zunoticia.com\/noticias-de-hidalgo\/wp-json\/wp\/v2\/categories?post=635217"},{"taxonomy":"post_tag","embeddable":true,"href":"https:\/\/www.zunoticia.com\/noticias-de-hidalgo\/wp-json\/wp\/v2\/tags?post=635217"}],"curies":[{"name":"wp","href":"https:\/\/api.w.org\/{rel}","templated":true}]}}