{"id":635224,"date":"2026-04-29T13:43:25","date_gmt":"2026-04-29T19:43:25","guid":{"rendered":"https:\/\/www.zunoticia.com\/noticias-de-hidalgo\/?p=635224"},"modified":"2026-04-29T13:43:26","modified_gmt":"2026-04-29T19:43:26","slug":"realizan-jornada-de-empleo-en-tlahuelilpan","status":"publish","type":"post","link":"https:\/\/www.zunoticia.com\/noticias-de-hidalgo\/2026\/04\/29\/realizan-jornada-de-empleo-en-tlahuelilpan\/","title":{"rendered":"Realizan Jornada de Empleo en Tlahuelilpan"},"content":{"rendered":"<aside class=\"mashsb-container mashsb-main mashsb-stretched\"><div class=\"mashsb-box\"><div class=\"mashsb-count mash-large\" style=\"float:left\"><div class=\"counts mashsbcount\">0<\/div><span class=\"mashsb-sharetext\">SHARES<\/span><\/div><div class=\"mashsb-buttons\"><a class=\"mashicon-facebook mash-large mash-center mashsb-noshadow\" href=\"https:\/\/www.facebook.com\/sharer.php?u=https%3A%2F%2Fwww.zunoticia.com%2Fnoticias-de-hidalgo%2F2026%2F04%2F29%2Frealizan-jornada-de-empleo-en-tlahuelilpan%2F\" target=\"_top\" rel=\"nofollow\"><span class=\"icon\"><\/span><span class=\"text\">Share<\/span><\/a><a class=\"mashicon-twitter mash-large mash-center mashsb-noshadow\" href=\"https:\/\/twitter.com\/intent\/tweet?text=&amp;url=https:\/\/www.zunoticia.com\/noticias-de-hidalgo\/2026\/04\/29\/realizan-jornada-de-empleo-en-tlahuelilpan\/\" target=\"_top\" rel=\"nofollow\"><span class=\"icon\"><\/span><span class=\"text\">Tweet<\/span><\/a><div class=\"onoffswitch2 mash-large mashsb-noshadow\" style=\"display:none\"><\/div><\/div>\n            <\/div>\n                <div style=\"clear:both\"><\/div><div class=\"mashsb-toggle-container\"><\/div><\/aside>\n            <!-- Share buttons by mashshare.net - Version: 4.0.47-->\n<ul class=\"wp-block-list\">\n<li>Se ofertaron 159 vacantes de empleo formal y se promovieron cursos de capacitaci\u00f3n.<\/li>\n<\/ul>\n\n\n\n<p><em>Por Redacci\u00f3n\/Zunoticia<\/em><\/p>\n\n\n\n<p><strong>Mineral de la Reforma, Hgo.- <\/strong>El titular de la Secretar\u00eda del Trabajo y Previsi\u00f3n Social de Hidalgo, Oscar Javier Gonz\u00e1lez Hern\u00e1ndez, acudi\u00f3 al municipio de Tlahuelilpan donde se llev\u00f3 a cabo Jornada de Empleo en la cual participan ocho empresas que ofertaron 159 plazas de empleo formal; adem\u00e1s se cont\u00f3 con la presencia de cinco m\u00f3dulos informativos de las distintas dependencias estatales y municipales.<\/p>\n\n\n\n<p>Junto a la presidenta municipal de Tlahuelilpan, Norma Leticia Reyes Reyes, el secretario del Trabajo recorri\u00f3 los distintos m\u00f3dulos de las empresas que ofertaron las vacantes, dejando claro que es una prioridad para el gobernador Julio Menchaca Salazar que cada vez m\u00e1s hidalguenses accedan a empleos dignos.<\/p>\n\n\n\n<p>Durante el recorrido el titular de la STPSH, promovi\u00f3 los cursos de capacitaci\u00f3n que se ofrecen en el Instituto de Capacitaci\u00f3n para el Trabajo del Estado de Hidalgo, (Icathi), as\u00ed como en los Centros de Capacitaci\u00f3n para el Trabajo Industrial CECATI.<\/p>\n\n\n\n<p>Enfatiz\u00f3 que las jornadas de empleo son actividades que se realizan en la gran mayor\u00eda del territorio hidalguense, en coordinaci\u00f3n y colaboraci\u00f3n con los municipios a fin de impulsar el empleo y la vocaci\u00f3n regional, que impacte en la econom\u00eda de las familias hidalguenses.<\/p>\n\n\n\n<figure class=\"wp-block-image size-full\"><img fetchpriority=\"high\" decoding=\"async\" width=\"933\" height=\"524\" src=\"https:\/\/www.zunoticia.com\/noticias-de-hidalgo\/wp-content\/uploads\/2026\/04\/Zunoticia-Huejutla-1-194.png\" alt=\"\" class=\"wp-image-635226\" srcset=\"https:\/\/www.zunoticia.com\/noticias-de-hidalgo\/wp-content\/uploads\/2026\/04\/Zunoticia-Huejutla-1-194.png 933w, https:\/\/www.zunoticia.com\/noticias-de-hidalgo\/wp-content\/uploads\/2026\/04\/Zunoticia-Huejutla-1-194-300x168.png 300w, https:\/\/www.zunoticia.com\/noticias-de-hidalgo\/wp-content\/uploads\/2026\/04\/Zunoticia-Huejutla-1-194-768x431.png 768w\" sizes=\"(max-width: 933px) 100vw, 933px\" \/><\/figure>\n","protected":false},"excerpt":{"rendered":"<p>Por Redacci\u00f3n\/Zunoticia Mineral de la Reforma, Hgo.- El titular de la Secretar\u00eda del Trabajo y Previsi\u00f3n Social de Hidalgo, Oscar Javier Gonz\u00e1lez Hern\u00e1ndez, acudi\u00f3 al municipio de Tlahuelilpan donde se llev\u00f3 a cabo Jornada de Empleo en la cual participan ocho empresas que ofertaron 159 plazas de empleo formal; adem\u00e1s se cont\u00f3 con la presencia&hellip; <a class=\"more-link\" href=\"https:\/\/www.zunoticia.com\/noticias-de-hidalgo\/2026\/04\/29\/realizan-jornada-de-empleo-en-tlahuelilpan\/\">Seguir leyendo <span class=\"screen-reader-text\">Realizan Jornada de Empleo en Tlahuelilpan<\/span><\/a><\/p>\n","protected":false},"author":20,"featured_media":635225,"comment_status":"open","ping_status":"open","sticky":false,"template":"","format":"standard","meta":{"rop_custom_images_group":[],"rop_custom_messages_group":[],"rop_publish_now":"initial","rop_publish_now_accounts":{"facebook_10159540855086992_322828327761733":""},"rop_publish_now_history":[],"rop_publish_now_status":"pending","footnotes":""},"categories":[208],"tags":[214],"class_list":["post-635224","post","type-post","status-publish","format-standard","has-post-thumbnail","hentry","category-estado","tag-estado","entry"],"_links":{"self":[{"href":"https:\/\/www.zunoticia.com\/noticias-de-hidalgo\/wp-json\/wp\/v2\/posts\/635224","targetHints":{"allow":["GET"]}}],"collection":[{"href":"https:\/\/www.zunoticia.com\/noticias-de-hidalgo\/wp-json\/wp\/v2\/posts"}],"about":[{"href":"https:\/\/www.zunoticia.com\/noticias-de-hidalgo\/wp-json\/wp\/v2\/types\/post"}],"author":[{"embeddable":true,"href":"https:\/\/www.zunoticia.com\/noticias-de-hidalgo\/wp-json\/wp\/v2\/users\/20"}],"replies":[{"embeddable":true,"href":"https:\/\/www.zunoticia.com\/noticias-de-hidalgo\/wp-json\/wp\/v2\/comments?post=635224"}],"version-history":[{"count":1,"href":"https:\/\/www.zunoticia.com\/noticias-de-hidalgo\/wp-json\/wp\/v2\/posts\/635224\/revisions"}],"predecessor-version":[{"id":635227,"href":"https:\/\/www.zunoticia.com\/noticias-de-hidalgo\/wp-json\/wp\/v2\/posts\/635224\/revisions\/635227"}],"wp:featuredmedia":[{"embeddable":true,"href":"https:\/\/www.zunoticia.com\/noticias-de-hidalgo\/wp-json\/wp\/v2\/media\/635225"}],"wp:attachment":[{"href":"https:\/\/www.zunoticia.com\/noticias-de-hidalgo\/wp-json\/wp\/v2\/media?parent=635224"}],"wp:term":[{"taxonomy":"category","embeddable":true,"href":"https:\/\/www.zunoticia.com\/noticias-de-hidalgo\/wp-json\/wp\/v2\/categories?post=635224"},{"taxonomy":"post_tag","embeddable":true,"href":"https:\/\/www.zunoticia.com\/noticias-de-hidalgo\/wp-json\/wp\/v2\/tags?post=635224"}],"curies":[{"name":"wp","href":"https:\/\/api.w.org\/{rel}","templated":true}]}}