{"id":635228,"date":"2026-04-29T13:47:42","date_gmt":"2026-04-29T19:47:42","guid":{"rendered":"https:\/\/www.zunoticia.com\/noticias-de-hidalgo\/?p=635228"},"modified":"2026-04-29T13:47:44","modified_gmt":"2026-04-29T19:47:44","slug":"senalan-uso-indebido-de-identidad-indigena-con-fines-politicos-en-la-huasteca","status":"publish","type":"post","link":"https:\/\/www.zunoticia.com\/noticias-de-hidalgo\/2026\/04\/29\/senalan-uso-indebido-de-identidad-indigena-con-fines-politicos-en-la-huasteca\/","title":{"rendered":"Se\u00f1alan uso indebido de identidad ind\u00edgena con fines pol\u00edticos en la Huasteca"},"content":{"rendered":"<aside class=\"mashsb-container mashsb-main mashsb-stretched\"><div class=\"mashsb-box\"><div class=\"mashsb-count mash-large\" style=\"float:left\"><div class=\"counts mashsbcount\">0<\/div><span class=\"mashsb-sharetext\">SHARES<\/span><\/div><div class=\"mashsb-buttons\"><a class=\"mashicon-facebook mash-large mash-center mashsb-noshadow\" href=\"https:\/\/www.facebook.com\/sharer.php?u=https%3A%2F%2Fwww.zunoticia.com%2Fnoticias-de-hidalgo%2F2026%2F04%2F29%2Fsenalan-uso-indebido-de-identidad-indigena-con-fines-politicos-en-la-huasteca%2F\" target=\"_top\" rel=\"nofollow\"><span class=\"icon\"><\/span><span class=\"text\">Share<\/span><\/a><a class=\"mashicon-twitter mash-large mash-center mashsb-noshadow\" href=\"https:\/\/twitter.com\/intent\/tweet?text=&amp;url=https:\/\/www.zunoticia.com\/noticias-de-hidalgo\/2026\/04\/29\/senalan-uso-indebido-de-identidad-indigena-con-fines-politicos-en-la-huasteca\/\" target=\"_top\" rel=\"nofollow\"><span class=\"icon\"><\/span><span class=\"text\">Tweet<\/span><\/a><div class=\"onoffswitch2 mash-large mashsb-noshadow\" style=\"display:none\"><\/div><\/div>\n            <\/div>\n                <div style=\"clear:both\"><\/div><div class=\"mashsb-toggle-container\"><\/div><\/aside>\n            <!-- Share buttons by mashshare.net - Version: 4.0.47-->\n<p><em>Por Enedino Hern\u00e1ndez \/ Zunoticia<\/em><\/p>\n\n\n\n<p><strong>Huejutla, Hgo.-<\/strong> El profesor Hilario Hern\u00e1ndez, representante del Consejo Supremo de Pueblos Ind\u00edgenas de la Huasteca, denunci\u00f3 que de manera anticipada algunas personas ya recorren colonias y comunidades ostent\u00e1ndose como aspirantes o precandidatos ind\u00edgenas, pese a que afirm\u00f3, hist\u00f3ricamente han incurrido en pr\u00e1cticas de discriminaci\u00f3n hacia este sector.<\/p>\n\n\n\n<p>El representante ind\u00edgena calific\u00f3 esta situaci\u00f3n como prematura y contradictoria, al se\u00f1alar que quienes hoy buscan posicionarse pol\u00edticamente bajo la identidad ind\u00edgena, anteriormente han mostrado actitudes racistas \u201cdicen que son precandidatos o aspirantes ind\u00edgenas, cuando siempre han discriminado a la raza ind\u00edgena\u201d.<\/p>\n\n\n\n<p>Hilario Hern\u00e1ndez, enfatiz\u00f3 que la discriminaci\u00f3n hacia los pueblos originarios se ha manifestado durante a\u00f1os por su lengua, vestimenta y condiciones econ\u00f3micas, sin embargo, se\u00f1al\u00f3 que actualmente, ante el peso pol\u00edtico de las comunidades ind\u00edgenas en la regi\u00f3n Huasteca y la Sierra, algunas personas intentan asumirse como parte de este sector para obtener beneficios electorales.<\/p>\n\n\n\n<p>Asimismo, denunci\u00f3 presuntas irregularidades en la expedici\u00f3n de constancias que acreditan identidad ind\u00edgena, se\u00f1alando que en algunos casos estas podr\u00edan obtenerse mediante pagos a autoridades locales, indic\u00f3 que este tema ya ha sido comentado incluso a nivel estatal.<\/p>\n\n\n\n<p>En ese sentido, consider\u00f3 que las acciones anticipadas de quienes buscan cargos de elecci\u00f3n popular contravienen la normatividad vigente, ya que los procesos deben realizarse en tiempo y forma conforme a la ley.<\/p>\n\n\n\n<p>Asimismo, hace un llamado a la ciudadan\u00eda del distrito a no comprometer su voto ante la entrega de d\u00e1divas \u201csi les ofrecen apoyos, que los reciban, pero que no hagan compromiso\u201d, se\u00f1al\u00f3, al tiempo que critic\u00f3 que estas pr\u00e1cticas se han vuelto comunes en los procesos pol\u00edticos.<\/p>\n\n\n\n<p>El representante del Consejo Supremo de Pueblos Ind\u00edgenas de la Huasteca, concluy\u00f3 subrayando la necesidad de transformar la forma de hacer pol\u00edtica, con mayor atenci\u00f3n a estas problem\u00e1ticas y pasando del discurso a los hechos en materia de cambio social.<\/p>\n","protected":false},"excerpt":{"rendered":"<p>Por Enedino Hern\u00e1ndez \/ Zunoticia Huejutla, Hgo.- El profesor Hilario Hern\u00e1ndez, representante del Consejo Supremo de Pueblos Ind\u00edgenas de la Huasteca, denunci\u00f3 que de manera anticipada algunas personas ya recorren colonias y comunidades ostent\u00e1ndose como aspirantes o precandidatos ind\u00edgenas, pese a que afirm\u00f3, hist\u00f3ricamente han incurrido en pr\u00e1cticas de discriminaci\u00f3n hacia este sector. El representante&hellip; <a class=\"more-link\" href=\"https:\/\/www.zunoticia.com\/noticias-de-hidalgo\/2026\/04\/29\/senalan-uso-indebido-de-identidad-indigena-con-fines-politicos-en-la-huasteca\/\">Seguir leyendo <span class=\"screen-reader-text\">Se\u00f1alan uso indebido de identidad ind\u00edgena con fines pol\u00edticos en la Huasteca<\/span><\/a><\/p>\n","protected":false},"author":20,"featured_media":635229,"comment_status":"open","ping_status":"open","sticky":false,"template":"","format":"standard","meta":{"rop_custom_images_group":[],"rop_custom_messages_group":[],"rop_publish_now":"initial","rop_publish_now_accounts":{"facebook_10159540855086992_322828327761733":""},"rop_publish_now_history":[],"rop_publish_now_status":"pending","footnotes":""},"categories":[181],"tags":[121],"class_list":["post-635228","post","type-post","status-publish","format-standard","has-post-thumbnail","hentry","category-huejutla","tag-huejutla","entry"],"_links":{"self":[{"href":"https:\/\/www.zunoticia.com\/noticias-de-hidalgo\/wp-json\/wp\/v2\/posts\/635228","targetHints":{"allow":["GET"]}}],"collection":[{"href":"https:\/\/www.zunoticia.com\/noticias-de-hidalgo\/wp-json\/wp\/v2\/posts"}],"about":[{"href":"https:\/\/www.zunoticia.com\/noticias-de-hidalgo\/wp-json\/wp\/v2\/types\/post"}],"author":[{"embeddable":true,"href":"https:\/\/www.zunoticia.com\/noticias-de-hidalgo\/wp-json\/wp\/v2\/users\/20"}],"replies":[{"embeddable":true,"href":"https:\/\/www.zunoticia.com\/noticias-de-hidalgo\/wp-json\/wp\/v2\/comments?post=635228"}],"version-history":[{"count":1,"href":"https:\/\/www.zunoticia.com\/noticias-de-hidalgo\/wp-json\/wp\/v2\/posts\/635228\/revisions"}],"predecessor-version":[{"id":635230,"href":"https:\/\/www.zunoticia.com\/noticias-de-hidalgo\/wp-json\/wp\/v2\/posts\/635228\/revisions\/635230"}],"wp:featuredmedia":[{"embeddable":true,"href":"https:\/\/www.zunoticia.com\/noticias-de-hidalgo\/wp-json\/wp\/v2\/media\/635229"}],"wp:attachment":[{"href":"https:\/\/www.zunoticia.com\/noticias-de-hidalgo\/wp-json\/wp\/v2\/media?parent=635228"}],"wp:term":[{"taxonomy":"category","embeddable":true,"href":"https:\/\/www.zunoticia.com\/noticias-de-hidalgo\/wp-json\/wp\/v2\/categories?post=635228"},{"taxonomy":"post_tag","embeddable":true,"href":"https:\/\/www.zunoticia.com\/noticias-de-hidalgo\/wp-json\/wp\/v2\/tags?post=635228"}],"curies":[{"name":"wp","href":"https:\/\/api.w.org\/{rel}","templated":true}]}}