{"id":635279,"date":"2026-04-29T16:54:36","date_gmt":"2026-04-29T22:54:36","guid":{"rendered":"https:\/\/www.zunoticia.com\/noticias-de-hidalgo\/?p=635279"},"modified":"2026-04-29T16:54:37","modified_gmt":"2026-04-29T22:54:37","slug":"ultimo-dia-para-registro-al-pabellon-artesanal-de-la-feria-de-san-francisco-2026","status":"publish","type":"post","link":"https:\/\/www.zunoticia.com\/noticias-de-hidalgo\/2026\/04\/29\/ultimo-dia-para-registro-al-pabellon-artesanal-de-la-feria-de-san-francisco-2026\/","title":{"rendered":"\u00daltimo d\u00eda para registro al Pabell\u00f3n Artesanal de la Feria de San Francisco 2026"},"content":{"rendered":"<aside class=\"mashsb-container mashsb-main mashsb-stretched\"><div class=\"mashsb-box\"><div class=\"mashsb-count mash-large\" style=\"float:left\"><div class=\"counts mashsbcount\">0<\/div><span class=\"mashsb-sharetext\">SHARES<\/span><\/div><div class=\"mashsb-buttons\"><a class=\"mashicon-facebook mash-large mash-center mashsb-noshadow\" href=\"https:\/\/www.facebook.com\/sharer.php?u=https%3A%2F%2Fwww.zunoticia.com%2Fnoticias-de-hidalgo%2F2026%2F04%2F29%2Fultimo-dia-para-registro-al-pabellon-artesanal-de-la-feria-de-san-francisco-2026%2F\" target=\"_top\" rel=\"nofollow\"><span class=\"icon\"><\/span><span class=\"text\">Share<\/span><\/a><a class=\"mashicon-twitter mash-large mash-center mashsb-noshadow\" href=\"https:\/\/twitter.com\/intent\/tweet?text=&amp;url=https:\/\/www.zunoticia.com\/noticias-de-hidalgo\/2026\/04\/29\/ultimo-dia-para-registro-al-pabellon-artesanal-de-la-feria-de-san-francisco-2026\/\" target=\"_top\" rel=\"nofollow\"><span class=\"icon\"><\/span><span class=\"text\">Tweet<\/span><\/a><div class=\"onoffswitch2 mash-large mashsb-noshadow\" style=\"display:none\"><\/div><\/div>\n            <\/div>\n                <div style=\"clear:both\"><\/div><div class=\"mashsb-toggle-container\"><\/div><\/aside>\n            <!-- Share buttons by mashshare.net - Version: 4.0.47-->\n<ul class=\"wp-block-list\">\n<li>Artesanas y artesanos hidalguenses a\u00fan pueden obtener un espacio gratuito para exhibir y vender sus productos<\/li>\n<\/ul>\n\n\n\n<p><em>Por Redacci\u00f3n\/Zunoticia<\/em><\/p>\n\n\n\n<p><strong>Pachuca de Soto, Hgo.-<\/strong> Este jueves 30 de abril la Secretar\u00eda de Bienestar e Inclusi\u00f3n Social (Sebiso) cerrar\u00e1 el registro para participar en el Pabell\u00f3n Artesanal y Gastron\u00f3mico de la Feria San Francisco 2026.<\/p>\n\n\n\n<p>Esta convocatoria representa una oportunidad para que las y los artesanos hidalguenses exhiban su talento, fortalezcan su econom\u00eda, den mayor visibilidad a sus productos y compartan la riqueza cultural del estado.<\/p>\n\n\n\n<p>Las personas interesadas pueden registrarse en un horario de 10:00 a 15:00 horas, en las instalaciones de la Feria, ubicadas en la carretera M\u00e9xico\u2013Pachuca, km 84.5, colonia Juan C. Doria, en Pachuca. Para realizarlo, se requiere presentar su documentaci\u00f3n b\u00e1sica y llevar una muestra de su producto.<\/p>\n\n\n\n<figure class=\"wp-block-image size-full\"><img fetchpriority=\"high\" decoding=\"async\" width=\"933\" height=\"524\" src=\"https:\/\/www.zunoticia.com\/noticias-de-hidalgo\/wp-content\/uploads\/2026\/04\/Zunoticia-Huejutla-1-196.png\" alt=\"\" class=\"wp-image-635281\" srcset=\"https:\/\/www.zunoticia.com\/noticias-de-hidalgo\/wp-content\/uploads\/2026\/04\/Zunoticia-Huejutla-1-196.png 933w, https:\/\/www.zunoticia.com\/noticias-de-hidalgo\/wp-content\/uploads\/2026\/04\/Zunoticia-Huejutla-1-196-300x168.png 300w, https:\/\/www.zunoticia.com\/noticias-de-hidalgo\/wp-content\/uploads\/2026\/04\/Zunoticia-Huejutla-1-196-768x431.png 768w\" sizes=\"(max-width: 933px) 100vw, 933px\" \/><\/figure>\n\n\n\n<p>Las artesan\u00edas participantes deber\u00e1n pertenecer a las siguientes categor\u00edas: alfarer\u00eda y cer\u00e1mica; bordados y textiles; madera, cerer\u00eda, metalister\u00eda, orfebrer\u00eda, plater\u00eda y joyer\u00eda; fibras vegetales, cartoner\u00eda y papel; talabarter\u00eda y peleter\u00eda; lapidaria y canter\u00eda; concha y caracol; vidrio y gastronom\u00eda artesanal.<\/p>\n\n\n\n<p>Los espacios ser\u00e1n asignados de manera gratuita para la exhibici\u00f3n y venta de productos artesanales y gastron\u00f3micos elaborados en la entidad.<\/p>\n\n\n\n<p>Los requisitos completos y los formatos necesarios (FUPS, ficha t\u00e9cnica, carta y consentimiento) est\u00e1n disponibles en la siguiente p\u00e1gina: <a href=\"https:\/\/sebiso.hidalgo.gob.mx\/Convocatorias\/AEFS\">https:\/\/sebiso.hidalgo.gob.mx\/Convocatorias\/AEFS<\/a><\/p>\n\n\n\n<p>Para m\u00e1s informaci\u00f3n, las y los interesados pueden comunicarse a los tel\u00e9fonos 771 713 0412 y 771 713 0966.<\/p>\n","protected":false},"excerpt":{"rendered":"<p>Por Redacci\u00f3n\/Zunoticia Pachuca de Soto, Hgo.- Este jueves 30 de abril la Secretar\u00eda de Bienestar e Inclusi\u00f3n Social (Sebiso) cerrar\u00e1 el registro para participar en el Pabell\u00f3n Artesanal y Gastron\u00f3mico de la Feria San Francisco 2026. Esta convocatoria representa una oportunidad para que las y los artesanos hidalguenses exhiban su talento, fortalezcan su econom\u00eda, den&hellip; <a class=\"more-link\" href=\"https:\/\/www.zunoticia.com\/noticias-de-hidalgo\/2026\/04\/29\/ultimo-dia-para-registro-al-pabellon-artesanal-de-la-feria-de-san-francisco-2026\/\">Seguir leyendo <span class=\"screen-reader-text\">\u00daltimo d\u00eda para registro al Pabell\u00f3n Artesanal de la Feria de San Francisco 2026<\/span><\/a><\/p>\n","protected":false},"author":20,"featured_media":635280,"comment_status":"open","ping_status":"open","sticky":false,"template":"","format":"standard","meta":{"rop_custom_images_group":[],"rop_custom_messages_group":[],"rop_publish_now":"initial","rop_publish_now_accounts":{"facebook_10159540855086992_322828327761733":""},"rop_publish_now_history":[],"rop_publish_now_status":"pending","footnotes":""},"categories":[208],"tags":[214],"class_list":["post-635279","post","type-post","status-publish","format-standard","has-post-thumbnail","hentry","category-estado","tag-estado","entry"],"_links":{"self":[{"href":"https:\/\/www.zunoticia.com\/noticias-de-hidalgo\/wp-json\/wp\/v2\/posts\/635279","targetHints":{"allow":["GET"]}}],"collection":[{"href":"https:\/\/www.zunoticia.com\/noticias-de-hidalgo\/wp-json\/wp\/v2\/posts"}],"about":[{"href":"https:\/\/www.zunoticia.com\/noticias-de-hidalgo\/wp-json\/wp\/v2\/types\/post"}],"author":[{"embeddable":true,"href":"https:\/\/www.zunoticia.com\/noticias-de-hidalgo\/wp-json\/wp\/v2\/users\/20"}],"replies":[{"embeddable":true,"href":"https:\/\/www.zunoticia.com\/noticias-de-hidalgo\/wp-json\/wp\/v2\/comments?post=635279"}],"version-history":[{"count":1,"href":"https:\/\/www.zunoticia.com\/noticias-de-hidalgo\/wp-json\/wp\/v2\/posts\/635279\/revisions"}],"predecessor-version":[{"id":635282,"href":"https:\/\/www.zunoticia.com\/noticias-de-hidalgo\/wp-json\/wp\/v2\/posts\/635279\/revisions\/635282"}],"wp:featuredmedia":[{"embeddable":true,"href":"https:\/\/www.zunoticia.com\/noticias-de-hidalgo\/wp-json\/wp\/v2\/media\/635280"}],"wp:attachment":[{"href":"https:\/\/www.zunoticia.com\/noticias-de-hidalgo\/wp-json\/wp\/v2\/media?parent=635279"}],"wp:term":[{"taxonomy":"category","embeddable":true,"href":"https:\/\/www.zunoticia.com\/noticias-de-hidalgo\/wp-json\/wp\/v2\/categories?post=635279"},{"taxonomy":"post_tag","embeddable":true,"href":"https:\/\/www.zunoticia.com\/noticias-de-hidalgo\/wp-json\/wp\/v2\/tags?post=635279"}],"curies":[{"name":"wp","href":"https:\/\/api.w.org\/{rel}","templated":true}]}}