{"id":635310,"date":"2026-04-30T09:40:15","date_gmt":"2026-04-30T15:40:15","guid":{"rendered":"https:\/\/www.zunoticia.com\/noticias-de-hidalgo\/?p=635310"},"modified":"2026-04-30T09:40:17","modified_gmt":"2026-04-30T15:40:17","slug":"presentan-festival-dancistico-por-dia-internacional-de-la-danza","status":"publish","type":"post","link":"https:\/\/www.zunoticia.com\/noticias-de-hidalgo\/2026\/04\/30\/presentan-festival-dancistico-por-dia-internacional-de-la-danza\/","title":{"rendered":"Presentan Festival danc\u00edstico por D\u00eda Internacional de la Danza"},"content":{"rendered":"<aside class=\"mashsb-container mashsb-main mashsb-stretched\"><div class=\"mashsb-box\"><div class=\"mashsb-count mash-large\" style=\"float:left\"><div class=\"counts mashsbcount\">0<\/div><span class=\"mashsb-sharetext\">SHARES<\/span><\/div><div class=\"mashsb-buttons\"><a class=\"mashicon-facebook mash-large mash-center mashsb-noshadow\" href=\"https:\/\/www.facebook.com\/sharer.php?u=https%3A%2F%2Fwww.zunoticia.com%2Fnoticias-de-hidalgo%2F2026%2F04%2F30%2Fpresentan-festival-dancistico-por-dia-internacional-de-la-danza%2F\" target=\"_top\" rel=\"nofollow\"><span class=\"icon\"><\/span><span class=\"text\">Share<\/span><\/a><a class=\"mashicon-twitter mash-large mash-center mashsb-noshadow\" href=\"https:\/\/twitter.com\/intent\/tweet?text=&amp;url=https:\/\/www.zunoticia.com\/noticias-de-hidalgo\/2026\/04\/30\/presentan-festival-dancistico-por-dia-internacional-de-la-danza\/\" target=\"_top\" rel=\"nofollow\"><span class=\"icon\"><\/span><span class=\"text\">Tweet<\/span><\/a><div class=\"onoffswitch2 mash-large mashsb-noshadow\" style=\"display:none\"><\/div><\/div>\n            <\/div>\n                <div style=\"clear:both\"><\/div><div class=\"mashsb-toggle-container\"><\/div><\/aside>\n            <!-- Share buttons by mashshare.net - Version: 4.0.47-->\n<p><em>Por Enedino Hern\u00e1ndez \/ Zunoticia<\/em><\/p>\n\n\n\n<p><strong>Huejutla, Hgo<\/strong>.- En el marco del D\u00eda Internacional de la Danza, la Comunidad Danc\u00edstica de la Huasteca Hidalguense llev\u00f3 a cabo la presentaci\u00f3n de un vistoso festival realizado durante la tarde del mi\u00e9rcoles 29 de abril, reuniendo a diversas agrupaciones locales y regionales.<\/p>\n\n\n\n<p>El evento tuvo lugar en la explanada del reloj municipal, donde se congreg\u00f3 un importante n\u00famero de asistentes que disfrutaron de las distintas presentaciones art\u00edsticas, destacando la riqueza cultural y el talento de los participantes.<\/p>\n\n\n\n<p>Durante m\u00e1s de dos horas el p\u00fablico pudo apreciar la participaci\u00f3n de agrupaciones danc\u00edsticas como Cuicacalco, Centro Cultural Regional Nicandro Castillo, StudioOne, Kuextlan Infantil, Compa\u00f1\u00eda Tlapalli, Ehecatl, Xinaxtli, Grupo Huejutla, Chicomexochitl, Yolpaquilistli, Coacuilco y Dance Life, entre otras.<\/p>\n\n\n\n<figure class=\"wp-block-gallery has-nested-images columns-default is-cropped wp-block-gallery-1 is-layout-flex wp-block-gallery-is-layout-flex\">\n<figure class=\"wp-block-image size-large\"><img fetchpriority=\"high\" decoding=\"async\" width=\"933\" height=\"524\" data-id=\"635312\" src=\"https:\/\/www.zunoticia.com\/noticias-de-hidalgo\/wp-content\/uploads\/2026\/04\/Zunoticia-Huejutla-2-88.png\" alt=\"\" class=\"wp-image-635312\" srcset=\"https:\/\/www.zunoticia.com\/noticias-de-hidalgo\/wp-content\/uploads\/2026\/04\/Zunoticia-Huejutla-2-88.png 933w, https:\/\/www.zunoticia.com\/noticias-de-hidalgo\/wp-content\/uploads\/2026\/04\/Zunoticia-Huejutla-2-88-300x168.png 300w, https:\/\/www.zunoticia.com\/noticias-de-hidalgo\/wp-content\/uploads\/2026\/04\/Zunoticia-Huejutla-2-88-768x431.png 768w\" sizes=\"(max-width: 933px) 100vw, 933px\" \/><\/figure>\n\n\n\n<figure class=\"wp-block-image size-large\"><img decoding=\"async\" width=\"933\" height=\"524\" data-id=\"635313\" src=\"https:\/\/www.zunoticia.com\/noticias-de-hidalgo\/wp-content\/uploads\/2026\/04\/Zunoticia-Huejutla-1-200.png\" alt=\"\" class=\"wp-image-635313\" srcset=\"https:\/\/www.zunoticia.com\/noticias-de-hidalgo\/wp-content\/uploads\/2026\/04\/Zunoticia-Huejutla-1-200.png 933w, https:\/\/www.zunoticia.com\/noticias-de-hidalgo\/wp-content\/uploads\/2026\/04\/Zunoticia-Huejutla-1-200-300x168.png 300w, https:\/\/www.zunoticia.com\/noticias-de-hidalgo\/wp-content\/uploads\/2026\/04\/Zunoticia-Huejutla-1-200-768x431.png 768w\" sizes=\"(max-width: 933px) 100vw, 933px\" \/><\/figure>\n<\/figure>\n\n\n\n<p>Cada grupo ofreci\u00f3 una muestra de su estilo y propuesta esc\u00e9nica, desde danzas tradicionales hasta expresiones contempor\u00e1neas, logrando cautivar a los presentes y generar un ambiente de celebraci\u00f3n en torno al arte del movimiento.<\/p>\n\n\n\n<p>Este festival se consolid\u00f3 como un espacio de convivencia cultural que permiti\u00f3 reconocer la importancia de la danza como una forma de expresi\u00f3n art\u00edstica y de identidad en la regi\u00f3n huasteca.<\/p>\n","protected":false},"excerpt":{"rendered":"<p>Por Enedino Hern\u00e1ndez \/ Zunoticia Huejutla, Hgo.- En el marco del D\u00eda Internacional de la Danza, la Comunidad Danc\u00edstica de la Huasteca Hidalguense llev\u00f3 a cabo la presentaci\u00f3n de un vistoso festival realizado durante la tarde del mi\u00e9rcoles 29 de abril, reuniendo a diversas agrupaciones locales y regionales. El evento tuvo lugar en la explanada&hellip; <a class=\"more-link\" href=\"https:\/\/www.zunoticia.com\/noticias-de-hidalgo\/2026\/04\/30\/presentan-festival-dancistico-por-dia-internacional-de-la-danza\/\">Seguir leyendo <span class=\"screen-reader-text\">Presentan Festival danc\u00edstico por D\u00eda Internacional de la Danza<\/span><\/a><\/p>\n","protected":false},"author":20,"featured_media":635311,"comment_status":"open","ping_status":"open","sticky":false,"template":"","format":"standard","meta":{"rop_custom_images_group":[],"rop_custom_messages_group":[],"rop_publish_now":"initial","rop_publish_now_accounts":{"facebook_10159540855086992_322828327761733":""},"rop_publish_now_history":[],"rop_publish_now_status":"pending","footnotes":""},"categories":[181],"tags":[121],"class_list":["post-635310","post","type-post","status-publish","format-standard","has-post-thumbnail","hentry","category-huejutla","tag-huejutla","entry"],"_links":{"self":[{"href":"https:\/\/www.zunoticia.com\/noticias-de-hidalgo\/wp-json\/wp\/v2\/posts\/635310","targetHints":{"allow":["GET"]}}],"collection":[{"href":"https:\/\/www.zunoticia.com\/noticias-de-hidalgo\/wp-json\/wp\/v2\/posts"}],"about":[{"href":"https:\/\/www.zunoticia.com\/noticias-de-hidalgo\/wp-json\/wp\/v2\/types\/post"}],"author":[{"embeddable":true,"href":"https:\/\/www.zunoticia.com\/noticias-de-hidalgo\/wp-json\/wp\/v2\/users\/20"}],"replies":[{"embeddable":true,"href":"https:\/\/www.zunoticia.com\/noticias-de-hidalgo\/wp-json\/wp\/v2\/comments?post=635310"}],"version-history":[{"count":1,"href":"https:\/\/www.zunoticia.com\/noticias-de-hidalgo\/wp-json\/wp\/v2\/posts\/635310\/revisions"}],"predecessor-version":[{"id":635314,"href":"https:\/\/www.zunoticia.com\/noticias-de-hidalgo\/wp-json\/wp\/v2\/posts\/635310\/revisions\/635314"}],"wp:featuredmedia":[{"embeddable":true,"href":"https:\/\/www.zunoticia.com\/noticias-de-hidalgo\/wp-json\/wp\/v2\/media\/635311"}],"wp:attachment":[{"href":"https:\/\/www.zunoticia.com\/noticias-de-hidalgo\/wp-json\/wp\/v2\/media?parent=635310"}],"wp:term":[{"taxonomy":"category","embeddable":true,"href":"https:\/\/www.zunoticia.com\/noticias-de-hidalgo\/wp-json\/wp\/v2\/categories?post=635310"},{"taxonomy":"post_tag","embeddable":true,"href":"https:\/\/www.zunoticia.com\/noticias-de-hidalgo\/wp-json\/wp\/v2\/tags?post=635310"}],"curies":[{"name":"wp","href":"https:\/\/api.w.org\/{rel}","templated":true}]}}