{"id":635315,"date":"2026-04-30T12:27:39","date_gmt":"2026-04-30T18:27:39","guid":{"rendered":"https:\/\/www.zunoticia.com\/noticias-de-hidalgo\/?p=635315"},"modified":"2026-04-30T12:27:40","modified_gmt":"2026-04-30T18:27:40","slug":"la-secretaria-de-cultura-federal-presenta-el-festival-hidalgo-en-los-pinos","status":"publish","type":"post","link":"https:\/\/www.zunoticia.com\/noticias-de-hidalgo\/2026\/04\/30\/la-secretaria-de-cultura-federal-presenta-el-festival-hidalgo-en-los-pinos\/","title":{"rendered":"La Secretar\u00eda de Cultura Federal presenta el festival \u201cHidalgo en Los Pinos\u201d"},"content":{"rendered":"<aside class=\"mashsb-container mashsb-main mashsb-stretched\"><div class=\"mashsb-box\"><div class=\"mashsb-count mash-large\" style=\"float:left\"><div class=\"counts mashsbcount\">0<\/div><span class=\"mashsb-sharetext\">SHARES<\/span><\/div><div class=\"mashsb-buttons\"><a class=\"mashicon-facebook mash-large mash-center mashsb-noshadow\" href=\"https:\/\/www.facebook.com\/sharer.php?u=https%3A%2F%2Fwww.zunoticia.com%2Fnoticias-de-hidalgo%2F2026%2F04%2F30%2Fla-secretaria-de-cultura-federal-presenta-el-festival-hidalgo-en-los-pinos%2F\" target=\"_top\" rel=\"nofollow\"><span class=\"icon\"><\/span><span class=\"text\">Share<\/span><\/a><a class=\"mashicon-twitter mash-large mash-center mashsb-noshadow\" href=\"https:\/\/twitter.com\/intent\/tweet?text=&amp;url=https:\/\/www.zunoticia.com\/noticias-de-hidalgo\/2026\/04\/30\/la-secretaria-de-cultura-federal-presenta-el-festival-hidalgo-en-los-pinos\/\" target=\"_top\" rel=\"nofollow\"><span class=\"icon\"><\/span><span class=\"text\">Tweet<\/span><\/a><div class=\"onoffswitch2 mash-large mashsb-noshadow\" style=\"display:none\"><\/div><\/div>\n            <\/div>\n                <div style=\"clear:both\"><\/div><div class=\"mashsb-toggle-container\"><\/div><\/aside>\n            <!-- Share buttons by mashshare.net - Version: 4.0.47-->\n<ul class=\"wp-block-list\">\n<li>Con M\u00e1s De 900 Artistas, Cocineras, Artesanas Y Productoras Del Estado, se cuenta con una programaci\u00f3n art\u00edstica que incluye desfiles, danzas rituales, comparsas, bandas de viento, huapango y presentaciones esc\u00e9nicas de distintas regiones de la entidad<\/li>\n<\/ul>\n\n\n\n<p><em>Por Redacci\u00f3n\/Zunoticia<\/em><\/p>\n\n\n\n<p><strong>Ciudad de M\u00e9xico<\/strong>. &#8211; La Secretar\u00eda de Cultura del Gobierno de M\u00e9xico y el Gobierno del Estado de Hidalgo, a trav\u00e9s de su Secretar\u00eda de Cultura, organizan el festival \u201cHidalgo en Los Pinos\u201d, que lleva al Complejo Cultural Los Pinos m\u00e1s de 900 artistas, personas artesanas, cocineras tradicionales, talleristas, juegos tradicionales, productores locales y elencos de la entidad los d\u00edas 9 y 10 de mayo de 10 a 17 h.<\/p>\n\n\n\n<p>Para la secretaria de Cultura del Gobierno de M\u00e9xico, Claudia Curiel de Icaza, la colaboraci\u00f3n amplifica la voz de las comunidades, promueve el patrimonio vivo y consolida espacios en los que la cultura se convierte en un motor de identidad, inclusi\u00f3n y transformaci\u00f3n.<\/p>\n\n\n\n<p>\u201cAl abrir estos espacios, las comunidades son reconocidas como sujetos de derechos, portadoras de saberes, e identidades. A trav\u00e9s de este encuentro se visibiliza la riqueza cultural del estado, al propiciar el intercambio, el reconocimiento y el di\u00e1logo con nuevos p\u00fablicos\u201d, mencion\u00f3 la secretaria Curiel de Icaza.<\/p>\n\n\n\n<p>Por su parte, la secretaria de Cultura estatal, Neyda Naranjo Baltazar, destac\u00f3 que el festival llevar\u00e1 la esencia de su entidad a Los Pinos: \u201cLos d\u00edas 9 y 10 de mayo, m\u00e1s de 900 personas portadoras de cultura, provenientes de 50 municipios, compartir\u00e1n la riqueza viva de la m\u00fasica, danza, artesan\u00edas, gastronom\u00eda y cada expresi\u00f3n que da identidad a nuestro estado. Ser\u00e1 un encuentro que celebra las ra\u00edces, fortalece el orgullo de pertenencia y honra la riqueza cultural de los pueblos originarios, cuya memoria y tradiciones mantienen vivo el coraz\u00f3n cultural de Hidalgo\u201d.<\/p>\n\n\n\n<p>Como parte de la apertura del festival, se instala un tapete artesanal ef\u00edmero de car\u00e1cter comunitario, que retoma el alfombrismo tradicional mediante el uso de arenas te\u00f1idas para crear una pieza de gran formato con dise\u00f1os sim\u00e9tricos e iconograf\u00eda h\u00f1\u00e4h\u00f1u como estrellas de ocho puntas, aves, flores y grecas que dialogan con la tradici\u00f3n textil y ritual del estado.<\/p>\n\n\n\n<p>La oferta de cultura alimentaria en las Cocinas de Humo incluye propuestas de Acaxochitl\u00e1n con tacos de frijol y haba, quesadillas de hongo y huitlacoche, tamales de mole, sopa de haba, tlacoyos, aguas de chayote y maracuy\u00e1, as\u00ed como caf\u00e9 de olla, adem\u00e1s de especialidades de Chapantongo, con conejo en salsa morita, gorditas y quesadillas variadas.<\/p>\n\n\n\n<p>Tambi\u00e9n participan cocineras tradicionales de Santiago de Anaya con quesadillas de quelites, flores, hongos e insectos, as\u00ed como propuestas de Actopan con barbacoa y derivados, Huejutla con zacahuil y enchiladas huastecas, Singuilucan con mixiotes y enchiladas empulcadas, Chilcuautla con envueltos tradicionales y San Felipe Orizatl\u00e1n con bocoles y tapataxtle.<\/p>\n\n\n\n<p>Como parte del acto inaugural, el s\u00e1bado 9 de mayo se realiza un desfile con 384 participantes provenientes de siete comparsas y nueve danzas que representan las regiones Huasteca, Sierra Alta, Sierra Baja, Sierra Oriental y Valle del Mezquital con expresiones como Xilocochitl, Moctezuma, Cuapaxtle, Cuernudos, Mitotiani, Metzca y Viejos del Carnaval.<\/p>\n\n\n\n<p>El programa contempla danzas tradicionales como \u201cLa Ofrenda\u201d, \u201cIxtle\u201d, \u201cSones de costumbre\u201d, \u201cMitotiani elotl\u201d, \u201cCuatecomajtini\u201d y \u201cXilocochitl\u201d, adem\u00e1s de presentaciones musicales con bandas de viento, encuentros de huapangueros infantiles y juveniles y el tr\u00edo Aurora Hidalguense.<\/p>\n\n\n\n<p>El domingo hay presentaciones esc\u00e9nico-musicales como Voces del Ixtle y la Flor del Semillero Creativo de Tlahuelilpan y el Coro Monumental Infantil de Tulancingo de Bravo, as\u00ed como la puesta en escena Bajo la tierra, la vida del minero de Zimap\u00e1n y agrupaciones como Triby y su banda MIFI.<\/p>\n\n\n\n<p>Adem\u00e1s, el festival es sede del Encuentro de Tr\u00edos con agrupaciones de San Felipe Orizatl\u00e1n y Jacala de Ledezma acompa\u00f1adas de parejas de danza; tambi\u00e9n participa Sergio Maya \u2013ganador de M\u00e9xico Canta 2025\u2013 con mariachi, y se presenta Son de Kalunga con propuesta de reggae folclor.<\/p>\n\n\n\n<p>La programaci\u00f3n musical se ampl\u00eda con propuestas como Canciones de Mixquiahuala del ensamble de Paulo C\u00e9sar Calva Garc\u00eda y la Orquesta Filarm\u00f3nica de Pachuca con un concierto sinf\u00f3nico de \u00f3pera y canci\u00f3n mexicana de gala junto a la banda de viento Revoluci\u00f3n 20-20 de Atotonilco de Tula.<\/p>\n\n\n\n<p>Participan tambi\u00e9n la Orquesta Infantil y Juvenil del Centro de las Artes de Hidalgo y la Orquesta juvenil de la Escuela de iniciaci\u00f3n musical de Huichapan con repertorios que recuperan la obra de Abundio Mart\u00ednez mediante valses, polkas y piezas tradicionales interpretadas por talento en formaci\u00f3n.<\/p>\n\n\n\n<p>Se suman la Orquesta infantil y juvenil de Tepeji del R\u00edo con un concierto enfocado en la formaci\u00f3n colectiva musical que fortalece el desarrollo art\u00edstico y social de ni\u00f1as, ni\u00f1os y j\u00f3venes a trav\u00e9s de la disciplina, el trabajo en equipo y la apropiaci\u00f3n del patrimonio sonoro hidalguense.<\/p>\n\n\n\n<p>En tanto, la oferta artesanal re\u00fane alfarer\u00eda de Huejutla, textiles Tenango de Doria, fibras de San Salvador y Tlaxcoapan, palma de Alfajayucan y Pacula, cester\u00eda de Jaltocan, as\u00ed como piezas de carrizo y obsidiana de Tecozautla, cantera de Huichapan adem\u00e1s de textiles de Ixmiquilpan y Yahualica.<\/p>\n\n\n\n<p>Se suman creaciones de Xochiatipan y Huautla con fibras vegetales, as\u00ed como m\u00e1scaras de madera de San Agust\u00edn Metzquititl\u00e1n y San Bartolo Tutotepec que reflejan la riqueza simb\u00f3lica y ritual del estado consolidando una muestra representativa de t\u00e9cnicas tradicionales.<\/p>\n\n\n\n<p>Las y los productores locales traen a la capital del pa\u00eds miel de Santiago de Anaya, derivados de xoconostle de Tula de Allende, caf\u00e9 y chocolate de Chapulhuac\u00e1n, dulces t\u00edpicos de San Agust\u00edn Metzquititl\u00e1n, piloncillo y curados de Agua Blanca, as\u00ed como derivados de pulque de Singuilucan.<\/p>\n\n\n\n<p>Tambi\u00e9n habr\u00e1 productos de Zimap\u00e1n como miel de maguey y pan, de Apan con granola y prop\u00f3leo, de Mixquiahuala con salsas y sazonadores, de La Misi\u00f3n con chile rayado, de Acatl\u00e1n con quesos artesanales y de Chilcuautla con vino de granada adem\u00e1s de pan de Tianguistengo y Molango.<\/p>\n\n\n\n<p>El festival integrar\u00e1 actividades familiares, talleres y exhibiciones que fortalecen el v\u00ednculo entre comunidades y p\u00fablicos al promover el conocimiento de tradiciones vivas y la diversidad cultural hidalguense en un espacio accesible y abierto.<\/p>\n\n\n\n<p>Asimismo, se presenta la exposici\u00f3n fotogr\u00e1fica \u201cCapturando Hidalgo: Carnavales\u201d, que documenta el simbolismo de las fiestas tradicionales mediante im\u00e1genes de m\u00e1scaras, danzas y personajes que reflejan la riqueza cultural y la continuidad de las expresiones comunitarias.<\/p>\n\n\n\n<p>El Complejo Cultural Los Pinos se encuentra en avenida Molino del Rey 252, 1a Secci\u00f3n del Bosque de Chapultepec, Bosque de Chapultepec, cerca de la estaci\u00f3n Constituyentes del Metro y junto a la del Cableb\u00fas Los Pinos\/Constituyentes.<\/p>\n","protected":false},"excerpt":{"rendered":"<p>Por Redacci\u00f3n\/Zunoticia Ciudad de M\u00e9xico. &#8211; La Secretar\u00eda de Cultura del Gobierno de M\u00e9xico y el Gobierno del Estado de Hidalgo, a trav\u00e9s de su Secretar\u00eda de Cultura, organizan el festival \u201cHidalgo en Los Pinos\u201d, que lleva al Complejo Cultural Los Pinos m\u00e1s de 900 artistas, personas artesanas, cocineras tradicionales, talleristas, juegos tradicionales, productores locales&hellip; <a class=\"more-link\" href=\"https:\/\/www.zunoticia.com\/noticias-de-hidalgo\/2026\/04\/30\/la-secretaria-de-cultura-federal-presenta-el-festival-hidalgo-en-los-pinos\/\">Seguir leyendo <span class=\"screen-reader-text\">La Secretar\u00eda de Cultura Federal presenta el festival \u201cHidalgo en Los Pinos\u201d<\/span><\/a><\/p>\n","protected":false},"author":20,"featured_media":635316,"comment_status":"open","ping_status":"open","sticky":false,"template":"","format":"standard","meta":{"rop_custom_images_group":[],"rop_custom_messages_group":[],"rop_publish_now":"initial","rop_publish_now_accounts":{"facebook_10159540855086992_322828327761733":""},"rop_publish_now_history":[],"rop_publish_now_status":"pending","footnotes":""},"categories":[218],"tags":[217],"class_list":["post-635315","post","type-post","status-publish","format-standard","has-post-thumbnail","hentry","category-nacional","tag-nacional","entry"],"_links":{"self":[{"href":"https:\/\/www.zunoticia.com\/noticias-de-hidalgo\/wp-json\/wp\/v2\/posts\/635315","targetHints":{"allow":["GET"]}}],"collection":[{"href":"https:\/\/www.zunoticia.com\/noticias-de-hidalgo\/wp-json\/wp\/v2\/posts"}],"about":[{"href":"https:\/\/www.zunoticia.com\/noticias-de-hidalgo\/wp-json\/wp\/v2\/types\/post"}],"author":[{"embeddable":true,"href":"https:\/\/www.zunoticia.com\/noticias-de-hidalgo\/wp-json\/wp\/v2\/users\/20"}],"replies":[{"embeddable":true,"href":"https:\/\/www.zunoticia.com\/noticias-de-hidalgo\/wp-json\/wp\/v2\/comments?post=635315"}],"version-history":[{"count":1,"href":"https:\/\/www.zunoticia.com\/noticias-de-hidalgo\/wp-json\/wp\/v2\/posts\/635315\/revisions"}],"predecessor-version":[{"id":635317,"href":"https:\/\/www.zunoticia.com\/noticias-de-hidalgo\/wp-json\/wp\/v2\/posts\/635315\/revisions\/635317"}],"wp:featuredmedia":[{"embeddable":true,"href":"https:\/\/www.zunoticia.com\/noticias-de-hidalgo\/wp-json\/wp\/v2\/media\/635316"}],"wp:attachment":[{"href":"https:\/\/www.zunoticia.com\/noticias-de-hidalgo\/wp-json\/wp\/v2\/media?parent=635315"}],"wp:term":[{"taxonomy":"category","embeddable":true,"href":"https:\/\/www.zunoticia.com\/noticias-de-hidalgo\/wp-json\/wp\/v2\/categories?post=635315"},{"taxonomy":"post_tag","embeddable":true,"href":"https:\/\/www.zunoticia.com\/noticias-de-hidalgo\/wp-json\/wp\/v2\/tags?post=635315"}],"curies":[{"name":"wp","href":"https:\/\/api.w.org\/{rel}","templated":true}]}}