{"id":635318,"date":"2026-04-30T12:58:16","date_gmt":"2026-04-30T18:58:16","guid":{"rendered":"https:\/\/www.zunoticia.com\/noticias-de-hidalgo\/?p=635318"},"modified":"2026-04-30T12:58:17","modified_gmt":"2026-04-30T18:58:17","slug":"obispo-de-huejutla-envia-mensaje-por-el-dia-del-nino","status":"publish","type":"post","link":"https:\/\/www.zunoticia.com\/noticias-de-hidalgo\/2026\/04\/30\/obispo-de-huejutla-envia-mensaje-por-el-dia-del-nino\/","title":{"rendered":"Obispo de Huejutla env\u00eda mensaje por el D\u00eda del Ni\u00f1o"},"content":{"rendered":"<aside class=\"mashsb-container mashsb-main mashsb-stretched\"><div class=\"mashsb-box\"><div class=\"mashsb-count mash-large\" style=\"float:left\"><div class=\"counts mashsbcount\">0<\/div><span class=\"mashsb-sharetext\">SHARES<\/span><\/div><div class=\"mashsb-buttons\"><a class=\"mashicon-facebook mash-large mash-center mashsb-noshadow\" href=\"https:\/\/www.facebook.com\/sharer.php?u=https%3A%2F%2Fwww.zunoticia.com%2Fnoticias-de-hidalgo%2F2026%2F04%2F30%2Fobispo-de-huejutla-envia-mensaje-por-el-dia-del-nino%2F\" target=\"_top\" rel=\"nofollow\"><span class=\"icon\"><\/span><span class=\"text\">Share<\/span><\/a><a class=\"mashicon-twitter mash-large mash-center mashsb-noshadow\" href=\"https:\/\/twitter.com\/intent\/tweet?text=&amp;url=https:\/\/www.zunoticia.com\/noticias-de-hidalgo\/2026\/04\/30\/obispo-de-huejutla-envia-mensaje-por-el-dia-del-nino\/\" target=\"_top\" rel=\"nofollow\"><span class=\"icon\"><\/span><span class=\"text\">Tweet<\/span><\/a><div class=\"onoffswitch2 mash-large mashsb-noshadow\" style=\"display:none\"><\/div><\/div>\n            <\/div>\n                <div style=\"clear:both\"><\/div><div class=\"mashsb-toggle-container\"><\/div><\/aside>\n            <!-- Share buttons by mashshare.net - Version: 4.0.47-->\n<p><em>Por Enedino Hern\u00e1ndez \/ Zunoticia<\/em><\/p>\n\n\n\n<p><strong>Huejutla, Hgo<\/strong>.\u2013 En el marco de la celebraci\u00f3n del D\u00eda del Ni\u00f1o, Monse\u00f1or Jos\u00e9 Hir\u00e1is Acosta Beltr\u00e1n, Obispo de la Di\u00f3cesis de Huejutla de Reyes, expres\u00f3 su alegr\u00eda por la ni\u00f1ez, destacando esta etapa como fundamental en el desarrollo integral de las personas.<\/p>\n\n\n\n<p>Se\u00f1al\u00f3 que durante la infancia se da un crecimiento importante tanto en lo f\u00edsico como en lo educativo, abarcando la formaci\u00f3n acad\u00e9mica que se imparte en las escuelas, as\u00ed como la educaci\u00f3n en valores que se fortalece desde el hogar.<\/p>\n\n\n\n<p>El prelado envi\u00f3 un mensaje de felicitaci\u00f3n a todos los ni\u00f1os, asegurando que desde la Iglesia se ora por ellos para que contin\u00faen creciendo en todos los aspectos de su vida \u201cen estatura y en gracia ante los ojos de Dios\u201d.<\/p>\n\n\n\n<p>Asimismo, hizo referencia a un pasaje del Evangelio en el que Jes\u00fas, siendo ni\u00f1o, permanece en el templo dialogando con los doctores de la ley, resaltando la importancia de que desde temprana edad se fomente el conocimiento de Dios y su palabra.<\/p>\n\n\n\n<p>En su mensaje, invit\u00f3 a ni\u00f1as, ni\u00f1os y adolescentes a acercarse a la fe, conocer a Dios y crecer con sabidur\u00eda, recordando que adem\u00e1s de la formaci\u00f3n acad\u00e9mica, es fundamental la educaci\u00f3n en valores.<\/p>\n\n\n\n<p>De igual manera, exhort\u00f3 a los padres de familia a cumplir con su responsabilidad en la formaci\u00f3n de sus hijos, especialmente en el fortalecimiento de principios y valores cristianos, as\u00ed como en la supervisi\u00f3n del uso de las nuevas tecnolog\u00edas.<\/p>\n\n\n\n<p>Advirti\u00f3 que los menores actualmente est\u00e1n expuestos a diversos riesgos, como el uso excesivo de dispositivos m\u00f3viles, por lo que recomend\u00f3 promover un uso responsable y moderado de estas herramientas, a fin de cuidar su desarrollo f\u00edsico, mental y emocional.<\/p>\n\n\n\n<p>Finalmente, Jos\u00e9 Hir\u00e1is Acosta Beltran, reiter\u00f3 sus felicitaciones a la ni\u00f1ez en su d\u00eda, deseando que contin\u00faen creciendo con el acompa\u00f1amiento de sus familias y bajo la bendici\u00f3n de Dios.<\/p>\n","protected":false},"excerpt":{"rendered":"<p>Por Enedino Hern\u00e1ndez \/ Zunoticia Huejutla, Hgo.\u2013 En el marco de la celebraci\u00f3n del D\u00eda del Ni\u00f1o, Monse\u00f1or Jos\u00e9 Hir\u00e1is Acosta Beltr\u00e1n, Obispo de la Di\u00f3cesis de Huejutla de Reyes, expres\u00f3 su alegr\u00eda por la ni\u00f1ez, destacando esta etapa como fundamental en el desarrollo integral de las personas. Se\u00f1al\u00f3 que durante la infancia se da&hellip; <a class=\"more-link\" href=\"https:\/\/www.zunoticia.com\/noticias-de-hidalgo\/2026\/04\/30\/obispo-de-huejutla-envia-mensaje-por-el-dia-del-nino\/\">Seguir leyendo <span class=\"screen-reader-text\">Obispo de Huejutla env\u00eda mensaje por el D\u00eda del Ni\u00f1o<\/span><\/a><\/p>\n","protected":false},"author":20,"featured_media":635319,"comment_status":"open","ping_status":"open","sticky":false,"template":"","format":"standard","meta":{"rop_custom_images_group":[],"rop_custom_messages_group":[],"rop_publish_now":"initial","rop_publish_now_accounts":{"facebook_10159540855086992_322828327761733":""},"rop_publish_now_history":[],"rop_publish_now_status":"pending","footnotes":""},"categories":[181],"tags":[121],"class_list":["post-635318","post","type-post","status-publish","format-standard","has-post-thumbnail","hentry","category-huejutla","tag-huejutla","entry"],"_links":{"self":[{"href":"https:\/\/www.zunoticia.com\/noticias-de-hidalgo\/wp-json\/wp\/v2\/posts\/635318","targetHints":{"allow":["GET"]}}],"collection":[{"href":"https:\/\/www.zunoticia.com\/noticias-de-hidalgo\/wp-json\/wp\/v2\/posts"}],"about":[{"href":"https:\/\/www.zunoticia.com\/noticias-de-hidalgo\/wp-json\/wp\/v2\/types\/post"}],"author":[{"embeddable":true,"href":"https:\/\/www.zunoticia.com\/noticias-de-hidalgo\/wp-json\/wp\/v2\/users\/20"}],"replies":[{"embeddable":true,"href":"https:\/\/www.zunoticia.com\/noticias-de-hidalgo\/wp-json\/wp\/v2\/comments?post=635318"}],"version-history":[{"count":1,"href":"https:\/\/www.zunoticia.com\/noticias-de-hidalgo\/wp-json\/wp\/v2\/posts\/635318\/revisions"}],"predecessor-version":[{"id":635320,"href":"https:\/\/www.zunoticia.com\/noticias-de-hidalgo\/wp-json\/wp\/v2\/posts\/635318\/revisions\/635320"}],"wp:featuredmedia":[{"embeddable":true,"href":"https:\/\/www.zunoticia.com\/noticias-de-hidalgo\/wp-json\/wp\/v2\/media\/635319"}],"wp:attachment":[{"href":"https:\/\/www.zunoticia.com\/noticias-de-hidalgo\/wp-json\/wp\/v2\/media?parent=635318"}],"wp:term":[{"taxonomy":"category","embeddable":true,"href":"https:\/\/www.zunoticia.com\/noticias-de-hidalgo\/wp-json\/wp\/v2\/categories?post=635318"},{"taxonomy":"post_tag","embeddable":true,"href":"https:\/\/www.zunoticia.com\/noticias-de-hidalgo\/wp-json\/wp\/v2\/tags?post=635318"}],"curies":[{"name":"wp","href":"https:\/\/api.w.org\/{rel}","templated":true}]}}