{"id":635324,"date":"2026-04-30T13:53:27","date_gmt":"2026-04-30T19:53:27","guid":{"rendered":"https:\/\/www.zunoticia.com\/noticias-de-hidalgo\/?p=635324"},"modified":"2026-04-30T13:53:29","modified_gmt":"2026-04-30T19:53:29","slug":"satisfactorio-el-primer-cabildo-infantil-en-huejutla-regidor","status":"publish","type":"post","link":"https:\/\/www.zunoticia.com\/noticias-de-hidalgo\/2026\/04\/30\/satisfactorio-el-primer-cabildo-infantil-en-huejutla-regidor\/","title":{"rendered":"Satisfactorio el Primer Cabildo Infantil en Huejutla: regidor"},"content":{"rendered":"<aside class=\"mashsb-container mashsb-main mashsb-stretched\"><div class=\"mashsb-box\"><div class=\"mashsb-count mash-large\" style=\"float:left\"><div class=\"counts mashsbcount\">0<\/div><span class=\"mashsb-sharetext\">SHARES<\/span><\/div><div class=\"mashsb-buttons\"><a class=\"mashicon-facebook mash-large mash-center mashsb-noshadow\" href=\"https:\/\/www.facebook.com\/sharer.php?u=https%3A%2F%2Fwww.zunoticia.com%2Fnoticias-de-hidalgo%2F2026%2F04%2F30%2Fsatisfactorio-el-primer-cabildo-infantil-en-huejutla-regidor%2F\" target=\"_top\" rel=\"nofollow\"><span class=\"icon\"><\/span><span class=\"text\">Share<\/span><\/a><a class=\"mashicon-twitter mash-large mash-center mashsb-noshadow\" href=\"https:\/\/twitter.com\/intent\/tweet?text=&amp;url=https:\/\/www.zunoticia.com\/noticias-de-hidalgo\/2026\/04\/30\/satisfactorio-el-primer-cabildo-infantil-en-huejutla-regidor\/\" target=\"_top\" rel=\"nofollow\"><span class=\"icon\"><\/span><span class=\"text\">Tweet<\/span><\/a><div class=\"onoffswitch2 mash-large mashsb-noshadow\" style=\"display:none\"><\/div><\/div>\n            <\/div>\n                <div style=\"clear:both\"><\/div><div class=\"mashsb-toggle-container\"><\/div><\/aside>\n            <!-- Share buttons by mashshare.net - Version: 4.0.47-->\n<p><em>Por Enedino Hern\u00e1ndez \/ Zunoticia<\/em><\/p>\n\n\n\n<p><strong>Huejutla, Hgo<\/strong>.\u2013 Como un \u201cejercicio exitoso y enriquecedor\u201d calific\u00f3 el regidor municipal Jorge Lara Vite, la realizaci\u00f3n del Primer Cabildo Infantil en Huejutla, llevado a cabo la tarde del martes 28 de abril en el sal\u00f3n de cabildo de la Presidencia Municipal.<\/p>\n\n\n\n<p>El edil destac\u00f3 que la actividad super\u00f3 expectativas, al contar con una amplia participaci\u00f3n de ni\u00f1as y ni\u00f1os, quienes expusieron diversos temas de inter\u00e9s para la ni\u00f1ez huejutlense, entre ellos el bullying, la inclusi\u00f3n de personas con discapacidad y la apertura de espacios que permitan su integraci\u00f3n, incluso en el \u00e1mbito laboral.<\/p>\n\n\n\n<p>Asimismo, se\u00f1al\u00f3 que durante el encuentro se hizo referencia a la conmemoraci\u00f3n de los derechos de ni\u00f1as y ni\u00f1os en M\u00e9xico, en el estado de Hidalgo y en el municipio de Huejutla, resaltando la importancia de promover y garantizar estos derechos desde temprana edad.<\/p>\n\n\n\n<p>Jorge Lara Vite, subray\u00f3 el respaldo de padres de familia, directivos escolares, jefes de sector y supervisores, as\u00ed como la participaci\u00f3n de autoridades educativas y electorales, entre ellas representantes del Instituto Nacional Electoral (INE) en Hidalgo y de la Secretar\u00eda de Educaci\u00f3n P\u00fablica del estado.<\/p>\n\n\n\n<p>Tambi\u00e9n agradeci\u00f3 la presencia de la presidenta del IHE Magdalena Escalona, de la subdirecci\u00f3n de Servicios Regionales de la SEP Graciela Rodr\u00edguez, as\u00ed como de la representante del Instituto Nacional Electoral en Huejutla, Estefan\u00eda Garc\u00eda.<\/p>\n\n\n\n<p>El regidor resalt\u00f3 que este Primer Cabildo Infantil es el primero en su tipo en todo el estado de Hidalgo y el primero en realizarse en coordinaci\u00f3n con instituciones como el INE y la Secretar\u00eda de Educaci\u00f3n P\u00fablica, lo que marca un precedente en la participaci\u00f3n ciudadana infantil.<\/p>\n\n\n\n<p>Agreg\u00f3 que se dar\u00e1 continuidad a los planteamientos surgidos durante el ejercicio, a trav\u00e9s de las comisiones de educaci\u00f3n, ni\u00f1ez, as\u00ed como de bandos y reglamentos, asegurando que las propuestas no quedar\u00e1n en el olvido.<\/p>\n\n\n\n<p>Destac\u00f3 como un hecho significativo que la presidenta del Cabildo infantil haya sido una ni\u00f1a con discapacidad, lo que demuestra que esta condici\u00f3n no representa una limitante para alcanzar espacios de participaci\u00f3n.<\/p>\n\n\n\n<p>Jorge Lara, concluy\u00f3 que en el evento participaron estudiantes de primarias ind\u00edgenas, generales, particulares y del CAM n\u00famero 8, reflejando la inclusi\u00f3n y diversidad de la ni\u00f1ez en el municipio.<\/p>\n","protected":false},"excerpt":{"rendered":"<p>Por Enedino Hern\u00e1ndez \/ Zunoticia Huejutla, Hgo.\u2013 Como un \u201cejercicio exitoso y enriquecedor\u201d calific\u00f3 el regidor municipal Jorge Lara Vite, la realizaci\u00f3n del Primer Cabildo Infantil en Huejutla, llevado a cabo la tarde del martes 28 de abril en el sal\u00f3n de cabildo de la Presidencia Municipal. El edil destac\u00f3 que la actividad super\u00f3 expectativas,&hellip; <a class=\"more-link\" href=\"https:\/\/www.zunoticia.com\/noticias-de-hidalgo\/2026\/04\/30\/satisfactorio-el-primer-cabildo-infantil-en-huejutla-regidor\/\">Seguir leyendo <span class=\"screen-reader-text\">Satisfactorio el Primer Cabildo Infantil en Huejutla: regidor<\/span><\/a><\/p>\n","protected":false},"author":20,"featured_media":635325,"comment_status":"open","ping_status":"open","sticky":false,"template":"","format":"standard","meta":{"rop_custom_images_group":[],"rop_custom_messages_group":[],"rop_publish_now":"initial","rop_publish_now_accounts":{"facebook_10159540855086992_322828327761733":""},"rop_publish_now_history":[],"rop_publish_now_status":"pending","footnotes":""},"categories":[181],"tags":[121],"class_list":["post-635324","post","type-post","status-publish","format-standard","has-post-thumbnail","hentry","category-huejutla","tag-huejutla","entry"],"_links":{"self":[{"href":"https:\/\/www.zunoticia.com\/noticias-de-hidalgo\/wp-json\/wp\/v2\/posts\/635324","targetHints":{"allow":["GET"]}}],"collection":[{"href":"https:\/\/www.zunoticia.com\/noticias-de-hidalgo\/wp-json\/wp\/v2\/posts"}],"about":[{"href":"https:\/\/www.zunoticia.com\/noticias-de-hidalgo\/wp-json\/wp\/v2\/types\/post"}],"author":[{"embeddable":true,"href":"https:\/\/www.zunoticia.com\/noticias-de-hidalgo\/wp-json\/wp\/v2\/users\/20"}],"replies":[{"embeddable":true,"href":"https:\/\/www.zunoticia.com\/noticias-de-hidalgo\/wp-json\/wp\/v2\/comments?post=635324"}],"version-history":[{"count":1,"href":"https:\/\/www.zunoticia.com\/noticias-de-hidalgo\/wp-json\/wp\/v2\/posts\/635324\/revisions"}],"predecessor-version":[{"id":635326,"href":"https:\/\/www.zunoticia.com\/noticias-de-hidalgo\/wp-json\/wp\/v2\/posts\/635324\/revisions\/635326"}],"wp:featuredmedia":[{"embeddable":true,"href":"https:\/\/www.zunoticia.com\/noticias-de-hidalgo\/wp-json\/wp\/v2\/media\/635325"}],"wp:attachment":[{"href":"https:\/\/www.zunoticia.com\/noticias-de-hidalgo\/wp-json\/wp\/v2\/media?parent=635324"}],"wp:term":[{"taxonomy":"category","embeddable":true,"href":"https:\/\/www.zunoticia.com\/noticias-de-hidalgo\/wp-json\/wp\/v2\/categories?post=635324"},{"taxonomy":"post_tag","embeddable":true,"href":"https:\/\/www.zunoticia.com\/noticias-de-hidalgo\/wp-json\/wp\/v2\/tags?post=635324"}],"curies":[{"name":"wp","href":"https:\/\/api.w.org\/{rel}","templated":true}]}}