{"id":635327,"date":"2026-04-30T14:03:03","date_gmt":"2026-04-30T20:03:03","guid":{"rendered":"https:\/\/www.zunoticia.com\/noticias-de-hidalgo\/?p=635327"},"modified":"2026-04-30T14:03:04","modified_gmt":"2026-04-30T20:03:04","slug":"apicultores-de-la-huasteca-intensifican-labores-en-temporada-de-cosecha-de-miel","status":"publish","type":"post","link":"https:\/\/www.zunoticia.com\/noticias-de-hidalgo\/2026\/04\/30\/apicultores-de-la-huasteca-intensifican-labores-en-temporada-de-cosecha-de-miel\/","title":{"rendered":"Apicultores de la Huasteca intensifican labores en temporada de cosecha de miel"},"content":{"rendered":"<aside class=\"mashsb-container mashsb-main mashsb-stretched\"><div class=\"mashsb-box\"><div class=\"mashsb-count mash-large\" style=\"float:left\"><div class=\"counts mashsbcount\">0<\/div><span class=\"mashsb-sharetext\">SHARES<\/span><\/div><div class=\"mashsb-buttons\"><a class=\"mashicon-facebook mash-large mash-center mashsb-noshadow\" href=\"https:\/\/www.facebook.com\/sharer.php?u=https%3A%2F%2Fwww.zunoticia.com%2Fnoticias-de-hidalgo%2F2026%2F04%2F30%2Fapicultores-de-la-huasteca-intensifican-labores-en-temporada-de-cosecha-de-miel%2F\" target=\"_top\" rel=\"nofollow\"><span class=\"icon\"><\/span><span class=\"text\">Share<\/span><\/a><a class=\"mashicon-twitter mash-large mash-center mashsb-noshadow\" href=\"https:\/\/twitter.com\/intent\/tweet?text=&amp;url=https:\/\/www.zunoticia.com\/noticias-de-hidalgo\/2026\/04\/30\/apicultores-de-la-huasteca-intensifican-labores-en-temporada-de-cosecha-de-miel\/\" target=\"_top\" rel=\"nofollow\"><span class=\"icon\"><\/span><span class=\"text\">Tweet<\/span><\/a><div class=\"onoffswitch2 mash-large mashsb-noshadow\" style=\"display:none\"><\/div><\/div>\n            <\/div>\n                <div style=\"clear:both\"><\/div><div class=\"mashsb-toggle-container\"><\/div><\/aside>\n            <!-- Share buttons by mashshare.net - Version: 4.0.47-->\n<p><em>Por Enedino Hern\u00e1ndez \/ Zunoticia<\/em><\/p>\n\n\n\n<p><strong>Huejutla, Hgo<\/strong>.- El presidente del Corporativo Ap\u00edcola APINORH, Ismael Marcos Juli\u00e1n, inform\u00f3 que actualmente los apicultores de la regi\u00f3n Huasteca se encuentran en una de las etapas m\u00e1s importantes del a\u00f1o: la temporada de cosecha de miel, lo que ha incrementado considerablemente su carga de trabajo.<\/p>\n\n\n\n<p>Se\u00f1al\u00f3 que los productores est\u00e1n completamente enfocados en el cuidado y manejo de las abejas, aprovechando la floraci\u00f3n que se ha presentado en la regi\u00f3n, la cual favorece la recolecci\u00f3n de n\u00e9ctar.<\/p>\n\n\n\n<p>\u201cAhorita los apicultores estamos como se dice, muy atareados, muy pendientes del trabajo, porque ya inici\u00f3 la temporada de cosecha y esperamos que haya una buena producci\u00f3n de miel\u201d.<\/p>\n\n\n\n<p>Indic\u00f3 que, hasta el momento, las condiciones son favorables, ya que existe suficiente floraci\u00f3n, lo que permite a las abejas realizar adecuadamente su labor \u201cno nos quejamos, las abejas est\u00e1n haciendo su trabajo, recolectando el n\u00e9ctar y llev\u00e1ndolo a las colmenas\u201d.<\/p>\n\n\n\n<p>No obstante, reconoci\u00f3 que la actividad ap\u00edcola implica una fuerte inversi\u00f3n econ\u00f3mica, ya que el mantenimiento de las colmenas y el cuidado de las abejas generan gastos constantes y que, a pesar de ello, destac\u00f3 que los productores contin\u00faan con esta labor por vocaci\u00f3n y compromiso con el medio ambiente.<\/p>\n\n\n\n<p>\u201cEs un gasto tremendo, a veces sentimos que no nos salen las cuentas, pero nos gusta esta actividad, nos gusta trabajar con las abejas y tambi\u00e9n contribuimos al cuidado del entorno ambiental\u201d.<\/p>\n\n\n\n<p>Asimismo, hizo un llamado a los apicultores a mantener las buenas pr\u00e1cticas en la producci\u00f3n para garantizar la calidad de la miel y evitar su contaminaci\u00f3n, e invit\u00f3 a la poblaci\u00f3n a consumir productos locales.<\/p>\n\n\n\n<p>Ismael Marcos Juli\u00e1n, insisti\u00f3 que es importante que todos consuman productos locales, como es la miel \u201cla miel de la Huasteca es un alimento sano y completo, por eso invitamos a la gente a consumir lo que se produce en la regi\u00f3n\u201d.<\/p>\n\n\n\n<p><\/p>\n","protected":false},"excerpt":{"rendered":"<p>Por Enedino Hern\u00e1ndez \/ Zunoticia Huejutla, Hgo.- El presidente del Corporativo Ap\u00edcola APINORH, Ismael Marcos Juli\u00e1n, inform\u00f3 que actualmente los apicultores de la regi\u00f3n Huasteca se encuentran en una de las etapas m\u00e1s importantes del a\u00f1o: la temporada de cosecha de miel, lo que ha incrementado considerablemente su carga de trabajo. Se\u00f1al\u00f3 que los productores&hellip; <a class=\"more-link\" href=\"https:\/\/www.zunoticia.com\/noticias-de-hidalgo\/2026\/04\/30\/apicultores-de-la-huasteca-intensifican-labores-en-temporada-de-cosecha-de-miel\/\">Seguir leyendo <span class=\"screen-reader-text\">Apicultores de la Huasteca intensifican labores en temporada de cosecha de miel<\/span><\/a><\/p>\n","protected":false},"author":20,"featured_media":635328,"comment_status":"open","ping_status":"open","sticky":false,"template":"","format":"standard","meta":{"rop_custom_images_group":[],"rop_custom_messages_group":[],"rop_publish_now":"initial","rop_publish_now_accounts":{"facebook_10159540855086992_322828327761733":""},"rop_publish_now_history":[],"rop_publish_now_status":"pending","footnotes":""},"categories":[181],"tags":[121],"class_list":["post-635327","post","type-post","status-publish","format-standard","has-post-thumbnail","hentry","category-huejutla","tag-huejutla","entry"],"_links":{"self":[{"href":"https:\/\/www.zunoticia.com\/noticias-de-hidalgo\/wp-json\/wp\/v2\/posts\/635327","targetHints":{"allow":["GET"]}}],"collection":[{"href":"https:\/\/www.zunoticia.com\/noticias-de-hidalgo\/wp-json\/wp\/v2\/posts"}],"about":[{"href":"https:\/\/www.zunoticia.com\/noticias-de-hidalgo\/wp-json\/wp\/v2\/types\/post"}],"author":[{"embeddable":true,"href":"https:\/\/www.zunoticia.com\/noticias-de-hidalgo\/wp-json\/wp\/v2\/users\/20"}],"replies":[{"embeddable":true,"href":"https:\/\/www.zunoticia.com\/noticias-de-hidalgo\/wp-json\/wp\/v2\/comments?post=635327"}],"version-history":[{"count":1,"href":"https:\/\/www.zunoticia.com\/noticias-de-hidalgo\/wp-json\/wp\/v2\/posts\/635327\/revisions"}],"predecessor-version":[{"id":635329,"href":"https:\/\/www.zunoticia.com\/noticias-de-hidalgo\/wp-json\/wp\/v2\/posts\/635327\/revisions\/635329"}],"wp:featuredmedia":[{"embeddable":true,"href":"https:\/\/www.zunoticia.com\/noticias-de-hidalgo\/wp-json\/wp\/v2\/media\/635328"}],"wp:attachment":[{"href":"https:\/\/www.zunoticia.com\/noticias-de-hidalgo\/wp-json\/wp\/v2\/media?parent=635327"}],"wp:term":[{"taxonomy":"category","embeddable":true,"href":"https:\/\/www.zunoticia.com\/noticias-de-hidalgo\/wp-json\/wp\/v2\/categories?post=635327"},{"taxonomy":"post_tag","embeddable":true,"href":"https:\/\/www.zunoticia.com\/noticias-de-hidalgo\/wp-json\/wp\/v2\/tags?post=635327"}],"curies":[{"name":"wp","href":"https:\/\/api.w.org\/{rel}","templated":true}]}}