{"id":635338,"date":"2026-04-30T14:35:57","date_gmt":"2026-04-30T20:35:57","guid":{"rendered":"https:\/\/www.zunoticia.com\/noticias-de-hidalgo\/?p=635338"},"modified":"2026-04-30T14:35:58","modified_gmt":"2026-04-30T20:35:58","slug":"guardia-nacional-compartio-la-experiencia-de-su-labor-policial-en-el-dia-del-nino","status":"publish","type":"post","link":"https:\/\/www.zunoticia.com\/noticias-de-hidalgo\/2026\/04\/30\/guardia-nacional-compartio-la-experiencia-de-su-labor-policial-en-el-dia-del-nino\/","title":{"rendered":"Guardia Nacional comparti\u00f3 la experiencia de su labor policial en el D\u00eda del Ni\u00f1o"},"content":{"rendered":"<aside class=\"mashsb-container mashsb-main mashsb-stretched\"><div class=\"mashsb-box\"><div class=\"mashsb-count mash-large\" style=\"float:left\"><div class=\"counts mashsbcount\">0<\/div><span class=\"mashsb-sharetext\">SHARES<\/span><\/div><div class=\"mashsb-buttons\"><a class=\"mashicon-facebook mash-large mash-center mashsb-noshadow\" href=\"https:\/\/www.facebook.com\/sharer.php?u=https%3A%2F%2Fwww.zunoticia.com%2Fnoticias-de-hidalgo%2F2026%2F04%2F30%2Fguardia-nacional-compartio-la-experiencia-de-su-labor-policial-en-el-dia-del-nino%2F\" target=\"_top\" rel=\"nofollow\"><span class=\"icon\"><\/span><span class=\"text\">Share<\/span><\/a><a class=\"mashicon-twitter mash-large mash-center mashsb-noshadow\" href=\"https:\/\/twitter.com\/intent\/tweet?text=&amp;url=https:\/\/www.zunoticia.com\/noticias-de-hidalgo\/2026\/04\/30\/guardia-nacional-compartio-la-experiencia-de-su-labor-policial-en-el-dia-del-nino\/\" target=\"_top\" rel=\"nofollow\"><span class=\"icon\"><\/span><span class=\"text\">Tweet<\/span><\/a><div class=\"onoffswitch2 mash-large mashsb-noshadow\" style=\"display:none\"><\/div><\/div>\n            <\/div>\n                <div style=\"clear:both\"><\/div><div class=\"mashsb-toggle-container\"><\/div><\/aside>\n            <!-- Share buttons by mashshare.net - Version: 4.0.47-->\n<ul class=\"wp-block-list\">\n<li>Los peque\u00f1os vivieron la experiencia con el equipo t\u00e1ctico y equipamiento de las unidades.<\/li>\n<\/ul>\n\n\n\n<p><em>Por Karen Rivera\/ Zunoticia<\/em><\/p>\n\n\n\n<p><strong>Huautla, Hgo<\/strong>.- En el marco de la celebraci\u00f3n del D\u00eda del Ni\u00f1o, Julio C\u00e9sar Yafar, quien fungi\u00f3 como Ni\u00f1o Presidente por un D\u00eda, particip\u00f3 en un recorrido por los stands de Seguridad instalados en el municipio, donde tuvo la oportunidad de conocer de cerca el trabajo de las corporaciones.<\/p>\n\n\n\n<p>Acompa\u00f1ado por autoridades y personal de seguridad, el menor visit\u00f3 el espacio asignado a la Guardia Nacional, cuyos elementos le mostraron parte del equipo t\u00e1ctico que utilizan en sus labores diarias. Durante la actividad, Julio C\u00e9sar pudo interactuar con el personal y experimentar de manera directa el uso de algunos implementos, lo que hizo de la jornada una experiencia significativa.<\/p>\n\n\n\n<figure class=\"wp-block-image size-full\"><img fetchpriority=\"high\" decoding=\"async\" width=\"933\" height=\"524\" src=\"https:\/\/www.zunoticia.com\/noticias-de-hidalgo\/wp-content\/uploads\/2026\/04\/Zunoticia-Huejutla-3-33.png\" alt=\"\" class=\"wp-image-635342\" srcset=\"https:\/\/www.zunoticia.com\/noticias-de-hidalgo\/wp-content\/uploads\/2026\/04\/Zunoticia-Huejutla-3-33.png 933w, https:\/\/www.zunoticia.com\/noticias-de-hidalgo\/wp-content\/uploads\/2026\/04\/Zunoticia-Huejutla-3-33-300x168.png 300w, https:\/\/www.zunoticia.com\/noticias-de-hidalgo\/wp-content\/uploads\/2026\/04\/Zunoticia-Huejutla-3-33-768x431.png 768w\" sizes=\"(max-width: 933px) 100vw, 933px\" \/><\/figure>\n\n\n\n<p>Este tipo de actividades forman parte de los esfuerzos por acercar a la ni\u00f1ez a las instituciones, promoviendo valores c\u00edvicos y el reconocimiento del trabajo que realizan las fuerzas de seguridad.<\/p>\n\n\n\n<p>La jornada concluy\u00f3 en un ambiente festivo, destacando la importancia de generar espacios de convivencia y aprendizaje para las ni\u00f1as y ni\u00f1os en su d\u00eda.<\/p>\n\n\n\n<p><\/p>\n\n\n\n<figure class=\"wp-block-gallery has-nested-images columns-default is-cropped wp-block-gallery-1 is-layout-flex wp-block-gallery-is-layout-flex\">\n<figure class=\"wp-block-image size-large\"><img decoding=\"async\" width=\"933\" height=\"524\" data-id=\"635340\" src=\"https:\/\/www.zunoticia.com\/noticias-de-hidalgo\/wp-content\/uploads\/2026\/04\/Zunoticia-Huejutla-2-90.png\" alt=\"\" class=\"wp-image-635340\" srcset=\"https:\/\/www.zunoticia.com\/noticias-de-hidalgo\/wp-content\/uploads\/2026\/04\/Zunoticia-Huejutla-2-90.png 933w, https:\/\/www.zunoticia.com\/noticias-de-hidalgo\/wp-content\/uploads\/2026\/04\/Zunoticia-Huejutla-2-90-300x168.png 300w, https:\/\/www.zunoticia.com\/noticias-de-hidalgo\/wp-content\/uploads\/2026\/04\/Zunoticia-Huejutla-2-90-768x431.png 768w\" sizes=\"(max-width: 933px) 100vw, 933px\" \/><\/figure>\n\n\n\n<figure class=\"wp-block-image size-large\"><img decoding=\"async\" width=\"933\" height=\"524\" data-id=\"635341\" src=\"https:\/\/www.zunoticia.com\/noticias-de-hidalgo\/wp-content\/uploads\/2026\/04\/Zunoticia-Huejutla-1-202.png\" alt=\"\" class=\"wp-image-635341\" srcset=\"https:\/\/www.zunoticia.com\/noticias-de-hidalgo\/wp-content\/uploads\/2026\/04\/Zunoticia-Huejutla-1-202.png 933w, https:\/\/www.zunoticia.com\/noticias-de-hidalgo\/wp-content\/uploads\/2026\/04\/Zunoticia-Huejutla-1-202-300x168.png 300w, https:\/\/www.zunoticia.com\/noticias-de-hidalgo\/wp-content\/uploads\/2026\/04\/Zunoticia-Huejutla-1-202-768x431.png 768w\" sizes=\"(max-width: 933px) 100vw, 933px\" \/><\/figure>\n<\/figure>\n","protected":false},"excerpt":{"rendered":"<p>Por Karen Rivera\/ Zunoticia Huautla, Hgo.- En el marco de la celebraci\u00f3n del D\u00eda del Ni\u00f1o, Julio C\u00e9sar Yafar, quien fungi\u00f3 como Ni\u00f1o Presidente por un D\u00eda, particip\u00f3 en un recorrido por los stands de Seguridad instalados en el municipio, donde tuvo la oportunidad de conocer de cerca el trabajo de las corporaciones. Acompa\u00f1ado por&hellip; <a class=\"more-link\" href=\"https:\/\/www.zunoticia.com\/noticias-de-hidalgo\/2026\/04\/30\/guardia-nacional-compartio-la-experiencia-de-su-labor-policial-en-el-dia-del-nino\/\">Seguir leyendo <span class=\"screen-reader-text\">Guardia Nacional comparti\u00f3 la experiencia de su labor policial en el D\u00eda del Ni\u00f1o<\/span><\/a><\/p>\n","protected":false},"author":20,"featured_media":635339,"comment_status":"open","ping_status":"open","sticky":false,"template":"","format":"standard","meta":{"rop_custom_images_group":[],"rop_custom_messages_group":[],"rop_publish_now":"initial","rop_publish_now_accounts":{"facebook_10159540855086992_322828327761733":""},"rop_publish_now_history":[],"rop_publish_now_status":"pending","footnotes":""},"categories":[179,199],"tags":[229,125],"class_list":["post-635338","post","type-post","status-publish","format-standard","has-post-thumbnail","hentry","category-huasteca","category-huautla","tag-huasteca","tag-huautla","entry"],"_links":{"self":[{"href":"https:\/\/www.zunoticia.com\/noticias-de-hidalgo\/wp-json\/wp\/v2\/posts\/635338","targetHints":{"allow":["GET"]}}],"collection":[{"href":"https:\/\/www.zunoticia.com\/noticias-de-hidalgo\/wp-json\/wp\/v2\/posts"}],"about":[{"href":"https:\/\/www.zunoticia.com\/noticias-de-hidalgo\/wp-json\/wp\/v2\/types\/post"}],"author":[{"embeddable":true,"href":"https:\/\/www.zunoticia.com\/noticias-de-hidalgo\/wp-json\/wp\/v2\/users\/20"}],"replies":[{"embeddable":true,"href":"https:\/\/www.zunoticia.com\/noticias-de-hidalgo\/wp-json\/wp\/v2\/comments?post=635338"}],"version-history":[{"count":1,"href":"https:\/\/www.zunoticia.com\/noticias-de-hidalgo\/wp-json\/wp\/v2\/posts\/635338\/revisions"}],"predecessor-version":[{"id":635343,"href":"https:\/\/www.zunoticia.com\/noticias-de-hidalgo\/wp-json\/wp\/v2\/posts\/635338\/revisions\/635343"}],"wp:featuredmedia":[{"embeddable":true,"href":"https:\/\/www.zunoticia.com\/noticias-de-hidalgo\/wp-json\/wp\/v2\/media\/635339"}],"wp:attachment":[{"href":"https:\/\/www.zunoticia.com\/noticias-de-hidalgo\/wp-json\/wp\/v2\/media?parent=635338"}],"wp:term":[{"taxonomy":"category","embeddable":true,"href":"https:\/\/www.zunoticia.com\/noticias-de-hidalgo\/wp-json\/wp\/v2\/categories?post=635338"},{"taxonomy":"post_tag","embeddable":true,"href":"https:\/\/www.zunoticia.com\/noticias-de-hidalgo\/wp-json\/wp\/v2\/tags?post=635338"}],"curies":[{"name":"wp","href":"https:\/\/api.w.org\/{rel}","templated":true}]}}