{"id":635348,"date":"2026-04-30T15:46:02","date_gmt":"2026-04-30T21:46:02","guid":{"rendered":"https:\/\/www.zunoticia.com\/noticias-de-hidalgo\/?p=635348"},"modified":"2026-04-30T15:46:29","modified_gmt":"2026-04-30T21:46:29","slug":"635348","status":"publish","type":"post","link":"https:\/\/www.zunoticia.com\/noticias-de-hidalgo\/2026\/04\/30\/635348\/","title":{"rendered":"CCLEH impulsa la prevenci\u00f3n de riesgos psicosociales en entornos laborales hiperconectados"},"content":{"rendered":"<aside class=\"mashsb-container mashsb-main mashsb-stretched\"><div class=\"mashsb-box\"><div class=\"mashsb-count mash-large\" style=\"float:left\"><div class=\"counts mashsbcount\">0<\/div><span class=\"mashsb-sharetext\">SHARES<\/span><\/div><div class=\"mashsb-buttons\"><a class=\"mashicon-facebook mash-large mash-center mashsb-noshadow\" href=\"https:\/\/www.facebook.com\/sharer.php?u=https%3A%2F%2Fwww.zunoticia.com%2Fnoticias-de-hidalgo%2F2026%2F04%2F30%2F635348%2F\" target=\"_top\" rel=\"nofollow\"><span class=\"icon\"><\/span><span class=\"text\">Share<\/span><\/a><a class=\"mashicon-twitter mash-large mash-center mashsb-noshadow\" href=\"https:\/\/twitter.com\/intent\/tweet?text=&amp;url=https:\/\/www.zunoticia.com\/noticias-de-hidalgo\/2026\/04\/30\/635348\/\" target=\"_top\" rel=\"nofollow\"><span class=\"icon\"><\/span><span class=\"text\">Tweet<\/span><\/a><div class=\"onoffswitch2 mash-large mashsb-noshadow\" style=\"display:none\"><\/div><\/div>\n            <\/div>\n                <div style=\"clear:both\"><\/div><div class=\"mashsb-toggle-container\"><\/div><\/aside>\n            <!-- Share buttons by mashshare.net - Version: 4.0.47-->\n<p><\/p>\n\n\n\n<ul class=\"wp-block-list\">\n<li>Promueven reglas claras en teletrabajo y el derecho a la desconexi\u00f3n digital para proteger la salud laboral.\u00a0<\/li>\n<\/ul>\n\n\n\n<p><em>Por Redacci\u00f3n\/Zunoticia<\/em><\/p>\n\n\n\n<p><strong>San Agust\u00edn Tlaxiaca, Hgo<\/strong>.- Con el objetivo de fortalecer la cultura de la conciliaci\u00f3n y promover entornos laborales saludables, la titular del Centro de Conciliaci\u00f3n Laboral del Estado de Hidalgo (CCLEH), Mariela Valero Mota, particip\u00f3 en la conferencia <em>\u201cRiesgos laborales y psicosociales en la era de los empleos hiperconectados\u201d<\/em>, a invitaci\u00f3n de la diputada federal Mirna Rubio, en el marco de la Semana de la Seguridad Social organizada por el Congreso de la Uni\u00f3n.<\/p>\n\n\n\n<p>El encuentro fue convocado por la Comisi\u00f3n de Seguridad Social de la C\u00e1mara de Diputados, con la participaci\u00f3n de la Conferencia Interamericana de Seguridad Social (CISS), organismo especializado que promueve el intercambio de experiencias y la generaci\u00f3n de conocimiento en la materia.<\/p>\n\n\n\n<p>Durante su intervenci\u00f3n, Valero Mota advirti\u00f3 que el uso constante de tel\u00e9fonos m\u00f3viles, correos electr\u00f3nicos y plataformas digitales ha extendido la jornada laboral, lo que puede generar afectaciones a la salud f\u00edsica y mental de las personas trabajadoras.<\/p>\n\n\n\n<p>Precis\u00f3 que la atenci\u00f3n de estos riesgos debe abordarse desde una perspectiva integral; por un lado, la NOM-035-STPS-2018 obliga a identificar, analizar y prevenir factores de riesgo psicosocial, as\u00ed como a promover entornos organizacionales favorables; y por otro, la NOM-037-STPS-2023, relativa al teletrabajo, establece condiciones de seguridad y salud para quienes laboran fuera del centro de trabajo mediante tecnolog\u00edas de la informaci\u00f3n.<\/p>\n\n\n\n<figure class=\"wp-block-gallery has-nested-images columns-default is-cropped wp-block-gallery-1 is-layout-flex wp-block-gallery-is-layout-flex\">\n<figure class=\"wp-block-image size-large\"><img fetchpriority=\"high\" decoding=\"async\" width=\"933\" height=\"524\" data-id=\"635350\" src=\"https:\/\/www.zunoticia.com\/noticias-de-hidalgo\/wp-content\/uploads\/2026\/04\/2-28.png\" alt=\"\" class=\"wp-image-635350\" srcset=\"https:\/\/www.zunoticia.com\/noticias-de-hidalgo\/wp-content\/uploads\/2026\/04\/2-28.png 933w, https:\/\/www.zunoticia.com\/noticias-de-hidalgo\/wp-content\/uploads\/2026\/04\/2-28-300x168.png 300w, https:\/\/www.zunoticia.com\/noticias-de-hidalgo\/wp-content\/uploads\/2026\/04\/2-28-768x431.png 768w\" sizes=\"(max-width: 933px) 100vw, 933px\" \/><\/figure>\n\n\n\n<figure class=\"wp-block-image size-large\"><img decoding=\"async\" width=\"933\" height=\"524\" data-id=\"635351\" src=\"https:\/\/www.zunoticia.com\/noticias-de-hidalgo\/wp-content\/uploads\/2026\/04\/3-21.png\" alt=\"\" class=\"wp-image-635351\" srcset=\"https:\/\/www.zunoticia.com\/noticias-de-hidalgo\/wp-content\/uploads\/2026\/04\/3-21.png 933w, https:\/\/www.zunoticia.com\/noticias-de-hidalgo\/wp-content\/uploads\/2026\/04\/3-21-300x168.png 300w, https:\/\/www.zunoticia.com\/noticias-de-hidalgo\/wp-content\/uploads\/2026\/04\/3-21-768x431.png 768w\" sizes=\"(max-width: 933px) 100vw, 933px\" \/><\/figure>\n<\/figure>\n\n\n\n<p>Asimismo, reconoci\u00f3 la iniciativa aprobada en marzo de 2026 por la C\u00e1mara de Diputados, actualmente en an\u00e1lisis en el Senado, para incorporar este derecho en la legislaci\u00f3n laboral m\u00e1s all\u00e1 del teletrabajo.<\/p>\n\n\n\n<p>Ante posibles conflictos por cargas excesivas o comunicaciones fuera de horario, enfatiz\u00f3 que la conciliaci\u00f3n laboral es una v\u00eda eficaz para construir acuerdos, privilegiando el di\u00e1logo y evitando que los casos escalen a tribunales.<\/p>\n\n\n\n<p>Finalmente, destac\u00f3 que estas acciones responden a la visi\u00f3n del gobernador Julio Menchaca Salazar de construir el Hidalgo que queremos, con entornos laborales m\u00e1s justos y saludables; una tarea que, bajo el impulso del secretario del Trabajo, Oscar Javier Gonz\u00e1lez Hern\u00e1ndez, se traduce en acciones firmes que colocan el bienestar de las personas trabajadoras al centro y consolidan a Hidalgo como una potencia en marcha.<\/p>\n","protected":false},"excerpt":{"rendered":"<p>Por Redacci\u00f3n\/Zunoticia San Agust\u00edn Tlaxiaca, Hgo.- Con el objetivo de fortalecer la cultura de la conciliaci\u00f3n y promover entornos laborales saludables, la titular del Centro de Conciliaci\u00f3n Laboral del Estado de Hidalgo (CCLEH), Mariela Valero Mota, particip\u00f3 en la conferencia \u201cRiesgos laborales y psicosociales en la era de los empleos hiperconectados\u201d, a invitaci\u00f3n de la&hellip; <a class=\"more-link\" href=\"https:\/\/www.zunoticia.com\/noticias-de-hidalgo\/2026\/04\/30\/635348\/\">Seguir leyendo <span class=\"screen-reader-text\">CCLEH impulsa la prevenci\u00f3n de riesgos psicosociales en entornos laborales hiperconectados<\/span><\/a><\/p>\n","protected":false},"author":20,"featured_media":635349,"comment_status":"open","ping_status":"open","sticky":false,"template":"","format":"standard","meta":{"rop_custom_images_group":[],"rop_custom_messages_group":[],"rop_publish_now":"initial","rop_publish_now_accounts":{"facebook_10159540855086992_322828327761733":""},"rop_publish_now_history":[],"rop_publish_now_status":"pending","footnotes":""},"categories":[208],"tags":[214],"class_list":["post-635348","post","type-post","status-publish","format-standard","has-post-thumbnail","hentry","category-estado","tag-estado","entry"],"_links":{"self":[{"href":"https:\/\/www.zunoticia.com\/noticias-de-hidalgo\/wp-json\/wp\/v2\/posts\/635348","targetHints":{"allow":["GET"]}}],"collection":[{"href":"https:\/\/www.zunoticia.com\/noticias-de-hidalgo\/wp-json\/wp\/v2\/posts"}],"about":[{"href":"https:\/\/www.zunoticia.com\/noticias-de-hidalgo\/wp-json\/wp\/v2\/types\/post"}],"author":[{"embeddable":true,"href":"https:\/\/www.zunoticia.com\/noticias-de-hidalgo\/wp-json\/wp\/v2\/users\/20"}],"replies":[{"embeddable":true,"href":"https:\/\/www.zunoticia.com\/noticias-de-hidalgo\/wp-json\/wp\/v2\/comments?post=635348"}],"version-history":[{"count":2,"href":"https:\/\/www.zunoticia.com\/noticias-de-hidalgo\/wp-json\/wp\/v2\/posts\/635348\/revisions"}],"predecessor-version":[{"id":635353,"href":"https:\/\/www.zunoticia.com\/noticias-de-hidalgo\/wp-json\/wp\/v2\/posts\/635348\/revisions\/635353"}],"wp:featuredmedia":[{"embeddable":true,"href":"https:\/\/www.zunoticia.com\/noticias-de-hidalgo\/wp-json\/wp\/v2\/media\/635349"}],"wp:attachment":[{"href":"https:\/\/www.zunoticia.com\/noticias-de-hidalgo\/wp-json\/wp\/v2\/media?parent=635348"}],"wp:term":[{"taxonomy":"category","embeddable":true,"href":"https:\/\/www.zunoticia.com\/noticias-de-hidalgo\/wp-json\/wp\/v2\/categories?post=635348"},{"taxonomy":"post_tag","embeddable":true,"href":"https:\/\/www.zunoticia.com\/noticias-de-hidalgo\/wp-json\/wp\/v2\/tags?post=635348"}],"curies":[{"name":"wp","href":"https:\/\/api.w.org\/{rel}","templated":true}]}}