{"id":635357,"date":"2026-04-30T16:00:09","date_gmt":"2026-04-30T22:00:09","guid":{"rendered":"https:\/\/www.zunoticia.com\/noticias-de-hidalgo\/?p=635357"},"modified":"2026-04-30T16:00:11","modified_gmt":"2026-04-30T22:00:11","slug":"consideran-a-huejutla-cuna-de-los-derechos-humanos-en-america-jorge-luis-juarez","status":"publish","type":"post","link":"https:\/\/www.zunoticia.com\/noticias-de-hidalgo\/2026\/04\/30\/consideran-a-huejutla-cuna-de-los-derechos-humanos-en-america-jorge-luis-juarez\/","title":{"rendered":"Consideran a Huejutla Cuna de los derechos humanos en Am\u00e9rica: Jorge Luis Ju\u00e1rez"},"content":{"rendered":"<aside class=\"mashsb-container mashsb-main mashsb-stretched\"><div class=\"mashsb-box\"><div class=\"mashsb-count mash-large\" style=\"float:left\"><div class=\"counts mashsbcount\">0<\/div><span class=\"mashsb-sharetext\">SHARES<\/span><\/div><div class=\"mashsb-buttons\"><a class=\"mashicon-facebook mash-large mash-center mashsb-noshadow\" href=\"https:\/\/www.facebook.com\/sharer.php?u=https%3A%2F%2Fwww.zunoticia.com%2Fnoticias-de-hidalgo%2F2026%2F04%2F30%2Fconsideran-a-huejutla-cuna-de-los-derechos-humanos-en-america-jorge-luis-juarez%2F\" target=\"_top\" rel=\"nofollow\"><span class=\"icon\"><\/span><span class=\"text\">Share<\/span><\/a><a class=\"mashicon-twitter mash-large mash-center mashsb-noshadow\" href=\"https:\/\/twitter.com\/intent\/tweet?text=&amp;url=https:\/\/www.zunoticia.com\/noticias-de-hidalgo\/2026\/04\/30\/consideran-a-huejutla-cuna-de-los-derechos-humanos-en-america-jorge-luis-juarez\/\" target=\"_top\" rel=\"nofollow\"><span class=\"icon\"><\/span><span class=\"text\">Tweet<\/span><\/a><div class=\"onoffswitch2 mash-large mashsb-noshadow\" style=\"display:none\"><\/div><\/div>\n            <\/div>\n                <div style=\"clear:both\"><\/div><div class=\"mashsb-toggle-container\"><\/div><\/aside>\n            <!-- Share buttons by mashshare.net - Version: 4.0.47-->\n<p><em>Por Salvador Altamirano\/Zunoticia<\/em><\/p>\n\n\n\n<p><strong>Huejutla, Hgo<\/strong>.- \u201cEn el 2007, vino un historiador de Per\u00fa,&nbsp; llamado Ricardo Ibarra Ju\u00e1rez, a dar una conferencia en las antiguas oficinas de Coplader, hoy de la Subsecretar\u00eda de Gobierno en la Huasteca, quien manifest\u00f3 que Huejutla era considerado Cuna de los derechos humanos en Am\u00e9rica&#8221;.<\/p>\n\n\n\n<p>Lo anterior, fue expresado por el historiador local, Jorge Luis Ju\u00e1rez Vega, quien agreg\u00f3 que, en la ponencia se especific\u00f3 que la designaci\u00f3n se debi\u00f3 a un documento llamado &#8220;Manifiesto de las Huastecas&#8221;, promulgado el primero de junio de 1823 por el entonces jefe Pol\u00edtico de Huejutla, Crist\u00f3bal Andrade y Mariano Delgado, tendiente a conformar el &#8220;Estado Huasteco&#8221;.<\/p>\n\n\n\n<p>Enfatiz\u00f3 que el precitado manifiesto, que despu\u00e9s encontr\u00f3 en un libro editado por el Gobierno del Estado, contiene conceptos de igualdad, al que muchos le dieron cierta importancia y otros simplemente escucharon, y como siempre se pone en tela de juicio lo que acontece con los personajes de Huejutla, nadie dio despu\u00e9s eco a esa importante conferencia y lo expuesto qued\u00f3 en el olvido.<\/p>\n\n\n\n<p>Subray\u00f3 que el manifiesto existe, hay referencias hist\u00f3ricas, pero se le ha dado nula importancia, ya que en Huejutla hechos intrascendentes se consideran \u00e9picos, aunque sean mentiras evidentes, por lo que es muy importante la labor que est\u00e1n haciendo los cronistas de dar certeza a los hechos hist\u00f3ricos, en lo que tiene que participar la sociedad, ya que hay quien tiene referencias certeras, pero no las ceden para sustentar el acontecer de Huejutla a trav\u00e9s del tiempo. Ese -acentu\u00f3-, es un problema grav\u00edsimo.<\/p>\n\n\n\n<p>Para finalizar, Ju\u00e1rez Vega expres\u00f3 que ese manifiesto es tan importante que aterriz\u00f3 con Benito Ju\u00e1rez en 1869 en la formaci\u00f3n del Estado de Hidalgo. Y as\u00ed como Crist\u00f3bal Andrade &#8211; remarc\u00f3-, hay muchos personajes de Huejutla que han tenido participaci\u00f3n relevante en la historia de M\u00e9xico, pero han sido totalmente excluidos en la historia local.<\/p>\n\n\n\n<p><\/p>\n","protected":false},"excerpt":{"rendered":"<p>Por Salvador Altamirano\/Zunoticia Huejutla, Hgo.- \u201cEn el 2007, vino un historiador de Per\u00fa,&nbsp; llamado Ricardo Ibarra Ju\u00e1rez, a dar una conferencia en las antiguas oficinas de Coplader, hoy de la Subsecretar\u00eda de Gobierno en la Huasteca, quien manifest\u00f3 que Huejutla era considerado Cuna de los derechos humanos en Am\u00e9rica&#8221;. Lo anterior, fue expresado por el&hellip; <a class=\"more-link\" href=\"https:\/\/www.zunoticia.com\/noticias-de-hidalgo\/2026\/04\/30\/consideran-a-huejutla-cuna-de-los-derechos-humanos-en-america-jorge-luis-juarez\/\">Seguir leyendo <span class=\"screen-reader-text\">Consideran a Huejutla Cuna de los derechos humanos en Am\u00e9rica: Jorge Luis Ju\u00e1rez<\/span><\/a><\/p>\n","protected":false},"author":20,"featured_media":635358,"comment_status":"open","ping_status":"open","sticky":false,"template":"","format":"standard","meta":{"rop_custom_images_group":[],"rop_custom_messages_group":[],"rop_publish_now":"initial","rop_publish_now_accounts":{"facebook_10159540855086992_322828327761733":""},"rop_publish_now_history":[],"rop_publish_now_status":"pending","footnotes":""},"categories":[181],"tags":[121],"class_list":["post-635357","post","type-post","status-publish","format-standard","has-post-thumbnail","hentry","category-huejutla","tag-huejutla","entry"],"_links":{"self":[{"href":"https:\/\/www.zunoticia.com\/noticias-de-hidalgo\/wp-json\/wp\/v2\/posts\/635357","targetHints":{"allow":["GET"]}}],"collection":[{"href":"https:\/\/www.zunoticia.com\/noticias-de-hidalgo\/wp-json\/wp\/v2\/posts"}],"about":[{"href":"https:\/\/www.zunoticia.com\/noticias-de-hidalgo\/wp-json\/wp\/v2\/types\/post"}],"author":[{"embeddable":true,"href":"https:\/\/www.zunoticia.com\/noticias-de-hidalgo\/wp-json\/wp\/v2\/users\/20"}],"replies":[{"embeddable":true,"href":"https:\/\/www.zunoticia.com\/noticias-de-hidalgo\/wp-json\/wp\/v2\/comments?post=635357"}],"version-history":[{"count":1,"href":"https:\/\/www.zunoticia.com\/noticias-de-hidalgo\/wp-json\/wp\/v2\/posts\/635357\/revisions"}],"predecessor-version":[{"id":635359,"href":"https:\/\/www.zunoticia.com\/noticias-de-hidalgo\/wp-json\/wp\/v2\/posts\/635357\/revisions\/635359"}],"wp:featuredmedia":[{"embeddable":true,"href":"https:\/\/www.zunoticia.com\/noticias-de-hidalgo\/wp-json\/wp\/v2\/media\/635358"}],"wp:attachment":[{"href":"https:\/\/www.zunoticia.com\/noticias-de-hidalgo\/wp-json\/wp\/v2\/media?parent=635357"}],"wp:term":[{"taxonomy":"category","embeddable":true,"href":"https:\/\/www.zunoticia.com\/noticias-de-hidalgo\/wp-json\/wp\/v2\/categories?post=635357"},{"taxonomy":"post_tag","embeddable":true,"href":"https:\/\/www.zunoticia.com\/noticias-de-hidalgo\/wp-json\/wp\/v2\/tags?post=635357"}],"curies":[{"name":"wp","href":"https:\/\/api.w.org\/{rel}","templated":true}]}}