{"id":635366,"date":"2026-04-30T16:20:47","date_gmt":"2026-04-30T22:20:47","guid":{"rendered":"https:\/\/www.zunoticia.com\/noticias-de-hidalgo\/?p=635366"},"modified":"2026-04-30T16:20:48","modified_gmt":"2026-04-30T22:20:48","slug":"comerciantes-de-flores-del-mercado-municipal-afectados-por-el-comercio-informal","status":"publish","type":"post","link":"https:\/\/www.zunoticia.com\/noticias-de-hidalgo\/2026\/04\/30\/comerciantes-de-flores-del-mercado-municipal-afectados-por-el-comercio-informal\/","title":{"rendered":"Comerciantes de flores del Mercado municipal afectados por el comercio informal"},"content":{"rendered":"<aside class=\"mashsb-container mashsb-main mashsb-stretched\"><div class=\"mashsb-box\"><div class=\"mashsb-count mash-large\" style=\"float:left\"><div class=\"counts mashsbcount\">0<\/div><span class=\"mashsb-sharetext\">SHARES<\/span><\/div><div class=\"mashsb-buttons\"><a class=\"mashicon-facebook mash-large mash-center mashsb-noshadow\" href=\"https:\/\/www.facebook.com\/sharer.php?u=https%3A%2F%2Fwww.zunoticia.com%2Fnoticias-de-hidalgo%2F2026%2F04%2F30%2Fcomerciantes-de-flores-del-mercado-municipal-afectados-por-el-comercio-informal%2F\" target=\"_top\" rel=\"nofollow\"><span class=\"icon\"><\/span><span class=\"text\">Share<\/span><\/a><a class=\"mashicon-twitter mash-large mash-center mashsb-noshadow\" href=\"https:\/\/twitter.com\/intent\/tweet?text=&amp;url=https:\/\/www.zunoticia.com\/noticias-de-hidalgo\/2026\/04\/30\/comerciantes-de-flores-del-mercado-municipal-afectados-por-el-comercio-informal\/\" target=\"_top\" rel=\"nofollow\"><span class=\"icon\"><\/span><span class=\"text\">Tweet<\/span><\/a><div class=\"onoffswitch2 mash-large mashsb-noshadow\" style=\"display:none\"><\/div><\/div>\n            <\/div>\n                <div style=\"clear:both\"><\/div><div class=\"mashsb-toggle-container\"><\/div><\/aside>\n            <!-- Share buttons by mashshare.net - Version: 4.0.47-->\n<p><em>Por Salvador Altamirano\/Zunoticia<\/em><\/p>\n\n\n\n<p><strong>Huejutla, Hgo<\/strong>.- Comerciantes del giro de flores frescas establecidos en el Mercado municipal, manifestaron que el mes de mayo es cuando m\u00e1s demanda hay del producto, en especial en temporadas altas como el &#8220;D\u00eda de las Madres&#8221;.<\/p>\n\n\n\n<p>Sin embargo, consideran una competencia desleal que perjudica severamente sus ventas a los vendedores ambulantes, \u201ccubeteros\u201d, quienes se ubican en las inmediaciones del Mercado municipal.<\/p>\n\n\n\n<p>Aclararon que no est\u00e1n en contra de los vendedores informales, ya que todo ser humano tiene el derecho constitucional de procurarse el sustento trabajando honradamente, \u201cpero los comerciantes de flores provenientes del municipio de Tlanchinol, que est\u00e1n en el \u00e1rea del estacionamiento, nos est\u00e1n perjudicando\u201d.<\/p>\n\n\n\n<p>Agregaron tener conocimiento que personal adscrito al \u00e1rea de Reglamentos Municipal ya los hab\u00eda reubicado en otro sector, concretamente en la avenida Constituyentes, pero haciendo caso omiso a la indicaci\u00f3n han retornado al mismo sitio.<\/p>\n\n\n\n<p>Para finalizar, detallaron que, como comerciantes establecidos cubren gastos de renta, impuestos, de servicios y pago de trabajadores, costos que los ambulantes suelen evitar.<\/p>\n\n\n\n<p><\/p>\n","protected":false},"excerpt":{"rendered":"<p>Por Salvador Altamirano\/Zunoticia Huejutla, Hgo.- Comerciantes del giro de flores frescas establecidos en el Mercado municipal, manifestaron que el mes de mayo es cuando m\u00e1s demanda hay del producto, en especial en temporadas altas como el &#8220;D\u00eda de las Madres&#8221;. Sin embargo, consideran una competencia desleal que perjudica severamente sus ventas a los vendedores ambulantes,&hellip; <a class=\"more-link\" href=\"https:\/\/www.zunoticia.com\/noticias-de-hidalgo\/2026\/04\/30\/comerciantes-de-flores-del-mercado-municipal-afectados-por-el-comercio-informal\/\">Seguir leyendo <span class=\"screen-reader-text\">Comerciantes de flores del Mercado municipal afectados por el comercio informal<\/span><\/a><\/p>\n","protected":false},"author":20,"featured_media":635367,"comment_status":"open","ping_status":"open","sticky":false,"template":"","format":"standard","meta":{"rop_custom_images_group":[],"rop_custom_messages_group":[],"rop_publish_now":"initial","rop_publish_now_accounts":{"facebook_10159540855086992_322828327761733":""},"rop_publish_now_history":[],"rop_publish_now_status":"pending","footnotes":""},"categories":[181],"tags":[121],"class_list":["post-635366","post","type-post","status-publish","format-standard","has-post-thumbnail","hentry","category-huejutla","tag-huejutla","entry"],"_links":{"self":[{"href":"https:\/\/www.zunoticia.com\/noticias-de-hidalgo\/wp-json\/wp\/v2\/posts\/635366","targetHints":{"allow":["GET"]}}],"collection":[{"href":"https:\/\/www.zunoticia.com\/noticias-de-hidalgo\/wp-json\/wp\/v2\/posts"}],"about":[{"href":"https:\/\/www.zunoticia.com\/noticias-de-hidalgo\/wp-json\/wp\/v2\/types\/post"}],"author":[{"embeddable":true,"href":"https:\/\/www.zunoticia.com\/noticias-de-hidalgo\/wp-json\/wp\/v2\/users\/20"}],"replies":[{"embeddable":true,"href":"https:\/\/www.zunoticia.com\/noticias-de-hidalgo\/wp-json\/wp\/v2\/comments?post=635366"}],"version-history":[{"count":1,"href":"https:\/\/www.zunoticia.com\/noticias-de-hidalgo\/wp-json\/wp\/v2\/posts\/635366\/revisions"}],"predecessor-version":[{"id":635368,"href":"https:\/\/www.zunoticia.com\/noticias-de-hidalgo\/wp-json\/wp\/v2\/posts\/635366\/revisions\/635368"}],"wp:featuredmedia":[{"embeddable":true,"href":"https:\/\/www.zunoticia.com\/noticias-de-hidalgo\/wp-json\/wp\/v2\/media\/635367"}],"wp:attachment":[{"href":"https:\/\/www.zunoticia.com\/noticias-de-hidalgo\/wp-json\/wp\/v2\/media?parent=635366"}],"wp:term":[{"taxonomy":"category","embeddable":true,"href":"https:\/\/www.zunoticia.com\/noticias-de-hidalgo\/wp-json\/wp\/v2\/categories?post=635366"},{"taxonomy":"post_tag","embeddable":true,"href":"https:\/\/www.zunoticia.com\/noticias-de-hidalgo\/wp-json\/wp\/v2\/tags?post=635366"}],"curies":[{"name":"wp","href":"https:\/\/api.w.org\/{rel}","templated":true}]}}