{"id":635391,"date":"2026-04-30T23:33:10","date_gmt":"2026-05-01T05:33:10","guid":{"rendered":"https:\/\/www.zunoticia.com\/noticias-de-hidalgo\/?p=635391"},"modified":"2026-04-30T23:33:11","modified_gmt":"2026-05-01T05:33:11","slug":"nombran-a-funcionarios-infantiles-por-un-dia","status":"publish","type":"post","link":"https:\/\/www.zunoticia.com\/noticias-de-hidalgo\/2026\/04\/30\/nombran-a-funcionarios-infantiles-por-un-dia\/","title":{"rendered":"Nombran a funcionarios Infantiles por un d\u00eda"},"content":{"rendered":"<aside class=\"mashsb-container mashsb-main mashsb-stretched\"><div class=\"mashsb-box\"><div class=\"mashsb-count mash-large\" style=\"float:left\"><div class=\"counts mashsbcount\">0<\/div><span class=\"mashsb-sharetext\">SHARES<\/span><\/div><div class=\"mashsb-buttons\"><a class=\"mashicon-facebook mash-large mash-center mashsb-noshadow\" href=\"https:\/\/www.facebook.com\/sharer.php?u=https%3A%2F%2Fwww.zunoticia.com%2Fnoticias-de-hidalgo%2F2026%2F04%2F30%2Fnombran-a-funcionarios-infantiles-por-un-dia%2F\" target=\"_top\" rel=\"nofollow\"><span class=\"icon\"><\/span><span class=\"text\">Share<\/span><\/a><a class=\"mashicon-twitter mash-large mash-center mashsb-noshadow\" href=\"https:\/\/twitter.com\/intent\/tweet?text=&amp;url=https:\/\/www.zunoticia.com\/noticias-de-hidalgo\/2026\/04\/30\/nombran-a-funcionarios-infantiles-por-un-dia\/\" target=\"_top\" rel=\"nofollow\"><span class=\"icon\"><\/span><span class=\"text\">Tweet<\/span><\/a><div class=\"onoffswitch2 mash-large mashsb-noshadow\" style=\"display:none\"><\/div><\/div>\n            <\/div>\n                <div style=\"clear:both\"><\/div><div class=\"mashsb-toggle-container\"><\/div><\/aside>\n            <!-- Share buttons by mashshare.net - Version: 4.0.47-->\n<p><\/p>\n\n\n\n<p><\/p>\n\n\n\n<ul class=\"wp-block-list\">\n<li>En su mensaje el alcalde se\u00f1al\u00f3 \u201cser funcionarios por un d\u00eda representa mucho m\u00e1s que una actividad simb\u00f3lica<\/li>\n<\/ul>\n\n\n\n<p><strong><em>Angel Osiris Castillo Garc\u00eda<\/em><\/strong><\/p>\n\n\n\n<p><strong>Tlanchinol, Hgo.-<\/strong> En el marco del 30 de abril, D\u00eda del Ni\u00f1o y la Ni\u00f1a, se realiz\u00f3 la toma de protesta a los ni\u00f1os funcionarios por un d\u00eda, as\u00ed como a la ni\u00f1a presidenta Valeria Mart\u00ednez Avil\u00e9s.<\/p>\n\n\n\n<figure class=\"wp-block-image size-large\"><img fetchpriority=\"high\" decoding=\"async\" width=\"1024\" height=\"683\" src=\"https:\/\/www.zunoticia.com\/noticias-de-hidalgo\/wp-content\/uploads\/2026\/04\/WhatsApp-Image-2026-04-30-at-23.22.20-1024x683.jpeg\" alt=\"\" class=\"wp-image-635397\" srcset=\"https:\/\/www.zunoticia.com\/noticias-de-hidalgo\/wp-content\/uploads\/2026\/04\/WhatsApp-Image-2026-04-30-at-23.22.20-1024x683.jpeg 1024w, https:\/\/www.zunoticia.com\/noticias-de-hidalgo\/wp-content\/uploads\/2026\/04\/WhatsApp-Image-2026-04-30-at-23.22.20-300x200.jpeg 300w, https:\/\/www.zunoticia.com\/noticias-de-hidalgo\/wp-content\/uploads\/2026\/04\/WhatsApp-Image-2026-04-30-at-23.22.20-768x512.jpeg 768w, https:\/\/www.zunoticia.com\/noticias-de-hidalgo\/wp-content\/uploads\/2026\/04\/WhatsApp-Image-2026-04-30-at-23.22.20-1536x1025.jpeg 1536w, https:\/\/www.zunoticia.com\/noticias-de-hidalgo\/wp-content\/uploads\/2026\/04\/WhatsApp-Image-2026-04-30-at-23.22.20-1568x1046.jpeg 1568w, https:\/\/www.zunoticia.com\/noticias-de-hidalgo\/wp-content\/uploads\/2026\/04\/WhatsApp-Image-2026-04-30-at-23.22.20.jpeg 2048w\" sizes=\"(max-width: 1024px) 100vw, 1024px\" \/><\/figure>\n\n\n\n<p>El evento inici\u00f3 con una marcha que parti\u00f3 desde el monumento a Miguel Hidalgo hacia la plaza Bicentenario, siendo encabezada por el alcalde Gabino Hern\u00e1ndez Vite, as\u00ed como la presidenta del DIF municipal Anabel Mateos S\u00e1nchez adem\u00e1s de s\u00edndicos y regidores.<\/p>\n\n\n\n<figure class=\"wp-block-image size-large\"><img decoding=\"async\" width=\"1024\" height=\"683\" src=\"https:\/\/www.zunoticia.com\/noticias-de-hidalgo\/wp-content\/uploads\/2026\/04\/WhatsApp-Image-2026-04-30-at-23.22.20-2-1024x683.jpeg\" alt=\"\" class=\"wp-image-635396\" srcset=\"https:\/\/www.zunoticia.com\/noticias-de-hidalgo\/wp-content\/uploads\/2026\/04\/WhatsApp-Image-2026-04-30-at-23.22.20-2-1024x683.jpeg 1024w, https:\/\/www.zunoticia.com\/noticias-de-hidalgo\/wp-content\/uploads\/2026\/04\/WhatsApp-Image-2026-04-30-at-23.22.20-2-300x200.jpeg 300w, https:\/\/www.zunoticia.com\/noticias-de-hidalgo\/wp-content\/uploads\/2026\/04\/WhatsApp-Image-2026-04-30-at-23.22.20-2-768x512.jpeg 768w, https:\/\/www.zunoticia.com\/noticias-de-hidalgo\/wp-content\/uploads\/2026\/04\/WhatsApp-Image-2026-04-30-at-23.22.20-2-1536x1024.jpeg 1536w, https:\/\/www.zunoticia.com\/noticias-de-hidalgo\/wp-content\/uploads\/2026\/04\/WhatsApp-Image-2026-04-30-at-23.22.20-2-1568x1046.jpeg 1568w, https:\/\/www.zunoticia.com\/noticias-de-hidalgo\/wp-content\/uploads\/2026\/04\/WhatsApp-Image-2026-04-30-at-23.22.20-2.jpeg 1600w\" sizes=\"(max-width: 1024px) 100vw, 1024px\" \/><\/figure>\n\n\n\n<p>&nbsp;En su mensaje el alcalde se\u00f1al\u00f3 \u201cser funcionarios por un d\u00eda representa mucho m\u00e1s que una actividad simb\u00f3lica; es una experiencia formativa que fortalece valores, fomenta la participaci\u00f3n y acerca a la ni\u00f1ez al ejercicio de la ciudadan\u00eda\u201d.<\/p>\n\n\n\n<figure class=\"wp-block-image size-full\"><img decoding=\"async\" width=\"960\" height=\"640\" src=\"https:\/\/www.zunoticia.com\/noticias-de-hidalgo\/wp-content\/uploads\/2026\/04\/WhatsApp-Image-2026-04-30-at-23.22.20-1.jpeg\" alt=\"\" class=\"wp-image-635395\" srcset=\"https:\/\/www.zunoticia.com\/noticias-de-hidalgo\/wp-content\/uploads\/2026\/04\/WhatsApp-Image-2026-04-30-at-23.22.20-1.jpeg 960w, https:\/\/www.zunoticia.com\/noticias-de-hidalgo\/wp-content\/uploads\/2026\/04\/WhatsApp-Image-2026-04-30-at-23.22.20-1-300x200.jpeg 300w, https:\/\/www.zunoticia.com\/noticias-de-hidalgo\/wp-content\/uploads\/2026\/04\/WhatsApp-Image-2026-04-30-at-23.22.20-1-768x512.jpeg 768w\" sizes=\"(max-width: 960px) 100vw, 960px\" \/><\/figure>\n\n\n\n<p>\u201cSer funcionario por un d\u00eda tambi\u00e9n permite reconocer que la voz de la ni\u00f1ez es importante y merece ser escuchada. Al brindarles estos espacios, se promueve una sociedad m\u00e1s incluyente, consciente y participativa desde temprana edad\u201d.<\/p>\n","protected":false},"excerpt":{"rendered":"<p>Angel Osiris Castillo Garc\u00eda Tlanchinol, Hgo.- En el marco del 30 de abril, D\u00eda del Ni\u00f1o y la Ni\u00f1a, se realiz\u00f3 la toma de protesta a los ni\u00f1os funcionarios por un d\u00eda, as\u00ed como a la ni\u00f1a presidenta Valeria Mart\u00ednez Avil\u00e9s. El evento inici\u00f3 con una marcha que parti\u00f3 desde el monumento a Miguel Hidalgo&hellip; <a class=\"more-link\" href=\"https:\/\/www.zunoticia.com\/noticias-de-hidalgo\/2026\/04\/30\/nombran-a-funcionarios-infantiles-por-un-dia\/\">Seguir leyendo <span class=\"screen-reader-text\">Nombran a funcionarios Infantiles por un d\u00eda<\/span><\/a><\/p>\n","protected":false},"author":24,"featured_media":635393,"comment_status":"open","ping_status":"open","sticky":false,"template":"","format":"standard","meta":{"rop_custom_images_group":[],"rop_custom_messages_group":[],"rop_publish_now":"initial","rop_publish_now_accounts":{"facebook_10159540855086992_322828327761733":""},"rop_publish_now_history":[],"rop_publish_now_status":"pending","footnotes":""},"categories":[204,201],"tags":[],"class_list":["post-635391","post","type-post","status-publish","format-standard","has-post-thumbnail","hentry","category-municipios","category-tlanchinol","entry"],"_links":{"self":[{"href":"https:\/\/www.zunoticia.com\/noticias-de-hidalgo\/wp-json\/wp\/v2\/posts\/635391","targetHints":{"allow":["GET"]}}],"collection":[{"href":"https:\/\/www.zunoticia.com\/noticias-de-hidalgo\/wp-json\/wp\/v2\/posts"}],"about":[{"href":"https:\/\/www.zunoticia.com\/noticias-de-hidalgo\/wp-json\/wp\/v2\/types\/post"}],"author":[{"embeddable":true,"href":"https:\/\/www.zunoticia.com\/noticias-de-hidalgo\/wp-json\/wp\/v2\/users\/24"}],"replies":[{"embeddable":true,"href":"https:\/\/www.zunoticia.com\/noticias-de-hidalgo\/wp-json\/wp\/v2\/comments?post=635391"}],"version-history":[{"count":1,"href":"https:\/\/www.zunoticia.com\/noticias-de-hidalgo\/wp-json\/wp\/v2\/posts\/635391\/revisions"}],"predecessor-version":[{"id":635398,"href":"https:\/\/www.zunoticia.com\/noticias-de-hidalgo\/wp-json\/wp\/v2\/posts\/635391\/revisions\/635398"}],"wp:featuredmedia":[{"embeddable":true,"href":"https:\/\/www.zunoticia.com\/noticias-de-hidalgo\/wp-json\/wp\/v2\/media\/635393"}],"wp:attachment":[{"href":"https:\/\/www.zunoticia.com\/noticias-de-hidalgo\/wp-json\/wp\/v2\/media?parent=635391"}],"wp:term":[{"taxonomy":"category","embeddable":true,"href":"https:\/\/www.zunoticia.com\/noticias-de-hidalgo\/wp-json\/wp\/v2\/categories?post=635391"},{"taxonomy":"post_tag","embeddable":true,"href":"https:\/\/www.zunoticia.com\/noticias-de-hidalgo\/wp-json\/wp\/v2\/tags?post=635391"}],"curies":[{"name":"wp","href":"https:\/\/api.w.org\/{rel}","templated":true}]}}