{"id":635443,"date":"2026-05-02T11:23:55","date_gmt":"2026-05-02T17:23:55","guid":{"rendered":"https:\/\/www.zunoticia.com\/noticias-de-hidalgo\/?p=635443"},"modified":"2026-05-02T11:23:56","modified_gmt":"2026-05-02T17:23:56","slug":"se-incendio-bodega-de-palmillas","status":"publish","type":"post","link":"https:\/\/www.zunoticia.com\/noticias-de-hidalgo\/2026\/05\/02\/se-incendio-bodega-de-palmillas\/","title":{"rendered":"Se incendi\u00f3 bodega de palmillas"},"content":{"rendered":"<aside class=\"mashsb-container mashsb-main mashsb-stretched\"><div class=\"mashsb-box\"><div class=\"mashsb-count mash-large\" style=\"float:left\"><div class=\"counts mashsbcount\">0<\/div><span class=\"mashsb-sharetext\">SHARES<\/span><\/div><div class=\"mashsb-buttons\"><a class=\"mashicon-facebook mash-large mash-center mashsb-noshadow\" href=\"https:\/\/www.facebook.com\/sharer.php?u=https%3A%2F%2Fwww.zunoticia.com%2Fnoticias-de-hidalgo%2F2026%2F05%2F02%2Fse-incendio-bodega-de-palmillas%2F\" target=\"_top\" rel=\"nofollow\"><span class=\"icon\"><\/span><span class=\"text\">Share<\/span><\/a><a class=\"mashicon-twitter mash-large mash-center mashsb-noshadow\" href=\"https:\/\/twitter.com\/intent\/tweet?text=&amp;url=https:\/\/www.zunoticia.com\/noticias-de-hidalgo\/2026\/05\/02\/se-incendio-bodega-de-palmillas\/\" target=\"_top\" rel=\"nofollow\"><span class=\"icon\"><\/span><span class=\"text\">Tweet<\/span><\/a><div class=\"onoffswitch2 mash-large mashsb-noshadow\" style=\"display:none\"><\/div><\/div>\n            <\/div>\n                <div style=\"clear:both\"><\/div><div class=\"mashsb-toggle-container\"><\/div><\/aside>\n            <!-- Share buttons by mashshare.net - Version: 4.0.47-->\n<p><em>Por Roberto Meza Ram\u00edrez\/ Zunoticia<\/em><\/p>\n\n\n\n<p><strong>Chalma, Ver.-<\/strong> La madrugada del viernes se registr\u00f3 un fuerte incendio en una bodega de palmillas, el Cuerpo de Bomberos acudi\u00f3 a controlar el fuego, las llamas dejaron cuantiosos da\u00f1os materiales y sin v\u00edctimas que lamentar.<\/p>\n\n\n\n<p>Fue alrededor de las 2:00 A.M. cuando los habitantes del Pintor, de este municipio, alertaron a los cuerpos de emergencia ya que en esa bodega se registraba un megaincendio, de inmediato los vulcanos llegaron al lugar y con la ayuda del cami\u00f3n &#8211; bomba iniciaron el combate del fuego.<\/p>\n\n\n\n<p>Hasta el momento se desconocen cu\u00e1les fueron las causas del este incendio y luego de 4 horas de labor de los tragahumos, lograron controlar las grandes llamas, mismas que dejaron cuantiosos da\u00f1os materiales.<\/p>\n","protected":false},"excerpt":{"rendered":"<p>Por Roberto Meza Ram\u00edrez\/ Zunoticia Chalma, Ver.- La madrugada del viernes se registr\u00f3 un fuerte incendio en una bodega de palmillas, el Cuerpo de Bomberos acudi\u00f3 a controlar el fuego, las llamas dejaron cuantiosos da\u00f1os materiales y sin v\u00edctimas que lamentar. Fue alrededor de las 2:00 A.M. cuando los habitantes del Pintor, de este municipio,&hellip; <a class=\"more-link\" href=\"https:\/\/www.zunoticia.com\/noticias-de-hidalgo\/2026\/05\/02\/se-incendio-bodega-de-palmillas\/\">Seguir leyendo <span class=\"screen-reader-text\">Se incendi\u00f3 bodega de palmillas<\/span><\/a><\/p>\n","protected":false},"author":20,"featured_media":635444,"comment_status":"open","ping_status":"open","sticky":false,"template":"","format":"standard","meta":{"rop_custom_images_group":[],"rop_custom_messages_group":[],"rop_publish_now":"initial","rop_publish_now_accounts":{"facebook_10159540855086992_322828327761733":""},"rop_publish_now_history":[],"rop_publish_now_status":"pending","footnotes":""},"categories":[178],"tags":[259],"class_list":["post-635443","post","type-post","status-publish","format-standard","has-post-thumbnail","hentry","category-policiaca","tag-policiaca","entry"],"_links":{"self":[{"href":"https:\/\/www.zunoticia.com\/noticias-de-hidalgo\/wp-json\/wp\/v2\/posts\/635443","targetHints":{"allow":["GET"]}}],"collection":[{"href":"https:\/\/www.zunoticia.com\/noticias-de-hidalgo\/wp-json\/wp\/v2\/posts"}],"about":[{"href":"https:\/\/www.zunoticia.com\/noticias-de-hidalgo\/wp-json\/wp\/v2\/types\/post"}],"author":[{"embeddable":true,"href":"https:\/\/www.zunoticia.com\/noticias-de-hidalgo\/wp-json\/wp\/v2\/users\/20"}],"replies":[{"embeddable":true,"href":"https:\/\/www.zunoticia.com\/noticias-de-hidalgo\/wp-json\/wp\/v2\/comments?post=635443"}],"version-history":[{"count":1,"href":"https:\/\/www.zunoticia.com\/noticias-de-hidalgo\/wp-json\/wp\/v2\/posts\/635443\/revisions"}],"predecessor-version":[{"id":635445,"href":"https:\/\/www.zunoticia.com\/noticias-de-hidalgo\/wp-json\/wp\/v2\/posts\/635443\/revisions\/635445"}],"wp:featuredmedia":[{"embeddable":true,"href":"https:\/\/www.zunoticia.com\/noticias-de-hidalgo\/wp-json\/wp\/v2\/media\/635444"}],"wp:attachment":[{"href":"https:\/\/www.zunoticia.com\/noticias-de-hidalgo\/wp-json\/wp\/v2\/media?parent=635443"}],"wp:term":[{"taxonomy":"category","embeddable":true,"href":"https:\/\/www.zunoticia.com\/noticias-de-hidalgo\/wp-json\/wp\/v2\/categories?post=635443"},{"taxonomy":"post_tag","embeddable":true,"href":"https:\/\/www.zunoticia.com\/noticias-de-hidalgo\/wp-json\/wp\/v2\/tags?post=635443"}],"curies":[{"name":"wp","href":"https:\/\/api.w.org\/{rel}","templated":true}]}}