{"id":635446,"date":"2026-05-02T11:33:40","date_gmt":"2026-05-02T17:33:40","guid":{"rendered":"https:\/\/www.zunoticia.com\/noticias-de-hidalgo\/?p=635446"},"modified":"2026-05-02T11:33:43","modified_gmt":"2026-05-02T17:33:43","slug":"choco-y-volco-ambulancia","status":"publish","type":"post","link":"https:\/\/www.zunoticia.com\/noticias-de-hidalgo\/2026\/05\/02\/choco-y-volco-ambulancia\/","title":{"rendered":"Choc\u00f3 y volc\u00f3 ambulancia"},"content":{"rendered":"<aside class=\"mashsb-container mashsb-main mashsb-stretched\"><div class=\"mashsb-box\"><div class=\"mashsb-count mash-large\" style=\"float:left\"><div class=\"counts mashsbcount\">0<\/div><span class=\"mashsb-sharetext\">SHARES<\/span><\/div><div class=\"mashsb-buttons\"><a class=\"mashicon-facebook mash-large mash-center mashsb-noshadow\" href=\"https:\/\/www.facebook.com\/sharer.php?u=https%3A%2F%2Fwww.zunoticia.com%2Fnoticias-de-hidalgo%2F2026%2F05%2F02%2Fchoco-y-volco-ambulancia%2F\" target=\"_top\" rel=\"nofollow\"><span class=\"icon\"><\/span><span class=\"text\">Share<\/span><\/a><a class=\"mashicon-twitter mash-large mash-center mashsb-noshadow\" href=\"https:\/\/twitter.com\/intent\/tweet?text=&amp;url=https:\/\/www.zunoticia.com\/noticias-de-hidalgo\/2026\/05\/02\/choco-y-volco-ambulancia\/\" target=\"_top\" rel=\"nofollow\"><span class=\"icon\"><\/span><span class=\"text\">Tweet<\/span><\/a><div class=\"onoffswitch2 mash-large mashsb-noshadow\" style=\"display:none\"><\/div><\/div>\n            <\/div>\n                <div style=\"clear:both\"><\/div><div class=\"mashsb-toggle-container\"><\/div><\/aside>\n            <!-- Share buttons by mashshare.net - Version: 4.0.47-->\n<p><em>Por Roberto Meza Ram\u00edrez\/ Zunoticia<\/em><\/p>\n\n\n\n<p><strong>Huejutla, Hgo<\/strong>.- Una ambulancia del municipio de Tepehuac\u00e1n de Guerrero, la ma\u00f1ana de este s\u00e1bado choc\u00f3 con el camell\u00f3n central y volc\u00f3 sobre la v\u00eda federal M\u00e9xico -Tampico en las inmediaciones de la comunidad de Tepeolol.<\/p>\n\n\n\n<p>El ch\u00f3fer presuntamente perdi\u00f3 el control del veh\u00edculo Ford, marcado con el n\u00famero 01, choc\u00f3 con el camell\u00f3n central de esa vialidad, por el fuerte impacto se dio una voltereta y termin\u00f3 recostado sobre su lado izquierdo.<\/p>\n\n\n\n<p>El conductor de este accidente sali\u00f3 ileso y afortunadamente no llevaba pacientes. Al lugar de los hechos llegaron polic\u00edas municipales, estatales y elementos de la Guardia Nacional Carreteras, estos \u00faltimos hicieron el peritaje y ordenaron el remolque del veh\u00edculo al corral\u00f3n como corresponde a este tipo de hechos.<\/p>\n\n\n\n<figure class=\"wp-block-gallery has-nested-images columns-default is-cropped wp-block-gallery-1 is-layout-flex wp-block-gallery-is-layout-flex\">\n<figure class=\"wp-block-image size-large\"><img fetchpriority=\"high\" decoding=\"async\" width=\"1024\" height=\"771\" data-id=\"635449\" src=\"https:\/\/www.zunoticia.com\/noticias-de-hidalgo\/wp-content\/uploads\/2026\/05\/WhatsApp-Image-2026-05-02-at-11.01.36-AM-1-1024x771.jpeg\" alt=\"\" class=\"wp-image-635449\" srcset=\"https:\/\/www.zunoticia.com\/noticias-de-hidalgo\/wp-content\/uploads\/2026\/05\/WhatsApp-Image-2026-05-02-at-11.01.36-AM-1-1024x771.jpeg 1024w, https:\/\/www.zunoticia.com\/noticias-de-hidalgo\/wp-content\/uploads\/2026\/05\/WhatsApp-Image-2026-05-02-at-11.01.36-AM-1-300x226.jpeg 300w, https:\/\/www.zunoticia.com\/noticias-de-hidalgo\/wp-content\/uploads\/2026\/05\/WhatsApp-Image-2026-05-02-at-11.01.36-AM-1-768x578.jpeg 768w, https:\/\/www.zunoticia.com\/noticias-de-hidalgo\/wp-content\/uploads\/2026\/05\/WhatsApp-Image-2026-05-02-at-11.01.36-AM-1-1536x1156.jpeg 1536w, https:\/\/www.zunoticia.com\/noticias-de-hidalgo\/wp-content\/uploads\/2026\/05\/WhatsApp-Image-2026-05-02-at-11.01.36-AM-1-1568x1180.jpeg 1568w, https:\/\/www.zunoticia.com\/noticias-de-hidalgo\/wp-content\/uploads\/2026\/05\/WhatsApp-Image-2026-05-02-at-11.01.36-AM-1.jpeg 1600w\" sizes=\"(max-width: 1024px) 100vw, 1024px\" \/><\/figure>\n\n\n\n<figure class=\"wp-block-image size-large\"><img decoding=\"async\" width=\"1024\" height=\"771\" data-id=\"635448\" src=\"https:\/\/www.zunoticia.com\/noticias-de-hidalgo\/wp-content\/uploads\/2026\/05\/WhatsApp-Image-2026-05-02-at-11.01.36-AM-1024x771.jpeg\" alt=\"\" class=\"wp-image-635448\" srcset=\"https:\/\/www.zunoticia.com\/noticias-de-hidalgo\/wp-content\/uploads\/2026\/05\/WhatsApp-Image-2026-05-02-at-11.01.36-AM-1024x771.jpeg 1024w, https:\/\/www.zunoticia.com\/noticias-de-hidalgo\/wp-content\/uploads\/2026\/05\/WhatsApp-Image-2026-05-02-at-11.01.36-AM-300x226.jpeg 300w, https:\/\/www.zunoticia.com\/noticias-de-hidalgo\/wp-content\/uploads\/2026\/05\/WhatsApp-Image-2026-05-02-at-11.01.36-AM-768x578.jpeg 768w, https:\/\/www.zunoticia.com\/noticias-de-hidalgo\/wp-content\/uploads\/2026\/05\/WhatsApp-Image-2026-05-02-at-11.01.36-AM-1536x1156.jpeg 1536w, https:\/\/www.zunoticia.com\/noticias-de-hidalgo\/wp-content\/uploads\/2026\/05\/WhatsApp-Image-2026-05-02-at-11.01.36-AM-1568x1180.jpeg 1568w, https:\/\/www.zunoticia.com\/noticias-de-hidalgo\/wp-content\/uploads\/2026\/05\/WhatsApp-Image-2026-05-02-at-11.01.36-AM.jpeg 1600w\" sizes=\"(max-width: 1024px) 100vw, 1024px\" \/><\/figure>\n<\/figure>\n","protected":false},"excerpt":{"rendered":"<p>Por Roberto Meza Ram\u00edrez\/ Zunoticia Huejutla, Hgo.- Una ambulancia del municipio de Tepehuac\u00e1n de Guerrero, la ma\u00f1ana de este s\u00e1bado choc\u00f3 con el camell\u00f3n central y volc\u00f3 sobre la v\u00eda federal M\u00e9xico -Tampico en las inmediaciones de la comunidad de Tepeolol. El ch\u00f3fer presuntamente perdi\u00f3 el control del veh\u00edculo Ford, marcado con el n\u00famero 01,&hellip; <a class=\"more-link\" href=\"https:\/\/www.zunoticia.com\/noticias-de-hidalgo\/2026\/05\/02\/choco-y-volco-ambulancia\/\">Seguir leyendo <span class=\"screen-reader-text\">Choc\u00f3 y volc\u00f3 ambulancia<\/span><\/a><\/p>\n","protected":false},"author":20,"featured_media":635447,"comment_status":"open","ping_status":"open","sticky":false,"template":"","format":"standard","meta":{"rop_custom_images_group":[],"rop_custom_messages_group":[],"rop_publish_now":"initial","rop_publish_now_accounts":{"facebook_10159540855086992_322828327761733":""},"rop_publish_now_history":[],"rop_publish_now_status":"pending","footnotes":""},"categories":[181],"tags":[121],"class_list":["post-635446","post","type-post","status-publish","format-standard","has-post-thumbnail","hentry","category-huejutla","tag-huejutla","entry"],"_links":{"self":[{"href":"https:\/\/www.zunoticia.com\/noticias-de-hidalgo\/wp-json\/wp\/v2\/posts\/635446","targetHints":{"allow":["GET"]}}],"collection":[{"href":"https:\/\/www.zunoticia.com\/noticias-de-hidalgo\/wp-json\/wp\/v2\/posts"}],"about":[{"href":"https:\/\/www.zunoticia.com\/noticias-de-hidalgo\/wp-json\/wp\/v2\/types\/post"}],"author":[{"embeddable":true,"href":"https:\/\/www.zunoticia.com\/noticias-de-hidalgo\/wp-json\/wp\/v2\/users\/20"}],"replies":[{"embeddable":true,"href":"https:\/\/www.zunoticia.com\/noticias-de-hidalgo\/wp-json\/wp\/v2\/comments?post=635446"}],"version-history":[{"count":1,"href":"https:\/\/www.zunoticia.com\/noticias-de-hidalgo\/wp-json\/wp\/v2\/posts\/635446\/revisions"}],"predecessor-version":[{"id":635450,"href":"https:\/\/www.zunoticia.com\/noticias-de-hidalgo\/wp-json\/wp\/v2\/posts\/635446\/revisions\/635450"}],"wp:featuredmedia":[{"embeddable":true,"href":"https:\/\/www.zunoticia.com\/noticias-de-hidalgo\/wp-json\/wp\/v2\/media\/635447"}],"wp:attachment":[{"href":"https:\/\/www.zunoticia.com\/noticias-de-hidalgo\/wp-json\/wp\/v2\/media?parent=635446"}],"wp:term":[{"taxonomy":"category","embeddable":true,"href":"https:\/\/www.zunoticia.com\/noticias-de-hidalgo\/wp-json\/wp\/v2\/categories?post=635446"},{"taxonomy":"post_tag","embeddable":true,"href":"https:\/\/www.zunoticia.com\/noticias-de-hidalgo\/wp-json\/wp\/v2\/tags?post=635446"}],"curies":[{"name":"wp","href":"https:\/\/api.w.org\/{rel}","templated":true}]}}