{"id":635451,"date":"2026-05-02T12:10:51","date_gmt":"2026-05-02T18:10:51","guid":{"rendered":"https:\/\/www.zunoticia.com\/noticias-de-hidalgo\/?p=635451"},"modified":"2026-05-02T12:10:53","modified_gmt":"2026-05-02T18:10:53","slug":"conmemoran-el-dia-del-trabajo-con-acto-civico-en-huejutla","status":"publish","type":"post","link":"https:\/\/www.zunoticia.com\/noticias-de-hidalgo\/2026\/05\/02\/conmemoran-el-dia-del-trabajo-con-acto-civico-en-huejutla\/","title":{"rendered":"Conmemoran el D\u00eda del Trabajo con acto c\u00edvico en Huejutla"},"content":{"rendered":"<aside class=\"mashsb-container mashsb-main mashsb-stretched\"><div class=\"mashsb-box\"><div class=\"mashsb-count mash-large\" style=\"float:left\"><div class=\"counts mashsbcount\">0<\/div><span class=\"mashsb-sharetext\">SHARES<\/span><\/div><div class=\"mashsb-buttons\"><a class=\"mashicon-facebook mash-large mash-center mashsb-noshadow\" href=\"https:\/\/www.facebook.com\/sharer.php?u=https%3A%2F%2Fwww.zunoticia.com%2Fnoticias-de-hidalgo%2F2026%2F05%2F02%2Fconmemoran-el-dia-del-trabajo-con-acto-civico-en-huejutla%2F\" target=\"_top\" rel=\"nofollow\"><span class=\"icon\"><\/span><span class=\"text\">Share<\/span><\/a><a class=\"mashicon-twitter mash-large mash-center mashsb-noshadow\" href=\"https:\/\/twitter.com\/intent\/tweet?text=&amp;url=https:\/\/www.zunoticia.com\/noticias-de-hidalgo\/2026\/05\/02\/conmemoran-el-dia-del-trabajo-con-acto-civico-en-huejutla\/\" target=\"_top\" rel=\"nofollow\"><span class=\"icon\"><\/span><span class=\"text\">Tweet<\/span><\/a><div class=\"onoffswitch2 mash-large mashsb-noshadow\" style=\"display:none\"><\/div><\/div>\n            <\/div>\n                <div style=\"clear:both\"><\/div><div class=\"mashsb-toggle-container\"><\/div><\/aside>\n            <!-- Share buttons by mashshare.net - Version: 4.0.47-->\n<p><em>Por Enedino Hern\u00e1ndez \/ Zunoticia<\/em><\/p>\n\n\n\n<p><strong>Huejutla, Hgo<\/strong>.- Funcionarios de la Presidencia Municipal de Huejutla de Reyes realizaron, durante este viernes 1 de mayo, un acto c\u00edvico de izamiento de la bandera nacional, en conmemoraci\u00f3n del D\u00eda del Trabajo.<\/p>\n\n\n\n<p>La ceremonia se llev\u00f3 a cabo a las 08:00 horas, en la explanada del reloj municipal, contando con la presencia del secretario general de la Presidencia de Huejutla, Jos\u00e9 Luis Fayad Torres.<\/p>\n\n\n\n<p>En el evento tambi\u00e9n participaron autoridades educativas, funcionarios y personal de la administraci\u00f3n municipal, quienes formaron parte de este acto c\u00edvico en conmemoraci\u00f3n del D\u00eda del Trabajo.<\/p>\n\n\n\n<p>Asimismo, en el lugar se cont\u00f3 con la asistencia de directivos y personal del ICATHI plantel Huejutla, as\u00ed como de los elementos de la Direcci\u00f3n de Seguridad P\u00fablica y Tr\u00e1nsito Municipal.<\/p>\n\n\n\n<p>El D\u00eda del Trabajo se conmemora cada 1 de mayo para honrar la lucha hist\u00f3rica de los trabajadores por mejores condiciones laborales, destacando la conquista de la jornada de ocho horas.<\/p>\n\n\n\n<p>Finalmente, es importante se\u00f1alar que en esta fecha se recuerda a los llamados \u201cM\u00e1rtires de Chicago\u201d de 1886, quienes sacrificaron sus vidas en la b\u00fasqueda de derechos laborales dignos.<\/p>\n\n\n\n<figure class=\"wp-block-gallery has-nested-images columns-default is-cropped wp-block-gallery-1 is-layout-flex wp-block-gallery-is-layout-flex\">\n<figure class=\"wp-block-image size-large\"><img fetchpriority=\"high\" decoding=\"async\" width=\"933\" height=\"524\" data-id=\"635453\" src=\"https:\/\/www.zunoticia.com\/noticias-de-hidalgo\/wp-content\/uploads\/2026\/05\/Zunoticia-Huejutla-1-2.png\" alt=\"\" class=\"wp-image-635453\" srcset=\"https:\/\/www.zunoticia.com\/noticias-de-hidalgo\/wp-content\/uploads\/2026\/05\/Zunoticia-Huejutla-1-2.png 933w, https:\/\/www.zunoticia.com\/noticias-de-hidalgo\/wp-content\/uploads\/2026\/05\/Zunoticia-Huejutla-1-2-300x168.png 300w, https:\/\/www.zunoticia.com\/noticias-de-hidalgo\/wp-content\/uploads\/2026\/05\/Zunoticia-Huejutla-1-2-768x431.png 768w\" sizes=\"(max-width: 933px) 100vw, 933px\" \/><\/figure>\n\n\n\n<figure class=\"wp-block-image size-large\"><img decoding=\"async\" width=\"933\" height=\"524\" data-id=\"635454\" src=\"https:\/\/www.zunoticia.com\/noticias-de-hidalgo\/wp-content\/uploads\/2026\/05\/Zunoticia-Huejutla-3.png\" alt=\"\" class=\"wp-image-635454\" srcset=\"https:\/\/www.zunoticia.com\/noticias-de-hidalgo\/wp-content\/uploads\/2026\/05\/Zunoticia-Huejutla-3.png 933w, https:\/\/www.zunoticia.com\/noticias-de-hidalgo\/wp-content\/uploads\/2026\/05\/Zunoticia-Huejutla-3-300x168.png 300w, https:\/\/www.zunoticia.com\/noticias-de-hidalgo\/wp-content\/uploads\/2026\/05\/Zunoticia-Huejutla-3-768x431.png 768w\" sizes=\"(max-width: 933px) 100vw, 933px\" \/><\/figure>\n<\/figure>\n","protected":false},"excerpt":{"rendered":"<p>Por Enedino Hern\u00e1ndez \/ Zunoticia Huejutla, Hgo.- Funcionarios de la Presidencia Municipal de Huejutla de Reyes realizaron, durante este viernes 1 de mayo, un acto c\u00edvico de izamiento de la bandera nacional, en conmemoraci\u00f3n del D\u00eda del Trabajo. La ceremonia se llev\u00f3 a cabo a las 08:00 horas, en la explanada del reloj municipal, contando&hellip; <a class=\"more-link\" href=\"https:\/\/www.zunoticia.com\/noticias-de-hidalgo\/2026\/05\/02\/conmemoran-el-dia-del-trabajo-con-acto-civico-en-huejutla\/\">Seguir leyendo <span class=\"screen-reader-text\">Conmemoran el D\u00eda del Trabajo con acto c\u00edvico en Huejutla<\/span><\/a><\/p>\n","protected":false},"author":20,"featured_media":635452,"comment_status":"open","ping_status":"open","sticky":false,"template":"","format":"standard","meta":{"rop_custom_images_group":[],"rop_custom_messages_group":[],"rop_publish_now":"initial","rop_publish_now_accounts":{"facebook_10159540855086992_322828327761733":""},"rop_publish_now_history":[],"rop_publish_now_status":"pending","footnotes":""},"categories":[181],"tags":[121],"class_list":["post-635451","post","type-post","status-publish","format-standard","has-post-thumbnail","hentry","category-huejutla","tag-huejutla","entry"],"_links":{"self":[{"href":"https:\/\/www.zunoticia.com\/noticias-de-hidalgo\/wp-json\/wp\/v2\/posts\/635451","targetHints":{"allow":["GET"]}}],"collection":[{"href":"https:\/\/www.zunoticia.com\/noticias-de-hidalgo\/wp-json\/wp\/v2\/posts"}],"about":[{"href":"https:\/\/www.zunoticia.com\/noticias-de-hidalgo\/wp-json\/wp\/v2\/types\/post"}],"author":[{"embeddable":true,"href":"https:\/\/www.zunoticia.com\/noticias-de-hidalgo\/wp-json\/wp\/v2\/users\/20"}],"replies":[{"embeddable":true,"href":"https:\/\/www.zunoticia.com\/noticias-de-hidalgo\/wp-json\/wp\/v2\/comments?post=635451"}],"version-history":[{"count":1,"href":"https:\/\/www.zunoticia.com\/noticias-de-hidalgo\/wp-json\/wp\/v2\/posts\/635451\/revisions"}],"predecessor-version":[{"id":635455,"href":"https:\/\/www.zunoticia.com\/noticias-de-hidalgo\/wp-json\/wp\/v2\/posts\/635451\/revisions\/635455"}],"wp:featuredmedia":[{"embeddable":true,"href":"https:\/\/www.zunoticia.com\/noticias-de-hidalgo\/wp-json\/wp\/v2\/media\/635452"}],"wp:attachment":[{"href":"https:\/\/www.zunoticia.com\/noticias-de-hidalgo\/wp-json\/wp\/v2\/media?parent=635451"}],"wp:term":[{"taxonomy":"category","embeddable":true,"href":"https:\/\/www.zunoticia.com\/noticias-de-hidalgo\/wp-json\/wp\/v2\/categories?post=635451"},{"taxonomy":"post_tag","embeddable":true,"href":"https:\/\/www.zunoticia.com\/noticias-de-hidalgo\/wp-json\/wp\/v2\/tags?post=635451"}],"curies":[{"name":"wp","href":"https:\/\/api.w.org\/{rel}","templated":true}]}}