{"id":635459,"date":"2026-05-02T14:07:27","date_gmt":"2026-05-02T20:07:27","guid":{"rendered":"https:\/\/www.zunoticia.com\/noticias-de-hidalgo\/?p=635459"},"modified":"2026-05-02T14:07:29","modified_gmt":"2026-05-02T20:07:29","slug":"destacan-significado-del-dia-de-la-santa-cruz-y-reconocen-labor-de-albaniles","status":"publish","type":"post","link":"https:\/\/www.zunoticia.com\/noticias-de-hidalgo\/2026\/05\/02\/destacan-significado-del-dia-de-la-santa-cruz-y-reconocen-labor-de-albaniles\/","title":{"rendered":"Destacan significado del D\u00eda de la Santa Cruz y reconocen labor de alba\u00f1iles"},"content":{"rendered":"<aside class=\"mashsb-container mashsb-main mashsb-stretched\"><div class=\"mashsb-box\"><div class=\"mashsb-count mash-large\" style=\"float:left\"><div class=\"counts mashsbcount\">0<\/div><span class=\"mashsb-sharetext\">SHARES<\/span><\/div><div class=\"mashsb-buttons\"><a class=\"mashicon-facebook mash-large mash-center mashsb-noshadow\" href=\"https:\/\/www.facebook.com\/sharer.php?u=https%3A%2F%2Fwww.zunoticia.com%2Fnoticias-de-hidalgo%2F2026%2F05%2F02%2Fdestacan-significado-del-dia-de-la-santa-cruz-y-reconocen-labor-de-albaniles%2F\" target=\"_top\" rel=\"nofollow\"><span class=\"icon\"><\/span><span class=\"text\">Share<\/span><\/a><a class=\"mashicon-twitter mash-large mash-center mashsb-noshadow\" href=\"https:\/\/twitter.com\/intent\/tweet?text=&amp;url=https:\/\/www.zunoticia.com\/noticias-de-hidalgo\/2026\/05\/02\/destacan-significado-del-dia-de-la-santa-cruz-y-reconocen-labor-de-albaniles\/\" target=\"_top\" rel=\"nofollow\"><span class=\"icon\"><\/span><span class=\"text\">Tweet<\/span><\/a><div class=\"onoffswitch2 mash-large mashsb-noshadow\" style=\"display:none\"><\/div><\/div>\n            <\/div>\n                <div style=\"clear:both\"><\/div><div class=\"mashsb-toggle-container\"><\/div><\/aside>\n            <!-- Share buttons by mashshare.net - Version: 4.0.47-->\n<p><em>Por Enedino Hern\u00e1ndez \/ Zunoticia<\/em><\/p>\n\n\n\n<p><strong>Huejutla, Hgo<\/strong>.- El sacerdote de la Di\u00f3cesis de Huejutla de Reyes, Jes\u00fas Morf\u00edn Cartagena, destac\u00f3 que el d\u00eda 3 de mayo es una fecha de gran significado, al conmemorarse el D\u00eda de la Santa Cruz, celebraci\u00f3n que tambi\u00e9n reconoce la labor de los alba\u00f1iles.<\/p>\n\n\n\n<p>Se\u00f1al\u00f3 que esta fecha representa una oportunidad para valorar el trabajo de quienes se dedican a la construcci\u00f3n, ya que, dijo, son personas que contribuyen al desarrollo de la sociedad mediante la edificaci\u00f3n de viviendas, puentes y diversas obras \u201cde antemano, una felicitaci\u00f3n a todos los alba\u00f1iles, porque son quienes van construyendo d\u00eda a d\u00eda\u201d.<\/p>\n\n\n\n<p>Asimismo, indic\u00f3 que durante esta celebraci\u00f3n se elevan oraciones por ellos y sus familias, con el prop\u00f3sito de que no les falte el trabajo y contin\u00faen desempe\u00f1ando su labor.<\/p>\n\n\n\n<p>Agreg\u00f3 que diversas Parroquias y comunidades realizan festejos en honor a la Santa Cruz, como es el caso de la Parroquia de Santa Cruz y otras localidades donde esta tradici\u00f3n se mantiene vigente.<\/p>\n\n\n\n<p>En cuanto al significado religioso, explic\u00f3 que la cruz representa el lugar donde muri\u00f3 Jesucristo, quien subray\u00f3 entreg\u00f3 su vida por la humanidad \u201cCristo quiso estar en nuestro lugar para podernos salvar y ayudarnos en nuestra vida\u201d.<\/p>\n\n\n\n<p>Finalmente, Jes\u00fas Morfin Cartagena, reiter\u00f3 que la Cruz simboliza un recordatorio del amor y sacrificio de Cristo, as\u00ed como un llamado a reflexionar sobre los valores fundamentales de la fe.<\/p>\n","protected":false},"excerpt":{"rendered":"<p>Por Enedino Hern\u00e1ndez \/ Zunoticia Huejutla, Hgo.- El sacerdote de la Di\u00f3cesis de Huejutla de Reyes, Jes\u00fas Morf\u00edn Cartagena, destac\u00f3 que el d\u00eda 3 de mayo es una fecha de gran significado, al conmemorarse el D\u00eda de la Santa Cruz, celebraci\u00f3n que tambi\u00e9n reconoce la labor de los alba\u00f1iles. Se\u00f1al\u00f3 que esta fecha representa una&hellip; <a class=\"more-link\" href=\"https:\/\/www.zunoticia.com\/noticias-de-hidalgo\/2026\/05\/02\/destacan-significado-del-dia-de-la-santa-cruz-y-reconocen-labor-de-albaniles\/\">Seguir leyendo <span class=\"screen-reader-text\">Destacan significado del D\u00eda de la Santa Cruz y reconocen labor de alba\u00f1iles<\/span><\/a><\/p>\n","protected":false},"author":20,"featured_media":635460,"comment_status":"open","ping_status":"open","sticky":false,"template":"","format":"standard","meta":{"rop_custom_images_group":[],"rop_custom_messages_group":[],"rop_publish_now":"initial","rop_publish_now_accounts":{"facebook_10159540855086992_322828327761733":""},"rop_publish_now_history":[],"rop_publish_now_status":"pending","footnotes":""},"categories":[181],"tags":[121],"class_list":["post-635459","post","type-post","status-publish","format-standard","has-post-thumbnail","hentry","category-huejutla","tag-huejutla","entry"],"_links":{"self":[{"href":"https:\/\/www.zunoticia.com\/noticias-de-hidalgo\/wp-json\/wp\/v2\/posts\/635459","targetHints":{"allow":["GET"]}}],"collection":[{"href":"https:\/\/www.zunoticia.com\/noticias-de-hidalgo\/wp-json\/wp\/v2\/posts"}],"about":[{"href":"https:\/\/www.zunoticia.com\/noticias-de-hidalgo\/wp-json\/wp\/v2\/types\/post"}],"author":[{"embeddable":true,"href":"https:\/\/www.zunoticia.com\/noticias-de-hidalgo\/wp-json\/wp\/v2\/users\/20"}],"replies":[{"embeddable":true,"href":"https:\/\/www.zunoticia.com\/noticias-de-hidalgo\/wp-json\/wp\/v2\/comments?post=635459"}],"version-history":[{"count":1,"href":"https:\/\/www.zunoticia.com\/noticias-de-hidalgo\/wp-json\/wp\/v2\/posts\/635459\/revisions"}],"predecessor-version":[{"id":635461,"href":"https:\/\/www.zunoticia.com\/noticias-de-hidalgo\/wp-json\/wp\/v2\/posts\/635459\/revisions\/635461"}],"wp:featuredmedia":[{"embeddable":true,"href":"https:\/\/www.zunoticia.com\/noticias-de-hidalgo\/wp-json\/wp\/v2\/media\/635460"}],"wp:attachment":[{"href":"https:\/\/www.zunoticia.com\/noticias-de-hidalgo\/wp-json\/wp\/v2\/media?parent=635459"}],"wp:term":[{"taxonomy":"category","embeddable":true,"href":"https:\/\/www.zunoticia.com\/noticias-de-hidalgo\/wp-json\/wp\/v2\/categories?post=635459"},{"taxonomy":"post_tag","embeddable":true,"href":"https:\/\/www.zunoticia.com\/noticias-de-hidalgo\/wp-json\/wp\/v2\/tags?post=635459"}],"curies":[{"name":"wp","href":"https:\/\/api.w.org\/{rel}","templated":true}]}}