{"id":635502,"date":"2026-05-02T20:57:39","date_gmt":"2026-05-03T02:57:39","guid":{"rendered":"https:\/\/www.zunoticia.com\/noticias-de-hidalgo\/?p=635502"},"modified":"2026-05-02T20:57:40","modified_gmt":"2026-05-03T02:57:40","slug":"vamos-a-exigir-justicia-a-las-autoridades-mago-campa","status":"publish","type":"post","link":"https:\/\/www.zunoticia.com\/noticias-de-hidalgo\/2026\/05\/02\/vamos-a-exigir-justicia-a-las-autoridades-mago-campa\/","title":{"rendered":"Vamos a exigir justicia a las autoridades: Mago Campa"},"content":{"rendered":"<aside class=\"mashsb-container mashsb-main mashsb-stretched\"><div class=\"mashsb-box\"><div class=\"mashsb-count mash-large\" style=\"float:left\"><div class=\"counts mashsbcount\">0<\/div><span class=\"mashsb-sharetext\">SHARES<\/span><\/div><div class=\"mashsb-buttons\"><a class=\"mashicon-facebook mash-large mash-center mashsb-noshadow\" href=\"https:\/\/www.facebook.com\/sharer.php?u=https%3A%2F%2Fwww.zunoticia.com%2Fnoticias-de-hidalgo%2F2026%2F05%2F02%2Fvamos-a-exigir-justicia-a-las-autoridades-mago-campa%2F\" target=\"_top\" rel=\"nofollow\"><span class=\"icon\"><\/span><span class=\"text\">Share<\/span><\/a><a class=\"mashicon-twitter mash-large mash-center mashsb-noshadow\" href=\"https:\/\/twitter.com\/intent\/tweet?text=&amp;url=https:\/\/www.zunoticia.com\/noticias-de-hidalgo\/2026\/05\/02\/vamos-a-exigir-justicia-a-las-autoridades-mago-campa\/\" target=\"_top\" rel=\"nofollow\"><span class=\"icon\"><\/span><span class=\"text\">Tweet<\/span><\/a><div class=\"onoffswitch2 mash-large mashsb-noshadow\" style=\"display:none\"><\/div><\/div>\n            <\/div>\n                <div style=\"clear:both\"><\/div><div class=\"mashsb-toggle-container\"><\/div><\/aside>\n            <!-- Share buttons by mashshare.net - Version: 4.0.47-->\n<ul class=\"wp-block-list\">\n<li>Tras el reciente de caso de maltrato animal sobre la v\u00eda p\u00fablica a un can.<\/li>\n<\/ul>\n\n\n\n<p>Por Karen Rivera\/Zunoticia<\/p>\n\n\n\n<p><strong>Huejutla de Reyes, Hgo.-<\/strong> Nuevamente en el municipio se registr\u00f3 un caso de maltrato animal sobre la v\u00eda p\u00fablica, en esta ocasi\u00f3n, un callejerito arrib\u00f3 hasta las instalaciones de Elektra Motos, en busca de ayuda, lamentablemente, por las quemaduras, el can muri\u00f3.<\/p>\n\n\n\n<p>Estos hechos indignaron a la defensora de animales Mago Campa Campa, qui\u00e9n por a\u00f1os se ha dedicado a la defensa de los animalitos sin hogar, acogi\u00e9ndolos en un predio particular de su propiedad donde les otorga refugio y con la ayuda de ciudadanos, les brinda comida.<\/p>\n\n\n\n<p>A trav\u00e9s de redes sociales, Mago Campa expres\u00f3 su indignaci\u00f3n, porque durante la noche del 1 de mayo, ocurri\u00f3 un hecho ins\u00f3lito.<\/p>\n\n\n\n<figure class=\"wp-block-image size-large\"><img fetchpriority=\"high\" decoding=\"async\" width=\"1024\" height=\"538\" src=\"https:\/\/www.zunoticia.com\/noticias-de-hidalgo\/wp-content\/uploads\/2026\/05\/perrito1-1024x538.jpg\" alt=\"\" class=\"wp-image-635503\" srcset=\"https:\/\/www.zunoticia.com\/noticias-de-hidalgo\/wp-content\/uploads\/2026\/05\/perrito1-1024x538.jpg 1024w, https:\/\/www.zunoticia.com\/noticias-de-hidalgo\/wp-content\/uploads\/2026\/05\/perrito1-300x158.jpg 300w, https:\/\/www.zunoticia.com\/noticias-de-hidalgo\/wp-content\/uploads\/2026\/05\/perrito1-768x403.jpg 768w, https:\/\/www.zunoticia.com\/noticias-de-hidalgo\/wp-content\/uploads\/2026\/05\/perrito1.jpg 1200w\" sizes=\"(max-width: 1024px) 100vw, 1024px\" \/><\/figure>\n\n\n\n<p>Un can deambulaba con llamas en sus patas traseras, provocando la explosi\u00f3n de los test\u00edculos del animal.<\/p>\n\n\n\n<p>En su mensaje Mago Campa expres\u00f3 &#8220;Me siento indignada con mucho coraje, tristeza, porque a alguien se le ocurri\u00f3 lastimar de una manera cruel a un perrito. Todav\u00eda no tenemos datos de qui\u00e9n fue y por qu\u00e9 lo hizo&#8221;.<\/p>\n\n\n\n<p>&#8220;Alguien lo quem\u00f3, le ech\u00f3 lumbre en la parte trasera de sus patitas, de su cola. Unas personas trataron de apagarlo, pero al parecer, hasta sus test\u00edculos le explotaron; muri\u00f3 el perrito y ah\u00ed qued\u00f3 tirado frente a Electra Motos, aqu\u00ed por donde est\u00e1 el ADO&#8221;, cit\u00f3.<\/p>\n\n\n\n<p>&#8220;\u00bfSe imaginan el dolor que el perrito sinti\u00f3? Y la persona anda libre como si nada, burl\u00e1ndose, me imagino que ri\u00e9ndose de lo que hizo, pero se va a investigar hasta dar con la persona o las personas que lo hicieron. Esto no puede quedar as\u00ed, porque si se lo hizo un animalito, se lo puede hacer a una persona, a un ni\u00f1o&#8221;, expres\u00f3.<\/p>\n\n\n\n<figure class=\"wp-block-image size-large\"><img decoding=\"async\" width=\"1024\" height=\"538\" src=\"https:\/\/www.zunoticia.com\/noticias-de-hidalgo\/wp-content\/uploads\/2026\/05\/perrito2-1024x538.jpg\" alt=\"\" class=\"wp-image-635505\" srcset=\"https:\/\/www.zunoticia.com\/noticias-de-hidalgo\/wp-content\/uploads\/2026\/05\/perrito2-1024x538.jpg 1024w, https:\/\/www.zunoticia.com\/noticias-de-hidalgo\/wp-content\/uploads\/2026\/05\/perrito2-300x158.jpg 300w, https:\/\/www.zunoticia.com\/noticias-de-hidalgo\/wp-content\/uploads\/2026\/05\/perrito2-768x403.jpg 768w, https:\/\/www.zunoticia.com\/noticias-de-hidalgo\/wp-content\/uploads\/2026\/05\/perrito2.jpg 1200w\" sizes=\"(max-width: 1024px) 100vw, 1024px\" \/><\/figure>\n\n\n\n<p>Coment\u00f3 que muchos de los callejeritos cuentan con due\u00f1os irresponsables y son los perritos qui\u00e9nes pagan las consecuencias.<\/p>\n\n\n\n<p>&#8220;No es justo lo que les hacen a estos seres indefensos que no tienen voz, que solamente la nuestra. Que nosotros estamos para defenderlo, pero no siempre se puede. Anoche no estuvimos, no hubo quien lo ayudara&#8221;, mencion\u00f3.<\/p>\n\n\n\n<p>&#8220;Fue una forma tan cruel de lastimar a ese perrito. Vamos a exigir a las autoridades, vamos a llegar hasta donde, hasta lo m\u00e1s que se pueda, se va a hacer la denuncia, para que esto ya no siga pasando. Yo creo que es una forma tan inhumana, tan cruel de lastimarlos&#8221;, puntualiz\u00f3.<\/p>\n\n\n\n<p>Finalmente solicit\u00f3 la colaboraci\u00f3n de la ciudadan\u00eda para dar con el presunto responsable y poner la disposici\u00f3n de las autoridades competentes.<\/p>\n","protected":false},"excerpt":{"rendered":"<p>Por Karen Rivera\/Zunoticia Huejutla de Reyes, Hgo.- Nuevamente en el municipio se registr\u00f3 un caso de maltrato animal sobre la v\u00eda p\u00fablica, en esta ocasi\u00f3n, un callejerito arrib\u00f3 hasta las instalaciones de Elektra Motos, en busca de ayuda, lamentablemente, por las quemaduras, el can muri\u00f3. Estos hechos indignaron a la defensora de animales Mago Campa&hellip; <a class=\"more-link\" href=\"https:\/\/www.zunoticia.com\/noticias-de-hidalgo\/2026\/05\/02\/vamos-a-exigir-justicia-a-las-autoridades-mago-campa\/\">Seguir leyendo <span class=\"screen-reader-text\">Vamos a exigir justicia a las autoridades: Mago Campa<\/span><\/a><\/p>\n","protected":false},"author":13,"featured_media":635504,"comment_status":"open","ping_status":"open","sticky":false,"template":"","format":"standard","meta":{"rop_custom_images_group":[],"rop_custom_messages_group":[],"rop_publish_now":"initial","rop_publish_now_accounts":{"facebook_10159540855086992_322828327761733":""},"rop_publish_now_history":[],"rop_publish_now_status":"pending","footnotes":""},"categories":[181],"tags":[121],"class_list":["post-635502","post","type-post","status-publish","format-standard","has-post-thumbnail","hentry","category-huejutla","tag-huejutla","entry"],"_links":{"self":[{"href":"https:\/\/www.zunoticia.com\/noticias-de-hidalgo\/wp-json\/wp\/v2\/posts\/635502","targetHints":{"allow":["GET"]}}],"collection":[{"href":"https:\/\/www.zunoticia.com\/noticias-de-hidalgo\/wp-json\/wp\/v2\/posts"}],"about":[{"href":"https:\/\/www.zunoticia.com\/noticias-de-hidalgo\/wp-json\/wp\/v2\/types\/post"}],"author":[{"embeddable":true,"href":"https:\/\/www.zunoticia.com\/noticias-de-hidalgo\/wp-json\/wp\/v2\/users\/13"}],"replies":[{"embeddable":true,"href":"https:\/\/www.zunoticia.com\/noticias-de-hidalgo\/wp-json\/wp\/v2\/comments?post=635502"}],"version-history":[{"count":1,"href":"https:\/\/www.zunoticia.com\/noticias-de-hidalgo\/wp-json\/wp\/v2\/posts\/635502\/revisions"}],"predecessor-version":[{"id":635506,"href":"https:\/\/www.zunoticia.com\/noticias-de-hidalgo\/wp-json\/wp\/v2\/posts\/635502\/revisions\/635506"}],"wp:featuredmedia":[{"embeddable":true,"href":"https:\/\/www.zunoticia.com\/noticias-de-hidalgo\/wp-json\/wp\/v2\/media\/635504"}],"wp:attachment":[{"href":"https:\/\/www.zunoticia.com\/noticias-de-hidalgo\/wp-json\/wp\/v2\/media?parent=635502"}],"wp:term":[{"taxonomy":"category","embeddable":true,"href":"https:\/\/www.zunoticia.com\/noticias-de-hidalgo\/wp-json\/wp\/v2\/categories?post=635502"},{"taxonomy":"post_tag","embeddable":true,"href":"https:\/\/www.zunoticia.com\/noticias-de-hidalgo\/wp-json\/wp\/v2\/tags?post=635502"}],"curies":[{"name":"wp","href":"https:\/\/api.w.org\/{rel}","templated":true}]}}