{"id":641853,"date":"2026-07-06T14:39:23","date_gmt":"2026-07-06T20:39:23","guid":{"rendered":"https:\/\/www.zunoticia.com\/noticias-de-hidalgo\/?p=641853"},"modified":"2026-07-06T14:39:24","modified_gmt":"2026-07-06T20:39:24","slug":"semarnath-conmemora-el-44-aniversario-del-parque-nacional-el-chico-con-la-plantacion-de-3-mil-500-arboles","status":"publish","type":"post","link":"https:\/\/www.zunoticia.com\/noticias-de-hidalgo\/2026\/07\/06\/semarnath-conmemora-el-44-aniversario-del-parque-nacional-el-chico-con-la-plantacion-de-3-mil-500-arboles\/","title":{"rendered":"Semarnath conmemora el 44 aniversario del Parque Nacional El Chico con la plantaci\u00f3n de 3 mil 500 \u00e1rboles"},"content":{"rendered":"<aside class=\"mashsb-container mashsb-main mashsb-stretched\"><div class=\"mashsb-box\"><div class=\"mashsb-count mash-large\" style=\"&quot;\"><div class=\"counts mashsbcount\">0<\/div><span class=\"mashsb-sharetext\">SHARES<\/span><\/div><div class=\"mashsb-buttons\"><a class=\"mashicon-facebook mash-large mash-center mashsb-noshadow\" href=\"https:\/\/www.facebook.com\/sharer.php?u=https%3A%2F%2Fwww.zunoticia.com%2Fnoticias-de-hidalgo%2F2026%2F07%2F06%2Fsemarnath-conmemora-el-44-aniversario-del-parque-nacional-el-chico-con-la-plantacion-de-3-mil-500-arboles%2F\" target=\"_top\" rel=\"nofollow\"><span class=\"icon\"><\/span><span class=\"text\">Share<\/span><\/a><a class=\"mashicon-twitter mash-large mash-center mashsb-noshadow\" href=\"https:\/\/twitter.com\/intent\/tweet?text=&amp;url=https:\/\/www.zunoticia.com\/noticias-de-hidalgo\/2026\/07\/06\/semarnath-conmemora-el-44-aniversario-del-parque-nacional-el-chico-con-la-plantacion-de-3-mil-500-arboles\/\" target=\"_top\" rel=\"nofollow\"><span class=\"icon\"><\/span><span class=\"text\">Tweet<\/span><\/a><div class=\"onoffswitch2 mash-large mashsb-noshadow\" style=\"display:none\"><\/div><\/div>\n            <\/div>\n                <div style=\"clear:both\"><\/div><div class=\"mashsb-toggle-container\"><\/div><\/aside>\n            <!-- Share buttons by mashshare.net - Version: 4.0.47-->\n<ul class=\"wp-block-list\">\n<li>La tercera fase de reforestaci\u00f3n suma ya 17 mil \u00e1rboles plantados como parte del programa de restauraci\u00f3n del bosque.<\/li>\n<\/ul>\n\n\n\n<p class=\"wp-block-paragraph\"><em>Por Redacci\u00f3n\/Zunoticia<\/em><\/p>\n\n\n\n<p class=\"wp-block-paragraph\"><strong>Pachuca de Soto, Hgo<\/strong>.- En el marco del 44 aniversario del Parque Nacional El Chico, la Secretar\u00eda de Medio Ambiente y Recursos Naturales de Hidalgo (Semarnath) llev\u00f3 a cabo una tercera fase de reforestaci\u00f3n, mediante la cual fueron plantados 3 mil 500 \u00e1rboles en el paraje Cruz de Negro, alcanzando un acumulado de 17 mil ejemplares establecidos como parte del programa integral de restauraci\u00f3n forestal de esta \u00c1rea Natural Protegida.<\/p>\n\n\n\n<p class=\"wp-block-paragraph\">Estas acciones forman parte de la estrategia ambiental impulsada por el gobernador Julio Menchaca Salazar, orientada a fortalecer la restauraci\u00f3n de los ecosistemas forestales, conservar la biodiversidad y proteger el patrimonio natural de Hidalgo a trav\u00e9s de acciones permanentes de recuperaci\u00f3n ambiental y participaci\u00f3n ciudadana.<\/p>\n\n\n\n<p class=\"wp-block-paragraph\">Durante la jornada se dieron cita alrededor de 200 personas, entre brigadistas forestales, personal t\u00e9cnico, instituciones, voluntariado y ciudadan\u00eda, quienes unieron esfuerzos para contribuir a la recuperaci\u00f3n de uno de los bosques m\u00e1s importantes del estado.<\/p>\n\n\n\n<p class=\"wp-block-paragraph\">La secretaria de Medio Ambiente y Recursos Naturales de Hidalgo, M\u00f3nica Patricia Mixtega Trejo, destac\u00f3 que el mejor homenaje para el Parque Nacional El Chico es seguir restaurando sus bosques y fortalecer la corresponsabilidad entre sociedad y gobierno para garantizar su conservaci\u00f3n.<\/p>\n\n\n\n<p class=\"wp-block-paragraph\">El Parque Nacional El Chico fue decretado bajo esta categor\u00eda el 6 de julio de 1982; sin embargo, su historia de conservaci\u00f3n inici\u00f3 d\u00e9cadas antes, convirti\u00e9ndose en la primera \u00c1rea Natural Protegida de M\u00e9xico, un referente nacional en la protecci\u00f3n de los recursos forestales y la biodiversidad.<\/p>\n\n\n\n<figure class=\"wp-block-gallery has-nested-images columns-default is-cropped wp-block-gallery-1 is-layout-flex wp-block-gallery-is-layout-flex\">\n<figure class=\"wp-block-image size-large\"><img fetchpriority=\"high\" decoding=\"async\" width=\"1024\" height=\"538\" data-id=\"641855\" src=\"https:\/\/www.zunoticia.com\/noticias-de-hidalgo\/wp-content\/uploads\/2026\/07\/Zunoticia.com-4-2-1024x538.png\" alt=\"\" class=\"wp-image-641855\" srcset=\"https:\/\/www.zunoticia.com\/noticias-de-hidalgo\/wp-content\/uploads\/2026\/07\/Zunoticia.com-4-2-1024x538.png 1024w, https:\/\/www.zunoticia.com\/noticias-de-hidalgo\/wp-content\/uploads\/2026\/07\/Zunoticia.com-4-2-300x158.png 300w, https:\/\/www.zunoticia.com\/noticias-de-hidalgo\/wp-content\/uploads\/2026\/07\/Zunoticia.com-4-2-768x403.png 768w, https:\/\/www.zunoticia.com\/noticias-de-hidalgo\/wp-content\/uploads\/2026\/07\/Zunoticia.com-4-2.png 1200w\" sizes=\"(max-width: 1024px) 100vw, 1024px\" \/><\/figure>\n\n\n\n<figure class=\"wp-block-image size-large\"><img decoding=\"async\" width=\"1024\" height=\"538\" data-id=\"641856\" src=\"https:\/\/www.zunoticia.com\/noticias-de-hidalgo\/wp-content\/uploads\/2026\/07\/Zunoticia.com-3-8-1024x538.png\" alt=\"\" class=\"wp-image-641856\" srcset=\"https:\/\/www.zunoticia.com\/noticias-de-hidalgo\/wp-content\/uploads\/2026\/07\/Zunoticia.com-3-8-1024x538.png 1024w, https:\/\/www.zunoticia.com\/noticias-de-hidalgo\/wp-content\/uploads\/2026\/07\/Zunoticia.com-3-8-300x158.png 300w, https:\/\/www.zunoticia.com\/noticias-de-hidalgo\/wp-content\/uploads\/2026\/07\/Zunoticia.com-3-8-768x403.png 768w, https:\/\/www.zunoticia.com\/noticias-de-hidalgo\/wp-content\/uploads\/2026\/07\/Zunoticia.com-3-8.png 1200w\" sizes=\"(max-width: 1024px) 100vw, 1024px\" \/><\/figure>\n<\/figure>\n\n\n\n<p class=\"wp-block-paragraph\">A lo largo de estos 44 a\u00f1os, sus bosques de oyamel y encino, su riqueza biol\u00f3gica, formaciones rocosas y condiciones clim\u00e1ticas han permitido conservar un ecosistema estrat\u00e9gico para Hidalgo, fundamental para la captaci\u00f3n de agua, la regulaci\u00f3n del clima y la conservaci\u00f3n de numerosas especies de flora y fauna.<\/p>\n\n\n\n<p class=\"wp-block-paragraph\">La restauraci\u00f3n forestal que actualmente impulsa la Semarnath contribuye a fortalecer estos servicios ambientales, favoreciendo la infiltraci\u00f3n de agua al subsuelo, la captura de carbono, la recuperaci\u00f3n del h\u00e1bitat de diversas especies y el incremento de la resiliencia de los bosques frente a los efectos del cambio clim\u00e1tico.<\/p>\n\n\n\n<p class=\"wp-block-paragraph\">Asimismo, la dependencia hizo un llamado a la ciudadan\u00eda a continuar participando en las acciones de restauraci\u00f3n y protecci\u00f3n de las \u00c1reas Naturales Protegidas, recordando que conservar nuestros bosques significa garantizar agua, biodiversidad y bienestar para las presentes y futuras generaciones.<\/p>\n\n\n\n<p class=\"wp-block-paragraph\">Con esta jornada, el gobierno de Hidalgo reafirma su compromiso con la conservaci\u00f3n del Parque Nacional El Chico, demostrando que la mejor manera de celebrar uno de los mayores s\u00edmbolos ambientales del estado es restaurando y protegiendo el bosque que marc\u00f3 el inicio de la conservaci\u00f3n ambiental en M\u00e9xico.<\/p>\n","protected":false},"excerpt":{"rendered":"<p>Por Redacci\u00f3n\/Zunoticia Pachuca de Soto, Hgo.- En el marco del 44 aniversario del Parque Nacional El Chico, la Secretar\u00eda de Medio Ambiente y Recursos Naturales de Hidalgo (Semarnath) llev\u00f3 a cabo una tercera fase de reforestaci\u00f3n, mediante la cual fueron plantados 3 mil 500 \u00e1rboles en el paraje Cruz de Negro, alcanzando un acumulado de&hellip; <a class=\"more-link\" href=\"https:\/\/www.zunoticia.com\/noticias-de-hidalgo\/2026\/07\/06\/semarnath-conmemora-el-44-aniversario-del-parque-nacional-el-chico-con-la-plantacion-de-3-mil-500-arboles\/\">Seguir leyendo <span class=\"screen-reader-text\">Semarnath conmemora el 44 aniversario del Parque Nacional El Chico con la plantaci\u00f3n de 3 mil 500 \u00e1rboles<\/span><\/a><\/p>\n","protected":false},"author":20,"featured_media":641854,"comment_status":"open","ping_status":"open","sticky":false,"template":"","format":"standard","meta":{"rop_custom_images_group":[],"rop_custom_messages_group":[],"rop_publish_now":"initial","rop_publish_now_accounts":{"facebook_10159540855086992_322828327761733":""},"rop_publish_now_history":[],"rop_publish_now_status":"pending","footnotes":""},"categories":[208],"tags":[214],"class_list":["post-641853","post","type-post","status-publish","format-standard","has-post-thumbnail","hentry","category-estado","tag-estado","entry"],"_links":{"self":[{"href":"https:\/\/www.zunoticia.com\/noticias-de-hidalgo\/wp-json\/wp\/v2\/posts\/641853","targetHints":{"allow":["GET"]}}],"collection":[{"href":"https:\/\/www.zunoticia.com\/noticias-de-hidalgo\/wp-json\/wp\/v2\/posts"}],"about":[{"href":"https:\/\/www.zunoticia.com\/noticias-de-hidalgo\/wp-json\/wp\/v2\/types\/post"}],"author":[{"embeddable":true,"href":"https:\/\/www.zunoticia.com\/noticias-de-hidalgo\/wp-json\/wp\/v2\/users\/20"}],"replies":[{"embeddable":true,"href":"https:\/\/www.zunoticia.com\/noticias-de-hidalgo\/wp-json\/wp\/v2\/comments?post=641853"}],"version-history":[{"count":1,"href":"https:\/\/www.zunoticia.com\/noticias-de-hidalgo\/wp-json\/wp\/v2\/posts\/641853\/revisions"}],"predecessor-version":[{"id":641857,"href":"https:\/\/www.zunoticia.com\/noticias-de-hidalgo\/wp-json\/wp\/v2\/posts\/641853\/revisions\/641857"}],"wp:featuredmedia":[{"embeddable":true,"href":"https:\/\/www.zunoticia.com\/noticias-de-hidalgo\/wp-json\/wp\/v2\/media\/641854"}],"wp:attachment":[{"href":"https:\/\/www.zunoticia.com\/noticias-de-hidalgo\/wp-json\/wp\/v2\/media?parent=641853"}],"wp:term":[{"taxonomy":"category","embeddable":true,"href":"https:\/\/www.zunoticia.com\/noticias-de-hidalgo\/wp-json\/wp\/v2\/categories?post=641853"},{"taxonomy":"post_tag","embeddable":true,"href":"https:\/\/www.zunoticia.com\/noticias-de-hidalgo\/wp-json\/wp\/v2\/tags?post=641853"}],"curies":[{"name":"wp","href":"https:\/\/api.w.org\/{rel}","templated":true}]}}