{"id":643073,"date":"2026-07-19T15:55:22","date_gmt":"2026-07-19T21:55:22","guid":{"rendered":"https:\/\/www.zunoticia.com\/noticias-de-hidalgo\/?p=643073"},"modified":"2026-07-19T15:55:24","modified_gmt":"2026-07-19T21:55:24","slug":"refuerzan-supervision-al-transporte-publico","status":"publish","type":"post","link":"https:\/\/www.zunoticia.com\/noticias-de-hidalgo\/2026\/07\/19\/refuerzan-supervision-al-transporte-publico\/","title":{"rendered":"Refuerzan supervisi\u00f3n al transporte p\u00fablico"},"content":{"rendered":"<aside class=\"mashsb-container mashsb-main mashsb-stretched\"><div class=\"mashsb-box\"><div class=\"mashsb-count mash-large\" style=\"&quot;\"><div class=\"counts mashsbcount\">0<\/div><span class=\"mashsb-sharetext\">SHARES<\/span><\/div><div class=\"mashsb-buttons\"><a class=\"mashicon-facebook mash-large mash-center mashsb-noshadow\" href=\"https:\/\/www.facebook.com\/sharer.php?u=https%3A%2F%2Fwww.zunoticia.com%2Fnoticias-de-hidalgo%2F2026%2F07%2F19%2Frefuerzan-supervision-al-transporte-publico%2F\" target=\"_top\" rel=\"nofollow\"><span class=\"icon\"><\/span><span class=\"text\">Share<\/span><\/a><a class=\"mashicon-twitter mash-large mash-center mashsb-noshadow\" href=\"https:\/\/twitter.com\/intent\/tweet?text=&amp;url=https:\/\/www.zunoticia.com\/noticias-de-hidalgo\/2026\/07\/19\/refuerzan-supervision-al-transporte-publico\/\" target=\"_top\" rel=\"nofollow\"><span class=\"icon\"><\/span><span class=\"text\">Tweet<\/span><\/a><div class=\"onoffswitch2 mash-large mashsb-noshadow\" style=\"display:none\"><\/div><\/div>\n            <\/div>\n                <div style=\"clear:both\"><\/div><div class=\"mashsb-toggle-container\"><\/div><\/aside>\n            <!-- Share buttons by mashshare.net - Version: 4.0.47-->\n<p class=\"wp-block-paragraph\"><em>Por Gabriela Hern\u00e1ndez\/Zunoticia<\/em><\/p>\n\n\n\n<p class=\"wp-block-paragraph\"><strong>Huejutla, Hgo.-<\/strong> El Sistema de Transporte Convencional de Hidalgo mantiene labores permanentes de vigilancia y supervisi\u00f3n en la entidad, con el prop\u00f3sito de garantizar un servicio de transporte p\u00fablico seguro, ordenado y en apego a la normatividad vigente.<\/p>\n\n\n\n<p class=\"wp-block-paragraph\">Como parte de estos trabajos, personal de la Coordinaci\u00f3n de Transporte Regional, a cargo de Omar L\u00f3pez, realiza operativos y recorridos para verificar que las personas conductoras cumplan con las disposiciones establecidas en la Ley de Movilidad y Transporte para el Estado de Hidalgo y su Reglamento, a fin de fortalecer la seguridad, preservar el orden p\u00fablico y mejorar la prestaci\u00f3n del servicio.<\/p>\n\n\n\n<p class=\"wp-block-paragraph\">Las autoridades informaron que estas labores se llevan a cabo de manera permanente y conforme al marco legal vigente, con el objetivo de brindar mayor protecci\u00f3n y certeza a las personas usuarias del transporte p\u00fablico en la entidad.<\/p>\n","protected":false},"excerpt":{"rendered":"<p>Por Gabriela Hern\u00e1ndez\/Zunoticia Huejutla, Hgo.- El Sistema de Transporte Convencional de Hidalgo mantiene labores permanentes de vigilancia y supervisi\u00f3n en la entidad, con el prop\u00f3sito de garantizar un servicio de transporte p\u00fablico seguro, ordenado y en apego a la normatividad vigente. Como parte de estos trabajos, personal de la Coordinaci\u00f3n de Transporte Regional, a cargo&hellip; <a class=\"more-link\" href=\"https:\/\/www.zunoticia.com\/noticias-de-hidalgo\/2026\/07\/19\/refuerzan-supervision-al-transporte-publico\/\">Seguir leyendo <span class=\"screen-reader-text\">Refuerzan supervisi\u00f3n al transporte p\u00fablico<\/span><\/a><\/p>\n","protected":false},"author":12,"featured_media":643056,"comment_status":"open","ping_status":"open","sticky":false,"template":"","format":"standard","meta":{"rop_custom_images_group":[],"rop_custom_messages_group":[],"rop_publish_now":"initial","rop_publish_now_accounts":{"facebook_10159540855086992_322828327761733":""},"rop_publish_now_history":[],"rop_publish_now_status":"pending","footnotes":""},"categories":[181],"tags":[121],"class_list":["post-643073","post","type-post","status-publish","format-standard","has-post-thumbnail","hentry","category-huejutla","tag-huejutla","entry"],"_links":{"self":[{"href":"https:\/\/www.zunoticia.com\/noticias-de-hidalgo\/wp-json\/wp\/v2\/posts\/643073","targetHints":{"allow":["GET"]}}],"collection":[{"href":"https:\/\/www.zunoticia.com\/noticias-de-hidalgo\/wp-json\/wp\/v2\/posts"}],"about":[{"href":"https:\/\/www.zunoticia.com\/noticias-de-hidalgo\/wp-json\/wp\/v2\/types\/post"}],"author":[{"embeddable":true,"href":"https:\/\/www.zunoticia.com\/noticias-de-hidalgo\/wp-json\/wp\/v2\/users\/12"}],"replies":[{"embeddable":true,"href":"https:\/\/www.zunoticia.com\/noticias-de-hidalgo\/wp-json\/wp\/v2\/comments?post=643073"}],"version-history":[{"count":1,"href":"https:\/\/www.zunoticia.com\/noticias-de-hidalgo\/wp-json\/wp\/v2\/posts\/643073\/revisions"}],"predecessor-version":[{"id":643078,"href":"https:\/\/www.zunoticia.com\/noticias-de-hidalgo\/wp-json\/wp\/v2\/posts\/643073\/revisions\/643078"}],"wp:featuredmedia":[{"embeddable":true,"href":"https:\/\/www.zunoticia.com\/noticias-de-hidalgo\/wp-json\/wp\/v2\/media\/643056"}],"wp:attachment":[{"href":"https:\/\/www.zunoticia.com\/noticias-de-hidalgo\/wp-json\/wp\/v2\/media?parent=643073"}],"wp:term":[{"taxonomy":"category","embeddable":true,"href":"https:\/\/www.zunoticia.com\/noticias-de-hidalgo\/wp-json\/wp\/v2\/categories?post=643073"},{"taxonomy":"post_tag","embeddable":true,"href":"https:\/\/www.zunoticia.com\/noticias-de-hidalgo\/wp-json\/wp\/v2\/tags?post=643073"}],"curies":[{"name":"wp","href":"https:\/\/api.w.org\/{rel}","templated":true}]}}