{"id":643090,"date":"2026-07-19T19:44:19","date_gmt":"2026-07-20T01:44:19","guid":{"rendered":"https:\/\/www.zunoticia.com\/noticias-de-hidalgo\/?p=643090"},"modified":"2026-07-19T19:44:21","modified_gmt":"2026-07-20T01:44:21","slug":"hidalgo-destaca-a-nivel-nacional-por-cobertura-y-permanencia-en-educacion-basica","status":"publish","type":"post","link":"https:\/\/www.zunoticia.com\/noticias-de-hidalgo\/2026\/07\/19\/hidalgo-destaca-a-nivel-nacional-por-cobertura-y-permanencia-en-educacion-basica\/","title":{"rendered":"Hidalgo destaca a nivel nacional por cobertura y permanencia en educaci\u00f3n b\u00e1sica"},"content":{"rendered":"<aside class=\"mashsb-container mashsb-main mashsb-stretched\"><div class=\"mashsb-box\"><div class=\"mashsb-count mash-large\" style=\"&quot;\"><div class=\"counts mashsbcount\">0<\/div><span class=\"mashsb-sharetext\">SHARES<\/span><\/div><div class=\"mashsb-buttons\"><a class=\"mashicon-facebook mash-large mash-center mashsb-noshadow\" href=\"https:\/\/www.facebook.com\/sharer.php?u=https%3A%2F%2Fwww.zunoticia.com%2Fnoticias-de-hidalgo%2F2026%2F07%2F19%2Fhidalgo-destaca-a-nivel-nacional-por-cobertura-y-permanencia-en-educacion-basica%2F\" target=\"_top\" rel=\"nofollow\"><span class=\"icon\"><\/span><span class=\"text\">Share<\/span><\/a><a class=\"mashicon-twitter mash-large mash-center mashsb-noshadow\" href=\"https:\/\/twitter.com\/intent\/tweet?text=&amp;url=https:\/\/www.zunoticia.com\/noticias-de-hidalgo\/2026\/07\/19\/hidalgo-destaca-a-nivel-nacional-por-cobertura-y-permanencia-en-educacion-basica\/\" target=\"_top\" rel=\"nofollow\"><span class=\"icon\"><\/span><span class=\"text\">Tweet<\/span><\/a><div class=\"onoffswitch2 mash-large mashsb-noshadow\" style=\"display:none\"><\/div><\/div>\n            <\/div>\n                <div style=\"clear:both\"><\/div><div class=\"mashsb-toggle-container\"><\/div><\/aside>\n            <!-- Share buttons by mashshare.net - Version: 4.0.47-->\n<ul class=\"wp-block-list\">\n<li>La entidad se ubic\u00f3 entre los primeros lugares del pa\u00eds en cobertura de secundaria y eficiencia terminal de primaria y secundaria<\/li>\n<\/ul>\n\n\n\n<p class=\"wp-block-paragraph\"><em>Por Redacci\u00f3n\/Zunoticia<\/em><\/p>\n\n\n\n<p class=\"wp-block-paragraph\"><strong>Pachuca de Soto, Hgo<\/strong><strong>.-<\/strong> Como resultado de la pol\u00edtica educativa que impulsa el gobernador Julio Menchaca Salazar para garantizar una educaci\u00f3n con igualdad de oportunidades para todas y todos, Hidalgo se consolida entre los estados con mejores resultados del pa\u00eds en cobertura y eficiencia terminal de educaci\u00f3n b\u00e1sica, inform\u00f3 el secretario de Educaci\u00f3n P\u00fablica de Hidalgo, Natividad Castrej\u00f3n Valdez.<\/p>\n\n\n\n<figure class=\"wp-block-image size-large\"><img fetchpriority=\"high\" decoding=\"async\" width=\"1024\" height=\"682\" src=\"https:\/\/www.zunoticia.com\/noticias-de-hidalgo\/wp-content\/uploads\/2026\/07\/eZy-Watermark_19-07-2026_07-13-34-9220p.m-1024x682.jpg\" alt=\"\" class=\"wp-image-643093\" srcset=\"https:\/\/www.zunoticia.com\/noticias-de-hidalgo\/wp-content\/uploads\/2026\/07\/eZy-Watermark_19-07-2026_07-13-34-9220p.m-1024x682.jpg 1024w, https:\/\/www.zunoticia.com\/noticias-de-hidalgo\/wp-content\/uploads\/2026\/07\/eZy-Watermark_19-07-2026_07-13-34-9220p.m-300x200.jpg 300w, https:\/\/www.zunoticia.com\/noticias-de-hidalgo\/wp-content\/uploads\/2026\/07\/eZy-Watermark_19-07-2026_07-13-34-9220p.m-768x512.jpg 768w, https:\/\/www.zunoticia.com\/noticias-de-hidalgo\/wp-content\/uploads\/2026\/07\/eZy-Watermark_19-07-2026_07-13-34-9220p.m-1536x1023.jpg 1536w, https:\/\/www.zunoticia.com\/noticias-de-hidalgo\/wp-content\/uploads\/2026\/07\/eZy-Watermark_19-07-2026_07-13-34-9220p.m-1568x1045.jpg 1568w, https:\/\/www.zunoticia.com\/noticias-de-hidalgo\/wp-content\/uploads\/2026\/07\/eZy-Watermark_19-07-2026_07-13-34-9220p.m.jpg 1600w\" sizes=\"(max-width: 1024px) 100vw, 1024px\" \/><\/figure>\n\n\n\n<p class=\"wp-block-paragraph\">El titular de la Secretar\u00eda de Educaci\u00f3n P\u00fablica de Hidalgo (SEPH) destac\u00f3 que la entidad ocupa el quinto lugar nacional en cobertura, con un 96.7 por ciento, lo que significa que 97 de cada 100 adolescentes en edad de cursar la secundaria se encuentran estudiando, resultado del compromiso de la actual administraci\u00f3n por ampliar el acceso y la permanencia en las aulas.<\/p>\n\n\n\n<figure class=\"wp-block-image size-large\"><img decoding=\"async\" width=\"1024\" height=\"682\" src=\"https:\/\/www.zunoticia.com\/noticias-de-hidalgo\/wp-content\/uploads\/2026\/07\/eZy-Watermark_19-07-2026_07-13-48-0860p.m-1024x682.jpg\" alt=\"\" class=\"wp-image-643094\" srcset=\"https:\/\/www.zunoticia.com\/noticias-de-hidalgo\/wp-content\/uploads\/2026\/07\/eZy-Watermark_19-07-2026_07-13-48-0860p.m-1024x682.jpg 1024w, https:\/\/www.zunoticia.com\/noticias-de-hidalgo\/wp-content\/uploads\/2026\/07\/eZy-Watermark_19-07-2026_07-13-48-0860p.m-300x200.jpg 300w, https:\/\/www.zunoticia.com\/noticias-de-hidalgo\/wp-content\/uploads\/2026\/07\/eZy-Watermark_19-07-2026_07-13-48-0860p.m-768x512.jpg 768w, https:\/\/www.zunoticia.com\/noticias-de-hidalgo\/wp-content\/uploads\/2026\/07\/eZy-Watermark_19-07-2026_07-13-48-0860p.m-1536x1023.jpg 1536w, https:\/\/www.zunoticia.com\/noticias-de-hidalgo\/wp-content\/uploads\/2026\/07\/eZy-Watermark_19-07-2026_07-13-48-0860p.m-1568x1045.jpg 1568w, https:\/\/www.zunoticia.com\/noticias-de-hidalgo\/wp-content\/uploads\/2026\/07\/eZy-Watermark_19-07-2026_07-13-48-0860p.m.jpg 1600w\" sizes=\"(max-width: 1024px) 100vw, 1024px\" \/><\/figure>\n\n\n\n<p class=\"wp-block-paragraph\">Natividad Castrej\u00f3n se\u00f1al\u00f3 que Hidalgo tambi\u00e9n registra avances importantes en eficiencia terminal, indicador que refleja la capacidad del sistema educativo para que las y los estudiantes concluyan oportunamente su educaci\u00f3n b\u00e1sica.<\/p>\n\n\n\n<figure class=\"wp-block-image size-large\"><img decoding=\"async\" width=\"1024\" height=\"682\" src=\"https:\/\/www.zunoticia.com\/noticias-de-hidalgo\/wp-content\/uploads\/2026\/07\/eZy-Watermark_19-07-2026_07-14-03-6340p.m-1024x682.jpg\" alt=\"\" class=\"wp-image-643091\" srcset=\"https:\/\/www.zunoticia.com\/noticias-de-hidalgo\/wp-content\/uploads\/2026\/07\/eZy-Watermark_19-07-2026_07-14-03-6340p.m-1024x682.jpg 1024w, https:\/\/www.zunoticia.com\/noticias-de-hidalgo\/wp-content\/uploads\/2026\/07\/eZy-Watermark_19-07-2026_07-14-03-6340p.m-300x200.jpg 300w, https:\/\/www.zunoticia.com\/noticias-de-hidalgo\/wp-content\/uploads\/2026\/07\/eZy-Watermark_19-07-2026_07-14-03-6340p.m-768x512.jpg 768w, https:\/\/www.zunoticia.com\/noticias-de-hidalgo\/wp-content\/uploads\/2026\/07\/eZy-Watermark_19-07-2026_07-14-03-6340p.m-1536x1023.jpg 1536w, https:\/\/www.zunoticia.com\/noticias-de-hidalgo\/wp-content\/uploads\/2026\/07\/eZy-Watermark_19-07-2026_07-14-03-6340p.m-1568x1045.jpg 1568w, https:\/\/www.zunoticia.com\/noticias-de-hidalgo\/wp-content\/uploads\/2026\/07\/eZy-Watermark_19-07-2026_07-14-03-6340p.m.jpg 1600w\" sizes=\"(max-width: 1024px) 100vw, 1024px\" \/><\/figure>\n\n\n\n<p class=\"wp-block-paragraph\">Explic\u00f3 que en primaria la entidad alcanz\u00f3 una eficiencia terminal del 100 por ciento, lo que la ubica en el sexto lugar nacional, mientras que en secundaria registr\u00f3 una eficiencia terminal del 93.4 por ciento, posicion\u00e1ndose en el cuarto lugar del pa\u00eds.<\/p>\n\n\n\n<p class=\"wp-block-paragraph\"><a><\/a>El secretario destac\u00f3 que estos resultados reflejan el esfuerzo conjunto de docentes, directivos, madres y padres de familia, as\u00ed como de las comunidades escolares, cuyo compromiso ha permitido que cada vez m\u00e1s ni\u00f1as, ni\u00f1os y adolescentes ingresen, permanezcan y concluyan su educaci\u00f3n b\u00e1sica.<\/p>\n\n\n\n<p class=\"wp-block-paragraph\">\u201cLa visi\u00f3n del gobernador Julio Menchaca es consolidar un sistema educativo donde ninguna ni\u00f1a, ni\u00f1o o adolescente se quede sin la oportunidad de estudiar y concluir su educaci\u00f3n b\u00e1sica. Estos resultados confirman que Hidalgo avanza con paso firme para garantizar ese derecho y ofrecer mayores oportunidades de desarrollo a las nuevas generaciones&#8221;, destac\u00f3 Natividad Castrej\u00f3n.<\/p>\n\n\n\n<p class=\"wp-block-paragraph\">Con estos resultados, Hidalgo se consolida como un referente nacional en cobertura y permanencia escolar, en concordancia con la pol\u00edtica educativa que impulsa el Gobierno del Estado a trav\u00e9s de la SEPH para ofrecer una educaci\u00f3n de excelencia, incluyente y con igualdad de oportunidades.<\/p>\n","protected":false},"excerpt":{"rendered":"<p>Por Redacci\u00f3n\/Zunoticia Pachuca de Soto, Hgo.- Como resultado de la pol\u00edtica educativa que impulsa el gobernador Julio Menchaca Salazar para garantizar una educaci\u00f3n con igualdad de oportunidades para todas y todos, Hidalgo se consolida entre los estados con mejores resultados del pa\u00eds en cobertura y eficiencia terminal de educaci\u00f3n b\u00e1sica, inform\u00f3 el secretario de Educaci\u00f3n&hellip; <a class=\"more-link\" href=\"https:\/\/www.zunoticia.com\/noticias-de-hidalgo\/2026\/07\/19\/hidalgo-destaca-a-nivel-nacional-por-cobertura-y-permanencia-en-educacion-basica\/\">Seguir leyendo <span class=\"screen-reader-text\">Hidalgo destaca a nivel nacional por cobertura y permanencia en educaci\u00f3n b\u00e1sica<\/span><\/a><\/p>\n","protected":false},"author":12,"featured_media":643092,"comment_status":"open","ping_status":"open","sticky":false,"template":"","format":"standard","meta":{"rop_custom_images_group":[],"rop_custom_messages_group":[],"rop_publish_now":"initial","rop_publish_now_accounts":{"facebook_10159540855086992_322828327761733":""},"rop_publish_now_history":[],"rop_publish_now_status":"pending","footnotes":""},"categories":[208],"tags":[214],"class_list":["post-643090","post","type-post","status-publish","format-standard","has-post-thumbnail","hentry","category-estado","tag-estado","entry"],"_links":{"self":[{"href":"https:\/\/www.zunoticia.com\/noticias-de-hidalgo\/wp-json\/wp\/v2\/posts\/643090","targetHints":{"allow":["GET"]}}],"collection":[{"href":"https:\/\/www.zunoticia.com\/noticias-de-hidalgo\/wp-json\/wp\/v2\/posts"}],"about":[{"href":"https:\/\/www.zunoticia.com\/noticias-de-hidalgo\/wp-json\/wp\/v2\/types\/post"}],"author":[{"embeddable":true,"href":"https:\/\/www.zunoticia.com\/noticias-de-hidalgo\/wp-json\/wp\/v2\/users\/12"}],"replies":[{"embeddable":true,"href":"https:\/\/www.zunoticia.com\/noticias-de-hidalgo\/wp-json\/wp\/v2\/comments?post=643090"}],"version-history":[{"count":1,"href":"https:\/\/www.zunoticia.com\/noticias-de-hidalgo\/wp-json\/wp\/v2\/posts\/643090\/revisions"}],"predecessor-version":[{"id":643099,"href":"https:\/\/www.zunoticia.com\/noticias-de-hidalgo\/wp-json\/wp\/v2\/posts\/643090\/revisions\/643099"}],"wp:featuredmedia":[{"embeddable":true,"href":"https:\/\/www.zunoticia.com\/noticias-de-hidalgo\/wp-json\/wp\/v2\/media\/643092"}],"wp:attachment":[{"href":"https:\/\/www.zunoticia.com\/noticias-de-hidalgo\/wp-json\/wp\/v2\/media?parent=643090"}],"wp:term":[{"taxonomy":"category","embeddable":true,"href":"https:\/\/www.zunoticia.com\/noticias-de-hidalgo\/wp-json\/wp\/v2\/categories?post=643090"},{"taxonomy":"post_tag","embeddable":true,"href":"https:\/\/www.zunoticia.com\/noticias-de-hidalgo\/wp-json\/wp\/v2\/tags?post=643090"}],"curies":[{"name":"wp","href":"https:\/\/api.w.org\/{rel}","templated":true}]}}