{"id":643706,"date":"2026-07-26T14:19:02","date_gmt":"2026-07-26T20:19:02","guid":{"rendered":"https:\/\/www.zunoticia.com\/noticias-de-hidalgo\/?p=643706"},"modified":"2026-07-26T14:19:03","modified_gmt":"2026-07-26T20:19:03","slug":"el-turismo-de-hidalgo-brilla-en-el-festival-internacional-de-las-luciernagas","status":"publish","type":"post","link":"https:\/\/www.zunoticia.com\/noticias-de-hidalgo\/2026\/07\/26\/el-turismo-de-hidalgo-brilla-en-el-festival-internacional-de-las-luciernagas\/","title":{"rendered":"El turismo de Hidalgo brilla en el Festival Internacional de las Luci\u00e9rnagas"},"content":{"rendered":"<aside class=\"mashsb-container mashsb-main mashsb-stretched\"><div class=\"mashsb-box\"><div class=\"mashsb-count mash-large\" style=\"&quot;\"><div class=\"counts mashsbcount\">0<\/div><span class=\"mashsb-sharetext\">SHARES<\/span><\/div><div class=\"mashsb-buttons\"><a class=\"mashicon-facebook mash-large mash-center mashsb-noshadow\" href=\"https:\/\/www.facebook.com\/sharer.php?u=https%3A%2F%2Fwww.zunoticia.com%2Fnoticias-de-hidalgo%2F2026%2F07%2F26%2Fel-turismo-de-hidalgo-brilla-en-el-festival-internacional-de-las-luciernagas%2F\" target=\"_top\" rel=\"nofollow\"><span class=\"icon\"><\/span><span class=\"text\">Share<\/span><\/a><a class=\"mashicon-twitter mash-large mash-center mashsb-noshadow\" href=\"https:\/\/twitter.com\/intent\/tweet?text=&amp;url=https:\/\/www.zunoticia.com\/noticias-de-hidalgo\/2026\/07\/26\/el-turismo-de-hidalgo-brilla-en-el-festival-internacional-de-las-luciernagas\/\" target=\"_top\" rel=\"nofollow\"><span class=\"icon\"><\/span><span class=\"text\">Tweet<\/span><\/a><div class=\"onoffswitch2 mash-large mashsb-noshadow\" style=\"display:none\"><\/div><\/div>\n            <\/div>\n                <div style=\"clear:both\"><\/div><div class=\"mashsb-toggle-container\"><\/div><\/aside>\n            <!-- Share buttons by mashshare.net - Version: 4.0.47-->\n<p class=\"wp-block-paragraph\"><em>Por Redacci\u00f3n\/Zunoticia<\/em><\/p>\n\n\n\n<p class=\"wp-block-paragraph\"><strong>Amecameca, Mex.-<\/strong> La secretaria de Turismo del Estado de Hidalgo, Elizabeth Quintanar G\u00f3mez, asisti\u00f3 a la inauguraci\u00f3n de la sexta edici\u00f3n del Festival Internacional de las Luci\u00e9rnagas 2026, que se realiz\u00f3 del 24 al 26 de julio en la Regi\u00f3n de los Volcanes del Estado de M\u00e9xico, para reafirmar su compromiso de fortalecer las alianzas con estados vecinos e impulsar la promoci\u00f3n conjunta de sus atractivos, acci\u00f3n que se alinea con la estrategia de gobernador Julio Menchaca Salazar de consolidar a Hidalgo como una potencia tur\u00edstica.<\/p>\n\n\n\n<figure class=\"wp-block-image size-large\"><img fetchpriority=\"high\" decoding=\"async\" width=\"1024\" height=\"768\" src=\"https:\/\/www.zunoticia.com\/noticias-de-hidalgo\/wp-content\/uploads\/2026\/07\/eZy-Watermark_26-07-2026_02-07-05-8580p.m-1024x768.jpg\" alt=\"\" class=\"wp-image-643697\" srcset=\"https:\/\/www.zunoticia.com\/noticias-de-hidalgo\/wp-content\/uploads\/2026\/07\/eZy-Watermark_26-07-2026_02-07-05-8580p.m-1024x768.jpg 1024w, https:\/\/www.zunoticia.com\/noticias-de-hidalgo\/wp-content\/uploads\/2026\/07\/eZy-Watermark_26-07-2026_02-07-05-8580p.m-300x225.jpg 300w, https:\/\/www.zunoticia.com\/noticias-de-hidalgo\/wp-content\/uploads\/2026\/07\/eZy-Watermark_26-07-2026_02-07-05-8580p.m-768x576.jpg 768w, https:\/\/www.zunoticia.com\/noticias-de-hidalgo\/wp-content\/uploads\/2026\/07\/eZy-Watermark_26-07-2026_02-07-05-8580p.m.jpg 1280w\" sizes=\"(max-width: 1024px) 100vw, 1024px\" \/><\/figure>\n\n\n\n<p class=\"wp-block-paragraph\">Con la presencia de la gobernadora Delfina G\u00f3mez \u00c1lvarez, la secretaria de Cultura y Turismo, Nelly Carrasco God\u00ednez, as\u00ed como el embajador de la India en M\u00e9xico, Pankaj Sharma, la funcionaria hidalguense celebr\u00f3 la iniciativa de realizar este festival, con sede en los municipios de Amecameca, Tlalmanalco y Ecatzingo, donde las y los asistentes pudieron disfrutar de una amplia oferta cultural, gastron\u00f3mica y artesanal, adem\u00e1s de recorridos nocturnos para el avistamiento de luci\u00e9rnagas en los ecoparques de la regi\u00f3n.<\/p>\n\n\n\n<figure class=\"wp-block-image size-large\"><img decoding=\"async\" width=\"1024\" height=\"768\" src=\"https:\/\/www.zunoticia.com\/noticias-de-hidalgo\/wp-content\/uploads\/2026\/07\/eZy-Watermark_26-07-2026_01-39-05-5460p.m-1024x768.jpg\" alt=\"\" class=\"wp-image-643698\" srcset=\"https:\/\/www.zunoticia.com\/noticias-de-hidalgo\/wp-content\/uploads\/2026\/07\/eZy-Watermark_26-07-2026_01-39-05-5460p.m-1024x768.jpg 1024w, https:\/\/www.zunoticia.com\/noticias-de-hidalgo\/wp-content\/uploads\/2026\/07\/eZy-Watermark_26-07-2026_01-39-05-5460p.m-300x225.jpg 300w, https:\/\/www.zunoticia.com\/noticias-de-hidalgo\/wp-content\/uploads\/2026\/07\/eZy-Watermark_26-07-2026_01-39-05-5460p.m-768x576.jpg 768w, https:\/\/www.zunoticia.com\/noticias-de-hidalgo\/wp-content\/uploads\/2026\/07\/eZy-Watermark_26-07-2026_01-39-05-5460p.m.jpg 1280w\" sizes=\"(max-width: 1024px) 100vw, 1024px\" \/><\/figure>\n\n\n\n<figure class=\"wp-block-image size-large\"><img decoding=\"async\" width=\"1024\" height=\"768\" src=\"https:\/\/www.zunoticia.com\/noticias-de-hidalgo\/wp-content\/uploads\/2026\/07\/eZy-Watermark_26-07-2026_01-42-11-4020p.m-1024x768.jpg\" alt=\"\" class=\"wp-image-643699\" srcset=\"https:\/\/www.zunoticia.com\/noticias-de-hidalgo\/wp-content\/uploads\/2026\/07\/eZy-Watermark_26-07-2026_01-42-11-4020p.m-1024x768.jpg 1024w, https:\/\/www.zunoticia.com\/noticias-de-hidalgo\/wp-content\/uploads\/2026\/07\/eZy-Watermark_26-07-2026_01-42-11-4020p.m-300x225.jpg 300w, https:\/\/www.zunoticia.com\/noticias-de-hidalgo\/wp-content\/uploads\/2026\/07\/eZy-Watermark_26-07-2026_01-42-11-4020p.m-768x576.jpg 768w, https:\/\/www.zunoticia.com\/noticias-de-hidalgo\/wp-content\/uploads\/2026\/07\/eZy-Watermark_26-07-2026_01-42-11-4020p.m.jpg 1280w\" sizes=\"(max-width: 1024px) 100vw, 1024px\" \/><\/figure>\n","protected":false},"excerpt":{"rendered":"<p>Por Redacci\u00f3n\/Zunoticia Amecameca, Mex.- La secretaria de Turismo del Estado de Hidalgo, Elizabeth Quintanar G\u00f3mez, asisti\u00f3 a la inauguraci\u00f3n de la sexta edici\u00f3n del Festival Internacional de las Luci\u00e9rnagas 2026, que se realiz\u00f3 del 24 al 26 de julio en la Regi\u00f3n de los Volcanes del Estado de M\u00e9xico, para reafirmar su compromiso de fortalecer&hellip; <a class=\"more-link\" href=\"https:\/\/www.zunoticia.com\/noticias-de-hidalgo\/2026\/07\/26\/el-turismo-de-hidalgo-brilla-en-el-festival-internacional-de-las-luciernagas\/\">Seguir leyendo <span class=\"screen-reader-text\">El turismo de Hidalgo brilla en el Festival Internacional de las Luci\u00e9rnagas<\/span><\/a><\/p>\n","protected":false},"author":12,"featured_media":643700,"comment_status":"open","ping_status":"open","sticky":false,"template":"","format":"standard","meta":{"rop_custom_images_group":[],"rop_custom_messages_group":[],"rop_publish_now":"initial","rop_publish_now_accounts":{"facebook_10159540855086992_322828327761733":""},"rop_publish_now_history":[],"rop_publish_now_status":"pending","footnotes":""},"categories":[208],"tags":[214],"class_list":["post-643706","post","type-post","status-publish","format-standard","has-post-thumbnail","hentry","category-estado","tag-estado","entry"],"_links":{"self":[{"href":"https:\/\/www.zunoticia.com\/noticias-de-hidalgo\/wp-json\/wp\/v2\/posts\/643706","targetHints":{"allow":["GET"]}}],"collection":[{"href":"https:\/\/www.zunoticia.com\/noticias-de-hidalgo\/wp-json\/wp\/v2\/posts"}],"about":[{"href":"https:\/\/www.zunoticia.com\/noticias-de-hidalgo\/wp-json\/wp\/v2\/types\/post"}],"author":[{"embeddable":true,"href":"https:\/\/www.zunoticia.com\/noticias-de-hidalgo\/wp-json\/wp\/v2\/users\/12"}],"replies":[{"embeddable":true,"href":"https:\/\/www.zunoticia.com\/noticias-de-hidalgo\/wp-json\/wp\/v2\/comments?post=643706"}],"version-history":[{"count":1,"href":"https:\/\/www.zunoticia.com\/noticias-de-hidalgo\/wp-json\/wp\/v2\/posts\/643706\/revisions"}],"predecessor-version":[{"id":643707,"href":"https:\/\/www.zunoticia.com\/noticias-de-hidalgo\/wp-json\/wp\/v2\/posts\/643706\/revisions\/643707"}],"wp:featuredmedia":[{"embeddable":true,"href":"https:\/\/www.zunoticia.com\/noticias-de-hidalgo\/wp-json\/wp\/v2\/media\/643700"}],"wp:attachment":[{"href":"https:\/\/www.zunoticia.com\/noticias-de-hidalgo\/wp-json\/wp\/v2\/media?parent=643706"}],"wp:term":[{"taxonomy":"category","embeddable":true,"href":"https:\/\/www.zunoticia.com\/noticias-de-hidalgo\/wp-json\/wp\/v2\/categories?post=643706"},{"taxonomy":"post_tag","embeddable":true,"href":"https:\/\/www.zunoticia.com\/noticias-de-hidalgo\/wp-json\/wp\/v2\/tags?post=643706"}],"curies":[{"name":"wp","href":"https:\/\/api.w.org\/{rel}","templated":true}]}}