{"id":643733,"date":"2026-07-26T19:01:06","date_gmt":"2026-07-27T01:01:06","guid":{"rendered":"https:\/\/www.zunoticia.com\/noticias-de-hidalgo\/?p=643733"},"modified":"2026-07-26T19:01:07","modified_gmt":"2026-07-27T01:01:07","slug":"la-feria-del-libro-infantil-y-juvenil-se-internacionaliza-y-extiende-la-cultura-a-12-municipios","status":"publish","type":"post","link":"https:\/\/www.zunoticia.com\/noticias-de-hidalgo\/2026\/07\/26\/la-feria-del-libro-infantil-y-juvenil-se-internacionaliza-y-extiende-la-cultura-a-12-municipios\/","title":{"rendered":"La Feria del Libro Infantil y Juvenil se internacionaliza y extiende la cultura a 12 municipios"},"content":{"rendered":"<aside class=\"mashsb-container mashsb-main mashsb-stretched\"><div class=\"mashsb-box\"><div class=\"mashsb-count mash-large\" style=\"&quot;\"><div class=\"counts mashsbcount\">0<\/div><span class=\"mashsb-sharetext\">SHARES<\/span><\/div><div class=\"mashsb-buttons\"><a class=\"mashicon-facebook mash-large mash-center mashsb-noshadow\" href=\"https:\/\/www.facebook.com\/sharer.php?u=https%3A%2F%2Fwww.zunoticia.com%2Fnoticias-de-hidalgo%2F2026%2F07%2F26%2Fla-feria-del-libro-infantil-y-juvenil-se-internacionaliza-y-extiende-la-cultura-a-12-municipios%2F\" target=\"_top\" rel=\"nofollow\"><span class=\"icon\"><\/span><span class=\"text\">Share<\/span><\/a><a class=\"mashicon-twitter mash-large mash-center mashsb-noshadow\" href=\"https:\/\/twitter.com\/intent\/tweet?text=&amp;url=https:\/\/www.zunoticia.com\/noticias-de-hidalgo\/2026\/07\/26\/la-feria-del-libro-infantil-y-juvenil-se-internacionaliza-y-extiende-la-cultura-a-12-municipios\/\" target=\"_top\" rel=\"nofollow\"><span class=\"icon\"><\/span><span class=\"text\">Tweet<\/span><\/a><div class=\"onoffswitch2 mash-large mashsb-noshadow\" style=\"display:none\"><\/div><\/div>\n            <\/div>\n                <div style=\"clear:both\"><\/div><div class=\"mashsb-toggle-container\"><\/div><\/aside>\n            <!-- Share buttons by mashshare.net - Version: 4.0.47-->\n<ul class=\"wp-block-list\">\n<li>M\u00e1s de 200 actividades y creadores de 10 pa\u00edses participar\u00e1n en la edici\u00f3n 2026.<\/li>\n\n\n\n<li>Puebla y Quer\u00e9taro ser\u00e1n los estados invitados a esta fiesta literaria.<\/li>\n\n\n\n<li>La programaci\u00f3n llegar\u00e1 a la Huasteca, la regi\u00f3n Otom\u00ed-Tepehua y la Sierra Gorda.<\/li>\n<\/ul>\n\n\n\n<p class=\"wp-block-paragraph\"><em>Por Redacci\u00f3n\/Zunoticia<\/em><\/p>\n\n\n\n<p class=\"wp-block-paragraph\"><strong>Pachuca de Soto, Hgo.-<\/strong> Con una oferta que trasciende fronteras, Hidalgo celebrar\u00e1 del 31 de julio al 9 de agosto en Pachuca, su primera Feria Internacional del Libro Infantil y Juvenil 2026, con una programaci\u00f3n que reunir\u00e1 m\u00e1s de 200 actividades y la participaci\u00f3n de creadores y escritores provenientes de 10 pa\u00edses, adem\u00e1s de los estados invitados de Puebla y Quer\u00e9taro.<\/p>\n\n\n\n<p class=\"wp-block-paragraph\">As\u00ed lo dio a conocer la secretaria de Cultura, Neyda Naranjo Baltazar, quien destac\u00f3 que esta transformaci\u00f3n responde a la visi\u00f3n del gobernador Julio Menchaca Salazar de garantizar el acceso a la cultura como un derecho y construir una pol\u00edtica p\u00fablica que descentralice y deselitice el arte, de manera que sus beneficios lleguen a todas las regiones de la entidad.<\/p>\n\n\n\n<p class=\"wp-block-paragraph\">\u201cHidalgo merece tener una feria de talla internacional\u201d, se\u00f1al\u00f3 la funcionaria, al recordar que el proceso de internacionalizaci\u00f3n comenz\u00f3 en 2024 con Cuba como pa\u00eds invitado y continu\u00f3 en 2025 con Colombia, para que en esta edici\u00f3n se incorporen creadores y escritores de 10 pa\u00edses.<\/p>\n\n\n<div class=\"wp-block-image\">\n<figure class=\"aligncenter size-large\"><img fetchpriority=\"high\" decoding=\"async\" width=\"682\" height=\"1024\" src=\"https:\/\/www.zunoticia.com\/noticias-de-hidalgo\/wp-content\/uploads\/2026\/07\/eZy-Watermark_26-07-2026_06-31-34-7980p.m-682x1024.jpg\" alt=\"\" class=\"wp-image-643725\" srcset=\"https:\/\/www.zunoticia.com\/noticias-de-hidalgo\/wp-content\/uploads\/2026\/07\/eZy-Watermark_26-07-2026_06-31-34-7980p.m-682x1024.jpg 682w, https:\/\/www.zunoticia.com\/noticias-de-hidalgo\/wp-content\/uploads\/2026\/07\/eZy-Watermark_26-07-2026_06-31-34-7980p.m-200x300.jpg 200w, https:\/\/www.zunoticia.com\/noticias-de-hidalgo\/wp-content\/uploads\/2026\/07\/eZy-Watermark_26-07-2026_06-31-34-7980p.m-768x1153.jpg 768w, https:\/\/www.zunoticia.com\/noticias-de-hidalgo\/wp-content\/uploads\/2026\/07\/eZy-Watermark_26-07-2026_06-31-34-7980p.m-1023x1536.jpg 1023w, https:\/\/www.zunoticia.com\/noticias-de-hidalgo\/wp-content\/uploads\/2026\/07\/eZy-Watermark_26-07-2026_06-31-34-7980p.m.jpg 1066w\" sizes=\"(max-width: 682px) 100vw, 682px\" \/><\/figure>\n<\/div>\n\n\n<p class=\"wp-block-paragraph\">La feria ofrecer\u00e1 presentaciones de libros, talleres de narraci\u00f3n oral, actividades impartidas por creadores, lecturas en voz alta, cuentacuentos, espect\u00e1culos esc\u00e9nicos y presentaciones art\u00edsticas. Tambi\u00e9n se realizar\u00e1 la entrega de los premios estatales de Cuento \u201cRicardo Garibay\u201d, de Poes\u00eda \u201cEfr\u00e9n Rebolledo\u201d y el de traducci\u00f3n literaria \u201cMargarita Michelena\u201d.<\/p>\n\n\n\n<p class=\"wp-block-paragraph\">La sede principal ser\u00e1 la Biblioteca Central Ricardo Garibay ubicada en el Parque Cultural Hidalguense, as\u00ed como el Foro Hidalgo, que albergar\u00e1 las presentaciones art\u00edsticas.<\/p>\n\n\n\n<p class=\"wp-block-paragraph\">El cambio de sede \u2014anteriormente se ubicaba en el Centro Cultural del Ferrocarril\u2014, permitir\u00e1 recibir a un mayor n\u00famero de visitantes, por lo que se estima una afluencia superior a 28 mil asistentes.<\/p>\n\n\n\n<p class=\"wp-block-paragraph\"><strong>Una feria que sale de la capital<\/strong><\/p>\n\n\n\n<p class=\"wp-block-paragraph\">Uno de los principales distintivos de esta edici\u00f3n ser\u00e1 que la Feria Internacional del Libro Infantil y Juvenil no se limitar\u00e1 a Pachuca. Como parte de la estrategia para acercar las expresiones culturales a m\u00e1s comunidades, se desarrollar\u00e1n tres rutas por diferentes zonas del estado: la Huasteca, la Otom\u00ed-Tepehua y la Sierra Gorda.<\/p>\n\n\n\n<p class=\"wp-block-paragraph\">La programaci\u00f3n regional contempla la visita a 12 municipios del 11 al 14 de agosto, con actividades dise\u00f1adas para ni\u00f1as, ni\u00f1os, j\u00f3venes, familias y p\u00fablico en general.<\/p>\n\n\n\n<p class=\"wp-block-paragraph\">En estos municipios se realizar\u00e1n narraciones orales, presentaciones de libros, talleres, lecturas en voz alta, cuentacuentos y espect\u00e1culos esc\u00e9nicos, con el prop\u00f3sito de que el acceso a la lectura y a las distintas manifestaciones art\u00edsticas no dependa de la posibilidad de trasladarse a la capital hidalguense.<\/p>\n\n\n\n<p class=\"wp-block-paragraph\">Naranjo Baltazar subray\u00f3 que la selecci\u00f3n de las regiones responde precisamente a la pol\u00edtica cultural estatal de descentralizar y deselitizar el arte y la cultura, bajo la premisa de que el acceso a la lectura constituye un derecho.<\/p>\n\n\n\n<p class=\"wp-block-paragraph\">De esta manera, la Feria Internacional del Libro Infantil y Juvenil 2026 ampl\u00eda sus fronteras en dos sentidos: incorpora una participaci\u00f3n internacional in\u00e9dita, al tiempo que acerca sus actividades a las comunidades de distintas regiones de Hidalgo.<\/p>\n\n\n\n<p class=\"wp-block-paragraph\">La Secretar\u00eda de Cultura invita a la poblaci\u00f3n a consultar la cartelera y horarios a trav\u00e9s de sus redes sociales oficiales, particularmente en Facebook, as\u00ed como a mantenerse atenta a la difusi\u00f3n que realizar\u00e1 los municipios participantes.<\/p>\n","protected":false},"excerpt":{"rendered":"<p>Por Redacci\u00f3n\/Zunoticia Pachuca de Soto, Hgo.- Con una oferta que trasciende fronteras, Hidalgo celebrar\u00e1 del 31 de julio al 9 de agosto en Pachuca, su primera Feria Internacional del Libro Infantil y Juvenil 2026, con una programaci\u00f3n que reunir\u00e1 m\u00e1s de 200 actividades y la participaci\u00f3n de creadores y escritores provenientes de 10 pa\u00edses, adem\u00e1s&hellip; <a class=\"more-link\" href=\"https:\/\/www.zunoticia.com\/noticias-de-hidalgo\/2026\/07\/26\/la-feria-del-libro-infantil-y-juvenil-se-internacionaliza-y-extiende-la-cultura-a-12-municipios\/\">Seguir leyendo <span class=\"screen-reader-text\">La Feria del Libro Infantil y Juvenil se internacionaliza y extiende la cultura a 12 municipios<\/span><\/a><\/p>\n","protected":false},"author":12,"featured_media":643726,"comment_status":"open","ping_status":"open","sticky":false,"template":"","format":"standard","meta":{"rop_custom_images_group":[],"rop_custom_messages_group":[],"rop_publish_now":"initial","rop_publish_now_accounts":{"facebook_10159540855086992_322828327761733":""},"rop_publish_now_history":[],"rop_publish_now_status":"pending","footnotes":""},"categories":[208],"tags":[214],"class_list":["post-643733","post","type-post","status-publish","format-standard","has-post-thumbnail","hentry","category-estado","tag-estado","entry"],"_links":{"self":[{"href":"https:\/\/www.zunoticia.com\/noticias-de-hidalgo\/wp-json\/wp\/v2\/posts\/643733","targetHints":{"allow":["GET"]}}],"collection":[{"href":"https:\/\/www.zunoticia.com\/noticias-de-hidalgo\/wp-json\/wp\/v2\/posts"}],"about":[{"href":"https:\/\/www.zunoticia.com\/noticias-de-hidalgo\/wp-json\/wp\/v2\/types\/post"}],"author":[{"embeddable":true,"href":"https:\/\/www.zunoticia.com\/noticias-de-hidalgo\/wp-json\/wp\/v2\/users\/12"}],"replies":[{"embeddable":true,"href":"https:\/\/www.zunoticia.com\/noticias-de-hidalgo\/wp-json\/wp\/v2\/comments?post=643733"}],"version-history":[{"count":1,"href":"https:\/\/www.zunoticia.com\/noticias-de-hidalgo\/wp-json\/wp\/v2\/posts\/643733\/revisions"}],"predecessor-version":[{"id":643734,"href":"https:\/\/www.zunoticia.com\/noticias-de-hidalgo\/wp-json\/wp\/v2\/posts\/643733\/revisions\/643734"}],"wp:featuredmedia":[{"embeddable":true,"href":"https:\/\/www.zunoticia.com\/noticias-de-hidalgo\/wp-json\/wp\/v2\/media\/643726"}],"wp:attachment":[{"href":"https:\/\/www.zunoticia.com\/noticias-de-hidalgo\/wp-json\/wp\/v2\/media?parent=643733"}],"wp:term":[{"taxonomy":"category","embeddable":true,"href":"https:\/\/www.zunoticia.com\/noticias-de-hidalgo\/wp-json\/wp\/v2\/categories?post=643733"},{"taxonomy":"post_tag","embeddable":true,"href":"https:\/\/www.zunoticia.com\/noticias-de-hidalgo\/wp-json\/wp\/v2\/tags?post=643733"}],"curies":[{"name":"wp","href":"https:\/\/api.w.org\/{rel}","templated":true}]}}