{"id":644293,"date":"2026-08-02T14:02:49","date_gmt":"2026-08-02T20:02:49","guid":{"rendered":"https:\/\/www.zunoticia.com\/noticias-de-hidalgo\/?p=644293"},"modified":"2026-08-02T14:02:50","modified_gmt":"2026-08-02T20:02:50","slug":"gobierno-de-hidalgo-consolida-el-trabajo-conjunto-con-la-ciudadania-y-los-sectores-sociales","status":"publish","type":"post","link":"https:\/\/www.zunoticia.com\/noticias-de-hidalgo\/2026\/08\/02\/gobierno-de-hidalgo-consolida-el-trabajo-conjunto-con-la-ciudadania-y-los-sectores-sociales\/","title":{"rendered":"Gobierno de Hidalgo consolida el trabajo conjunto con la ciudadan\u00eda y los sectores sociales"},"content":{"rendered":"<aside class=\"mashsb-container mashsb-main mashsb-stretched\"><div class=\"mashsb-box\"><div class=\"mashsb-count mash-large\" style=\"&quot;\"><div class=\"counts mashsbcount\">0<\/div><span class=\"mashsb-sharetext\">SHARES<\/span><\/div><div class=\"mashsb-buttons\"><a class=\"mashicon-facebook mash-large mash-center mashsb-noshadow\" href=\"https:\/\/www.facebook.com\/sharer.php?u=https%3A%2F%2Fwww.zunoticia.com%2Fnoticias-de-hidalgo%2F2026%2F08%2F02%2Fgobierno-de-hidalgo-consolida-el-trabajo-conjunto-con-la-ciudadania-y-los-sectores-sociales%2F\" target=\"_top\" rel=\"nofollow\"><span class=\"icon\"><\/span><span class=\"text\">Share<\/span><\/a><a class=\"mashicon-twitter mash-large mash-center mashsb-noshadow\" href=\"https:\/\/twitter.com\/intent\/tweet?text=&amp;url=https:\/\/www.zunoticia.com\/noticias-de-hidalgo\/2026\/08\/02\/gobierno-de-hidalgo-consolida-el-trabajo-conjunto-con-la-ciudadania-y-los-sectores-sociales\/\" target=\"_top\" rel=\"nofollow\"><span class=\"icon\"><\/span><span class=\"text\">Tweet<\/span><\/a><div class=\"onoffswitch2 mash-large mashsb-noshadow\" style=\"display:none\"><\/div><\/div>\n            <\/div>\n                <div style=\"clear:both\"><\/div><div class=\"mashsb-toggle-container\"><\/div><\/aside>\n            <!-- Share buttons by mashshare.net - Version: 4.0.47-->\n<ul class=\"wp-block-list\">\n<li>El titular de la Segobh, Guillermo Olivares Reyna, asisti\u00f3 en representaci\u00f3n del gobernador Julio Menchaca.<\/li>\n\n\n\n<li>Convocan al Club Rotario a fortalecer su presencia en el estado e impulsar el desarrollo empresarial y la inversi\u00f3n.<\/li>\n<\/ul>\n\n\n\n<p class=\"wp-block-paragraph\"><em>Por Redacci\u00f3n\/Zunoticia<\/em><\/p>\n\n\n\n<p class=\"wp-block-paragraph\"><strong>Pachuca de Soto, Hgo.-<\/strong> Como parte de una agenda de trabajo enfocada en mantener el di\u00e1logo con la ciudadan\u00eda y fortalecer la coordinaci\u00f3n con los distintos sectores de la sociedad, el titular de la Secretar\u00eda de Gobierno en Hidalgo (Segobh), Guillermo Olivares Reyna, concluy\u00f3<br>la semana al participar, en representaci\u00f3n del gobernador Julio Menchaca, en la ceremonia de Cambio de Mesa Directiva del Club Pachuca Rotary para el periodo 2026-2027.<\/p>\n\n\n\n<figure class=\"wp-block-image size-large\"><img fetchpriority=\"high\" decoding=\"async\" width=\"1024\" height=\"576\" src=\"https:\/\/www.zunoticia.com\/noticias-de-hidalgo\/wp-content\/uploads\/2026\/08\/eZy-Watermark_02-08-2026_01-06-09-6710p.m-1024x576.jpg\" alt=\"\" class=\"wp-image-644273\" srcset=\"https:\/\/www.zunoticia.com\/noticias-de-hidalgo\/wp-content\/uploads\/2026\/08\/eZy-Watermark_02-08-2026_01-06-09-6710p.m-1024x576.jpg 1024w, https:\/\/www.zunoticia.com\/noticias-de-hidalgo\/wp-content\/uploads\/2026\/08\/eZy-Watermark_02-08-2026_01-06-09-6710p.m-300x169.jpg 300w, https:\/\/www.zunoticia.com\/noticias-de-hidalgo\/wp-content\/uploads\/2026\/08\/eZy-Watermark_02-08-2026_01-06-09-6710p.m-768x432.jpg 768w, https:\/\/www.zunoticia.com\/noticias-de-hidalgo\/wp-content\/uploads\/2026\/08\/eZy-Watermark_02-08-2026_01-06-09-6710p.m-1536x864.jpg 1536w, https:\/\/www.zunoticia.com\/noticias-de-hidalgo\/wp-content\/uploads\/2026\/08\/eZy-Watermark_02-08-2026_01-06-09-6710p.m-2048x1152.jpg 2048w, https:\/\/www.zunoticia.com\/noticias-de-hidalgo\/wp-content\/uploads\/2026\/08\/eZy-Watermark_02-08-2026_01-06-09-6710p.m-1568x882.jpg 1568w\" sizes=\"(max-width: 1024px) 100vw, 1024px\" \/><\/figure>\n\n\n\n<p class=\"wp-block-paragraph\">En los \u00faltimos d\u00edas, el responsable de la pol\u00edtica interna del estado sostuvo reuniones en campo y territorio con la ciudadan\u00eda, campesinos, autoridades ejidales, delegados, presidentes municipales, colectivos de b\u00fasqueda, familiares de personas no localizadas y asociaciones civiles. Asimismo, encabez\u00f3 encuentros con representantes del sector empresarial, autoridades de los tres \u00f3rdenes de gobierno e integrantes del Gabinete de Seguridad, lo que consolid\u00f3 una agenda basada en el di\u00e1logo, la atenci\u00f3n directa y el seguimiento a los planteamientos de la poblaci\u00f3n.<\/p>\n\n\n\n<figure class=\"wp-block-image size-large\"><img decoding=\"async\" width=\"1024\" height=\"682\" src=\"https:\/\/www.zunoticia.com\/noticias-de-hidalgo\/wp-content\/uploads\/2026\/08\/eZy-Watermark_02-08-2026_01-08-31-8510p.m-1024x682.jpg\" alt=\"\" class=\"wp-image-644276\" srcset=\"https:\/\/www.zunoticia.com\/noticias-de-hidalgo\/wp-content\/uploads\/2026\/08\/eZy-Watermark_02-08-2026_01-08-31-8510p.m-1024x682.jpg 1024w, https:\/\/www.zunoticia.com\/noticias-de-hidalgo\/wp-content\/uploads\/2026\/08\/eZy-Watermark_02-08-2026_01-08-31-8510p.m-300x200.jpg 300w, https:\/\/www.zunoticia.com\/noticias-de-hidalgo\/wp-content\/uploads\/2026\/08\/eZy-Watermark_02-08-2026_01-08-31-8510p.m-768x512.jpg 768w, https:\/\/www.zunoticia.com\/noticias-de-hidalgo\/wp-content\/uploads\/2026\/08\/eZy-Watermark_02-08-2026_01-08-31-8510p.m-1536x1023.jpg 1536w, https:\/\/www.zunoticia.com\/noticias-de-hidalgo\/wp-content\/uploads\/2026\/08\/eZy-Watermark_02-08-2026_01-08-31-8510p.m-1568x1045.jpg 1568w, https:\/\/www.zunoticia.com\/noticias-de-hidalgo\/wp-content\/uploads\/2026\/08\/eZy-Watermark_02-08-2026_01-08-31-8510p.m.jpg 1600w\" sizes=\"(max-width: 1024px) 100vw, 1024px\" \/><\/figure>\n\n\n\n<p class=\"wp-block-paragraph\">Durante el acto protocolario se reconoci\u00f3 la labor del presidente saliente del Club Pachuca Rotary, Francisco Gerardo Ba\u00f1os Paz, y se dio la bienvenida al presidente en funciones, Efr\u00e9n Valencia Ibarra, quien encabezar\u00e1 los trabajos del organismo durante el periodo 2026-2027.<\/p>\n\n\n\n<p class=\"wp-block-paragraph\">En su mensaje, Olivares Reyna destac\u00f3 el papel que desempe\u00f1an las organizaciones de la sociedad civil en el desarrollo de Hidalgo e invit\u00f3 a las y los integrantes del Club Pachuca Rotary a fortalecer su presencia en la entidad mediante proyectos que impulsen el desarrollo empresarial, la inversi\u00f3n y las acciones en beneficio de las familias hidalguenses.<\/p>\n\n\n\n<figure class=\"wp-block-image size-large\"><img decoding=\"async\" width=\"1024\" height=\"682\" src=\"https:\/\/www.zunoticia.com\/noticias-de-hidalgo\/wp-content\/uploads\/2026\/08\/eZy-Watermark_02-08-2026_01-08-15-2620p.m-1024x682.jpg\" alt=\"\" class=\"wp-image-644275\" srcset=\"https:\/\/www.zunoticia.com\/noticias-de-hidalgo\/wp-content\/uploads\/2026\/08\/eZy-Watermark_02-08-2026_01-08-15-2620p.m-1024x682.jpg 1024w, https:\/\/www.zunoticia.com\/noticias-de-hidalgo\/wp-content\/uploads\/2026\/08\/eZy-Watermark_02-08-2026_01-08-15-2620p.m-300x200.jpg 300w, https:\/\/www.zunoticia.com\/noticias-de-hidalgo\/wp-content\/uploads\/2026\/08\/eZy-Watermark_02-08-2026_01-08-15-2620p.m-768x512.jpg 768w, https:\/\/www.zunoticia.com\/noticias-de-hidalgo\/wp-content\/uploads\/2026\/08\/eZy-Watermark_02-08-2026_01-08-15-2620p.m-1536x1023.jpg 1536w, https:\/\/www.zunoticia.com\/noticias-de-hidalgo\/wp-content\/uploads\/2026\/08\/eZy-Watermark_02-08-2026_01-08-15-2620p.m-1568x1045.jpg 1568w, https:\/\/www.zunoticia.com\/noticias-de-hidalgo\/wp-content\/uploads\/2026\/08\/eZy-Watermark_02-08-2026_01-08-15-2620p.m.jpg 1600w\" sizes=\"(max-width: 1024px) 100vw, 1024px\" \/><\/figure>\n\n\n\n<p class=\"wp-block-paragraph\">Asimismo, reiter\u00f3 que el gobierno de Hidalgo, encabezado por Julio Menchaca, mantiene una pol\u00edtica de cercan\u00eda y coordinaci\u00f3n con todos los sectores de la sociedad, convencido de que el trabajo conjunto entre ciudadan\u00eda, organizaciones, iniciativa privada y autoridades fortalece el desarrollo, la gobernabilidad y el bienestar de las y los hidalguenses.<\/p>\n\n\n\n<figure class=\"wp-block-image size-large\"><img loading=\"lazy\" decoding=\"async\" width=\"1024\" height=\"576\" src=\"https:\/\/www.zunoticia.com\/noticias-de-hidalgo\/wp-content\/uploads\/2026\/08\/eZy-Watermark_02-08-2026_01-07-35-9450p.m-1024x576.jpg\" alt=\"\" class=\"wp-image-644274\" srcset=\"https:\/\/www.zunoticia.com\/noticias-de-hidalgo\/wp-content\/uploads\/2026\/08\/eZy-Watermark_02-08-2026_01-07-35-9450p.m-1024x576.jpg 1024w, https:\/\/www.zunoticia.com\/noticias-de-hidalgo\/wp-content\/uploads\/2026\/08\/eZy-Watermark_02-08-2026_01-07-35-9450p.m-300x169.jpg 300w, https:\/\/www.zunoticia.com\/noticias-de-hidalgo\/wp-content\/uploads\/2026\/08\/eZy-Watermark_02-08-2026_01-07-35-9450p.m-768x432.jpg 768w, https:\/\/www.zunoticia.com\/noticias-de-hidalgo\/wp-content\/uploads\/2026\/08\/eZy-Watermark_02-08-2026_01-07-35-9450p.m-1536x864.jpg 1536w, https:\/\/www.zunoticia.com\/noticias-de-hidalgo\/wp-content\/uploads\/2026\/08\/eZy-Watermark_02-08-2026_01-07-35-9450p.m-2048x1152.jpg 2048w, https:\/\/www.zunoticia.com\/noticias-de-hidalgo\/wp-content\/uploads\/2026\/08\/eZy-Watermark_02-08-2026_01-07-35-9450p.m-1568x882.jpg 1568w\" sizes=\"(max-width: 1024px) 100vw, 1024px\" \/><\/figure>\n","protected":false},"excerpt":{"rendered":"<p>Por Redacci\u00f3n\/Zunoticia Pachuca de Soto, Hgo.- Como parte de una agenda de trabajo enfocada en mantener el di\u00e1logo con la ciudadan\u00eda y fortalecer la coordinaci\u00f3n con los distintos sectores de la sociedad, el titular de la Secretar\u00eda de Gobierno en Hidalgo (Segobh), Guillermo Olivares Reyna, concluy\u00f3la semana al participar, en representaci\u00f3n del gobernador Julio Menchaca,&hellip; <a class=\"more-link\" href=\"https:\/\/www.zunoticia.com\/noticias-de-hidalgo\/2026\/08\/02\/gobierno-de-hidalgo-consolida-el-trabajo-conjunto-con-la-ciudadania-y-los-sectores-sociales\/\">Seguir leyendo <span class=\"screen-reader-text\">Gobierno de Hidalgo consolida el trabajo conjunto con la ciudadan\u00eda y los sectores sociales<\/span><\/a><\/p>\n","protected":false},"author":12,"featured_media":644277,"comment_status":"open","ping_status":"open","sticky":false,"template":"","format":"standard","meta":{"rop_custom_images_group":[],"rop_custom_messages_group":[],"rop_publish_now":"initial","rop_publish_now_accounts":{"facebook_10159540855086992_322828327761733":""},"rop_publish_now_history":[],"rop_publish_now_status":"pending","footnotes":""},"categories":[208],"tags":[214],"class_list":["post-644293","post","type-post","status-publish","format-standard","has-post-thumbnail","hentry","category-estado","tag-estado","entry"],"_links":{"self":[{"href":"https:\/\/www.zunoticia.com\/noticias-de-hidalgo\/wp-json\/wp\/v2\/posts\/644293","targetHints":{"allow":["GET"]}}],"collection":[{"href":"https:\/\/www.zunoticia.com\/noticias-de-hidalgo\/wp-json\/wp\/v2\/posts"}],"about":[{"href":"https:\/\/www.zunoticia.com\/noticias-de-hidalgo\/wp-json\/wp\/v2\/types\/post"}],"author":[{"embeddable":true,"href":"https:\/\/www.zunoticia.com\/noticias-de-hidalgo\/wp-json\/wp\/v2\/users\/12"}],"replies":[{"embeddable":true,"href":"https:\/\/www.zunoticia.com\/noticias-de-hidalgo\/wp-json\/wp\/v2\/comments?post=644293"}],"version-history":[{"count":1,"href":"https:\/\/www.zunoticia.com\/noticias-de-hidalgo\/wp-json\/wp\/v2\/posts\/644293\/revisions"}],"predecessor-version":[{"id":644294,"href":"https:\/\/www.zunoticia.com\/noticias-de-hidalgo\/wp-json\/wp\/v2\/posts\/644293\/revisions\/644294"}],"wp:featuredmedia":[{"embeddable":true,"href":"https:\/\/www.zunoticia.com\/noticias-de-hidalgo\/wp-json\/wp\/v2\/media\/644277"}],"wp:attachment":[{"href":"https:\/\/www.zunoticia.com\/noticias-de-hidalgo\/wp-json\/wp\/v2\/media?parent=644293"}],"wp:term":[{"taxonomy":"category","embeddable":true,"href":"https:\/\/www.zunoticia.com\/noticias-de-hidalgo\/wp-json\/wp\/v2\/categories?post=644293"},{"taxonomy":"post_tag","embeddable":true,"href":"https:\/\/www.zunoticia.com\/noticias-de-hidalgo\/wp-json\/wp\/v2\/tags?post=644293"}],"curies":[{"name":"wp","href":"https:\/\/api.w.org\/{rel}","templated":true}]}}