{"id":644325,"date":"2026-08-02T17:49:32","date_gmt":"2026-08-02T23:49:32","guid":{"rendered":"https:\/\/www.zunoticia.com\/noticias-de-hidalgo\/?p=644325"},"modified":"2026-08-02T17:49:33","modified_gmt":"2026-08-02T23:49:33","slug":"tianguis-dominical-activo-por-temporada-vacacional-de-verano","status":"publish","type":"post","link":"https:\/\/www.zunoticia.com\/noticias-de-hidalgo\/2026\/08\/02\/tianguis-dominical-activo-por-temporada-vacacional-de-verano\/","title":{"rendered":"Tianguis Dominical activo por temporada vacacional de verano"},"content":{"rendered":"<aside class=\"mashsb-container mashsb-main mashsb-stretched\"><div class=\"mashsb-box\"><div class=\"mashsb-count mash-large\" style=\"&quot;\"><div class=\"counts mashsbcount\">0<\/div><span class=\"mashsb-sharetext\">SHARES<\/span><\/div><div class=\"mashsb-buttons\"><a class=\"mashicon-facebook mash-large mash-center mashsb-noshadow\" href=\"https:\/\/www.facebook.com\/sharer.php?u=https%3A%2F%2Fwww.zunoticia.com%2Fnoticias-de-hidalgo%2F2026%2F08%2F02%2Ftianguis-dominical-activo-por-temporada-vacacional-de-verano%2F\" target=\"_top\" rel=\"nofollow\"><span class=\"icon\"><\/span><span class=\"text\">Share<\/span><\/a><a class=\"mashicon-twitter mash-large mash-center mashsb-noshadow\" href=\"https:\/\/twitter.com\/intent\/tweet?text=&amp;url=https:\/\/www.zunoticia.com\/noticias-de-hidalgo\/2026\/08\/02\/tianguis-dominical-activo-por-temporada-vacacional-de-verano\/\" target=\"_top\" rel=\"nofollow\"><span class=\"icon\"><\/span><span class=\"text\">Tweet<\/span><\/a><div class=\"onoffswitch2 mash-large mashsb-noshadow\" style=\"display:none\"><\/div><\/div>\n            <\/div>\n                <div style=\"clear:both\"><\/div><div class=\"mashsb-toggle-container\"><\/div><\/aside>\n            <!-- Share buttons by mashshare.net - Version: 4.0.47-->\n<p class=\"wp-block-paragraph\"><em>Por Gabriela Hern\u00e1ndez\/Zunoticia<\/em><\/p>\n\n\n\n<p class=\"wp-block-paragraph\"><strong>Huejutla, Hgo.-<\/strong> El Tianguis Dominical de Huejutla registra una alta afluencia de visitantes y un repunte comercial debido al periodo vacacional de verano.<\/p>\n\n\n\n<figure class=\"wp-block-image size-large\"><img fetchpriority=\"high\" decoding=\"async\" width=\"1024\" height=\"768\" src=\"https:\/\/www.zunoticia.com\/noticias-de-hidalgo\/wp-content\/uploads\/2026\/08\/eZy-Watermark_02-08-2026_03-57-46-2110p.m-1024x768.jpg\" alt=\"\" class=\"wp-image-644306\" srcset=\"https:\/\/www.zunoticia.com\/noticias-de-hidalgo\/wp-content\/uploads\/2026\/08\/eZy-Watermark_02-08-2026_03-57-46-2110p.m-1024x768.jpg 1024w, https:\/\/www.zunoticia.com\/noticias-de-hidalgo\/wp-content\/uploads\/2026\/08\/eZy-Watermark_02-08-2026_03-57-46-2110p.m-300x225.jpg 300w, https:\/\/www.zunoticia.com\/noticias-de-hidalgo\/wp-content\/uploads\/2026\/08\/eZy-Watermark_02-08-2026_03-57-46-2110p.m-768x576.jpg 768w, https:\/\/www.zunoticia.com\/noticias-de-hidalgo\/wp-content\/uploads\/2026\/08\/eZy-Watermark_02-08-2026_03-57-46-2110p.m.jpg 1280w\" sizes=\"(max-width: 1024px) 100vw, 1024px\" \/><\/figure>\n\n\n\n<p class=\"wp-block-paragraph\">Los comerciantes locales confirman que la llegada de turistas y familias de diversas comunidades de la Huasteca mantiene el lugar lleno y din\u00e1mico.<\/p>\n\n\n\n<figure class=\"wp-block-image size-large\"><img decoding=\"async\" width=\"1024\" height=\"768\" src=\"https:\/\/www.zunoticia.com\/noticias-de-hidalgo\/wp-content\/uploads\/2026\/08\/eZy-Watermark_02-08-2026_03-56-10-0860p.m-1024x768.jpg\" alt=\"\" class=\"wp-image-644308\" srcset=\"https:\/\/www.zunoticia.com\/noticias-de-hidalgo\/wp-content\/uploads\/2026\/08\/eZy-Watermark_02-08-2026_03-56-10-0860p.m-1024x768.jpg 1024w, https:\/\/www.zunoticia.com\/noticias-de-hidalgo\/wp-content\/uploads\/2026\/08\/eZy-Watermark_02-08-2026_03-56-10-0860p.m-300x225.jpg 300w, https:\/\/www.zunoticia.com\/noticias-de-hidalgo\/wp-content\/uploads\/2026\/08\/eZy-Watermark_02-08-2026_03-56-10-0860p.m-768x576.jpg 768w, https:\/\/www.zunoticia.com\/noticias-de-hidalgo\/wp-content\/uploads\/2026\/08\/eZy-Watermark_02-08-2026_03-56-10-0860p.m.jpg 1280w\" sizes=\"(max-width: 1024px) 100vw, 1024px\" \/><\/figure>\n\n\n\n<p class=\"wp-block-paragraph\">Las vacaciones incrementan las ventas de productos de temporada, artesan\u00edas y comida regional, en donde habitantes de toda la regi\u00f3n bajan al centro del municipio para vender o surtirse.<\/p>\n\n\n\n<figure class=\"wp-block-image size-large\"><img decoding=\"async\" width=\"1024\" height=\"768\" src=\"https:\/\/www.zunoticia.com\/noticias-de-hidalgo\/wp-content\/uploads\/2026\/08\/eZy-Watermark_02-08-2026_03-58-02-0130p.m-1024x768.jpg\" alt=\"\" class=\"wp-image-644309\" srcset=\"https:\/\/www.zunoticia.com\/noticias-de-hidalgo\/wp-content\/uploads\/2026\/08\/eZy-Watermark_02-08-2026_03-58-02-0130p.m-1024x768.jpg 1024w, https:\/\/www.zunoticia.com\/noticias-de-hidalgo\/wp-content\/uploads\/2026\/08\/eZy-Watermark_02-08-2026_03-58-02-0130p.m-300x225.jpg 300w, https:\/\/www.zunoticia.com\/noticias-de-hidalgo\/wp-content\/uploads\/2026\/08\/eZy-Watermark_02-08-2026_03-58-02-0130p.m-768x576.jpg 768w, https:\/\/www.zunoticia.com\/noticias-de-hidalgo\/wp-content\/uploads\/2026\/08\/eZy-Watermark_02-08-2026_03-58-02-0130p.m.jpg 1280w\" sizes=\"(max-width: 1024px) 100vw, 1024px\" \/><\/figure>\n\n\n\n<p class=\"wp-block-paragraph\">Vendedores establecidos en el \u00e1rea de la plaza de ma\u00edz hicieron un llamado a la poblaci\u00f3n para continuar apoyando al comercio local, encontrando gran variedad de frutas de temporada, como el jobo, lim\u00f3n, aguacates, etc.<\/p>\n\n\n\n<figure class=\"wp-block-image size-large\"><img loading=\"lazy\" decoding=\"async\" width=\"1024\" height=\"768\" src=\"https:\/\/www.zunoticia.com\/noticias-de-hidalgo\/wp-content\/uploads\/2026\/08\/eZy-Watermark_02-08-2026_03-58-22-1100p.m-1024x768.jpg\" alt=\"\" class=\"wp-image-644310\" srcset=\"https:\/\/www.zunoticia.com\/noticias-de-hidalgo\/wp-content\/uploads\/2026\/08\/eZy-Watermark_02-08-2026_03-58-22-1100p.m-1024x768.jpg 1024w, https:\/\/www.zunoticia.com\/noticias-de-hidalgo\/wp-content\/uploads\/2026\/08\/eZy-Watermark_02-08-2026_03-58-22-1100p.m-300x225.jpg 300w, https:\/\/www.zunoticia.com\/noticias-de-hidalgo\/wp-content\/uploads\/2026\/08\/eZy-Watermark_02-08-2026_03-58-22-1100p.m-768x576.jpg 768w, https:\/\/www.zunoticia.com\/noticias-de-hidalgo\/wp-content\/uploads\/2026\/08\/eZy-Watermark_02-08-2026_03-58-22-1100p.m.jpg 1280w\" sizes=\"(max-width: 1024px) 100vw, 1024px\" \/><\/figure>\n\n\n\n<p class=\"wp-block-paragraph\">Adem\u00e1s, agradecieron la preferencia de los habitantes de las comunidades de la Huasteca, quienes destinan tiempo para acudir a Huejutla a realizar sus compras, as\u00ed como a los visitantes provenientes de otros municipios y estados que llegan durante la temporada vacacional.<\/p>\n\n\n\n<p class=\"wp-block-paragraph\">Durante el pr\u00f3ximo fin de semana se espera tener el Tianguis Dominical abarrotado por las diversas arterias que comprenden el sector comercial, esto por la realizaci\u00f3n de festival del Tlajtoli, en su segunda edici\u00f3n, que promete tener a m\u00e1s de 10,000 mil visitantes de varios municipios y estados vecinos.<\/p>\n","protected":false},"excerpt":{"rendered":"<p>Por Gabriela Hern\u00e1ndez\/Zunoticia Huejutla, Hgo.- El Tianguis Dominical de Huejutla registra una alta afluencia de visitantes y un repunte comercial debido al periodo vacacional de verano. Los comerciantes locales confirman que la llegada de turistas y familias de diversas comunidades de la Huasteca mantiene el lugar lleno y din\u00e1mico. Las vacaciones incrementan las ventas de&hellip; <a class=\"more-link\" href=\"https:\/\/www.zunoticia.com\/noticias-de-hidalgo\/2026\/08\/02\/tianguis-dominical-activo-por-temporada-vacacional-de-verano\/\">Seguir leyendo <span class=\"screen-reader-text\">Tianguis Dominical activo por temporada vacacional de verano<\/span><\/a><\/p>\n","protected":false},"author":12,"featured_media":644307,"comment_status":"open","ping_status":"open","sticky":false,"template":"","format":"standard","meta":{"rop_custom_images_group":[],"rop_custom_messages_group":[],"rop_publish_now":"initial","rop_publish_now_accounts":{"facebook_10159540855086992_322828327761733":""},"rop_publish_now_history":[],"rop_publish_now_status":"pending","footnotes":""},"categories":[181],"tags":[121],"class_list":["post-644325","post","type-post","status-publish","format-standard","has-post-thumbnail","hentry","category-huejutla","tag-huejutla","entry"],"_links":{"self":[{"href":"https:\/\/www.zunoticia.com\/noticias-de-hidalgo\/wp-json\/wp\/v2\/posts\/644325","targetHints":{"allow":["GET"]}}],"collection":[{"href":"https:\/\/www.zunoticia.com\/noticias-de-hidalgo\/wp-json\/wp\/v2\/posts"}],"about":[{"href":"https:\/\/www.zunoticia.com\/noticias-de-hidalgo\/wp-json\/wp\/v2\/types\/post"}],"author":[{"embeddable":true,"href":"https:\/\/www.zunoticia.com\/noticias-de-hidalgo\/wp-json\/wp\/v2\/users\/12"}],"replies":[{"embeddable":true,"href":"https:\/\/www.zunoticia.com\/noticias-de-hidalgo\/wp-json\/wp\/v2\/comments?post=644325"}],"version-history":[{"count":1,"href":"https:\/\/www.zunoticia.com\/noticias-de-hidalgo\/wp-json\/wp\/v2\/posts\/644325\/revisions"}],"predecessor-version":[{"id":644326,"href":"https:\/\/www.zunoticia.com\/noticias-de-hidalgo\/wp-json\/wp\/v2\/posts\/644325\/revisions\/644326"}],"wp:featuredmedia":[{"embeddable":true,"href":"https:\/\/www.zunoticia.com\/noticias-de-hidalgo\/wp-json\/wp\/v2\/media\/644307"}],"wp:attachment":[{"href":"https:\/\/www.zunoticia.com\/noticias-de-hidalgo\/wp-json\/wp\/v2\/media?parent=644325"}],"wp:term":[{"taxonomy":"category","embeddable":true,"href":"https:\/\/www.zunoticia.com\/noticias-de-hidalgo\/wp-json\/wp\/v2\/categories?post=644325"},{"taxonomy":"post_tag","embeddable":true,"href":"https:\/\/www.zunoticia.com\/noticias-de-hidalgo\/wp-json\/wp\/v2\/tags?post=644325"}],"curies":[{"name":"wp","href":"https:\/\/api.w.org\/{rel}","templated":true}]}}